{"id":120038,"date":"2017-08-11T22:57:22","date_gmt":"2017-08-12T00:57:22","guid":{"rendered":"http:\/\/aconteceunovale.com.br\/portal\/?p=120038"},"modified":"2017-08-11T22:57:22","modified_gmt":"2017-08-12T00:57:22","slug":"policia-rodoviaria-de-minas-gerais-alerta-condutores-a-redobrar-a-atencao-nas-rodovias","status":"publish","type":"post","link":"https:\/\/aconteceunovale.com.br\/portal\/?p=120038","title":{"rendered":"Pol\u00edcia Rodovi\u00e1ria de Minas Gerais alerta condutores a redobrar a aten\u00e7\u00e3o nas rodovias"},"content":{"rendered":"<p>As f\u00e9rias mal acabaram, mas quem gosta de viajar ter\u00e1 novas oportunidades para tirar o carro da garagem. Segundo o calend\u00e1rio, deste m\u00eas de agosto at\u00e9 mar\u00e7o de 2018 haver\u00e1 feriados prolongados em todos os meses. O primeiro, em homenagem \u00e0 Assun\u00e7\u00e3o de Nossa Senhora, come\u00e7a neste fim de semana e abrange Belo Horizonte e v\u00e1rias outras cidades mineiras.<\/p>\n<p>Para aproveitar bem os per\u00edodos de folga, por\u00e9m, os motoristas devem redobrar a aten\u00e7\u00e3o ao volante para evitar acidentes, alerta o Batalh\u00e3o de Pol\u00edcia Militar Rodovi\u00e1ria (BPMRv).<\/p>\n<p>\u201cA imprud\u00eancia, a falta de aten\u00e7\u00e3o, e a irresponsabilidade dos condutores continuam sendo as principais causas de acidentes de tr\u00e2nsito nas estradas mineiras\u201d, afirma o chefe da Assessoria de Comunica\u00e7\u00e3o Organizacional do BPMRv, tenente Fernando Armani.<\/p>\n<p><img decoding=\"async\" src=\"http:\/\/aconteceunovale.com.br\/portal\/wp-content\/uploads\/2017\/08\/viagem_feriado.jpg\" alt=\"\" \/><em>Refor\u00e7ar medidas de seguran\u00e7a garante viagem tranquila (Foto: M\u00e9rcia Lemos)<\/em><br \/>\n<\/br><\/p>\n<p><strong>Refor\u00e7o da seguran\u00e7a<\/strong><\/p>\n<p>Refor\u00e7ar algumas medidas de seguran\u00e7a \u00e9 o primeiro passo para garantir uma viagem tranquila. A manuten\u00e7\u00e3o pr\u00e9via do ve\u00edculo \u00e9 essencial. \u00c9 preciso verificar o sistema el\u00e9trico do carro, o n\u00edvel dos fluidos (\u00e1gua, \u00f3leo, combust\u00edvel) e os limpadores de para-brisa. Nada disso, por\u00e9m, impedir\u00e1 que o motorista sofra as penalidades devidas se a documenta\u00e7\u00e3o do ve\u00edculo n\u00e3o estiver em dia.<\/p>\n<p>\u201cNas rodovias, o motorista sempre deve estar atento ao tr\u00e2nsito. O uso de telefones celulares \u00e9 proibido. Se estiver com crian\u00e7as, o condutor precisa utilizar os dispositivos de reten\u00e7\u00e3o de forma correta, al\u00e9m de usar o cinto de seguran\u00e7a. Tamb\u00e9m \u00e9 imprescind\u00edvel respeitar o limite de velocidade para evitar que acidentes aconte\u00e7am\u201d, ressalta o tenente Armani.<\/p>\n<p>Quem tem beb\u00ea de at\u00e9 um ano de idade deve utilizar o beb\u00ea conforto. Crian\u00e7as de 1 a 4 anos precisam usar a cadeirinha; as de 4 a 7 anos, o assento de eleva\u00e7\u00e3o. Entre 7 e os 10 anos, elas podem viajar no banco de tr\u00e1s, sempre utilizando o cinto de seguran\u00e7a. Somente ap\u00f3s esta idade \u00e9 permitido viajar no banco da frente.<\/p>\n<p>Segundo Armani, manter a dist\u00e2ncia de seguran\u00e7a em rela\u00e7\u00e3o ao ve\u00edculo da frente \u00e9 outra medida importante, uma vez que o fluxo de ve\u00edculos aumenta de forma significativa nesses per\u00edodos. \u201cEsta dist\u00e2ncia ajuda e muito a evitar acidentes\u201d, afirma.<\/p>\n<p><strong>Pneus em dia<\/strong><\/p>\n<p>As condi\u00e7\u00f5es de rodagem e calibragem dos pneus, incluindo o estepe, merecem aten\u00e7\u00e3o especial, pois andar com pneu \u201ccareca\u201d, al\u00e9m de ser proibido pela legisla\u00e7\u00e3o de tr\u00e2nsito, pode causar acidentes fatais.<\/p>\n<p>O desgaste m\u00e1ximo do pneu \u00e9 de 1.6 mm de profundidade dos sulcos. Abaixo dessa medida, ele deve ser trocado. O motorista pode vistoriar o equipamento periodicamente, pois os pneus v\u00eam com ressaltos na base dos sulcos para indicar o limite de seguran\u00e7a sem a necessidade de se usar um medidor.<\/p>\n<p>Feito isso, o condutor reduz de forma significativa a possibilidade de acontecer derrapagens laterais mesmo em pista seca. O risco de furos e cortes na banda de rodagem tamb\u00e9m cai, enquanto o espa\u00e7o necess\u00e1rio para frenagem aumenta. Com os pneus em dia, se a pista estiver molhada, a chance de derrapagem \u00e9 menor.<\/p>\n<p>Mas se o motorista utiliza muito o ve\u00edculo ou pretende aproveitar todos os feriados para viajar, o melhor \u00e9 conferir os pneus semanalmente para evitar desgaste precoce. Para isso, \u00e9 necess\u00e1rio calibr\u00e1-los de acordo com a indica\u00e7\u00e3o do manual do fabricante, al\u00e9m de fazer o rod\u00edzio peri\u00f3dico e evitar sobrecarga de peso. Tamb\u00e9m \u00e9 preciso fazer a manuten\u00e7\u00e3o preventiva de componentes do ve\u00edculo que atuam diretamente sobre os pneus.<\/p>\n<p>Outras a\u00e7\u00f5es que fazem a diferen\u00e7a na hora de conservar os pneus do ve\u00edculo s\u00e3o o alinhamento do sistema de dire\u00e7\u00e3o e suspens\u00e3o e o balanceamento, de acordo com o manual de fabrica\u00e7\u00e3o. Os mesmos cuidados devem ser adotados com os estepes.<\/p>\n<p><strong>Dire\u00e7\u00e3o defensiva<\/strong><\/p>\n<p>O respeito \u00e0s leis de tr\u00e2nsito, bem como a pr\u00e1tica da dire\u00e7\u00e3o defensiva aumentam a possibilidade de rea\u00e7\u00e3o do motorista se houver algum imprevisto.<\/p>\n<p>\u201cAgindo dessa forma, o condutor evitar\u00e1 colis\u00f5es e atropelamentos no caso de uma parada repentina do ve\u00edculo \u00e0 frente ou quando um pedestre atravessar, indevidamente, a pista principal da rodovia\u201d, assinala o tenente.<\/p>\n<p>Nos dias de chuva, a aten\u00e7\u00e3o deve ser ainda maior. Exemplo disso \u00e9 quando ocorre aquaplanagem. Nesse caso, o condutor precisa diminuir a velocidade antes da po\u00e7a de \u00e1gua e n\u00e3o deve acionar os freios quando passar por ela. Tamb\u00e9m \u00e9 importante segurar o volante de forma adequada, a fim de manter o controle do ve\u00edculo.<\/p>\n<p><strong>Opera\u00e7\u00f5es preventivas<\/strong><\/p>\n<p>Neste feriado, a tecnologia ser\u00e1 uma aliada do BPMRv, que realizar\u00e1 opera\u00e7\u00f5es em pontos estrat\u00e9gicos nas rodovias. Ser\u00e3o utilizados equipamentos como o etil\u00f4metro, mais conhecido como baf\u00f4metro; OCR, que faz a leitura das placas; lux\u00edmetro, que mede a intensidade de luz nos vidros; e a lombada port\u00e1til.<\/p>\n<p>\u201c\u00c9 importante que o motorista tenha paci\u00eancia e respeite outros usu\u00e1rios da via. Nosso objetivo \u00e9 sempre mostrar ao condutor que a pacifica\u00e7\u00e3o no tr\u00e2nsito depende da postura dele. \u00c9 importante que ele se sinta parte do tr\u00e2nsito e participe ativamente dessa mudan\u00e7a\u201d, recomenda o tenente Armani.<\/p>\n<p><img decoding=\"async\" src=\"http:\/\/aconteceunovale.com.br\/portal\/wp-content\/uploads\/2017\/08\/viagem_feriado2.jpg\" alt=\"\" \/><br \/>\n<\/br><\/p>\n<p><strong>VER PRIMEIRO<\/strong><\/p>\n<p>Receba as not\u00edcias do Aconteceu no Vale em primeira m\u00e3o. Clique em curtir no endere\u00e7o <a href=\"https:\/\/www.facebook.com\/aconteceunovale\" target=\"_blank\"><font color=\"red\">www.facebook.com\/aconteceunovale<\/font><\/a> ou no box abaixo:<\/p>\n<div class=\"fb-like\" data-href=\"https:\/\/www.facebook.com\/aconteceunovale\" data-width=\"120\" data-layout=\"standard\" data-action=\"like\" data-size=\"small\" data-show-faces=\"true\" data-share=\"true\"><\/div>\n<p><\/br><\/p>\n<p><em>(Fonte: Ag\u00eancia Minas)<\/em><\/p>\n","protected":false},"excerpt":{"rendered":"<p>As f\u00e9rias mal acabaram, mas quem gosta de viajar ter\u00e1 novas oportunidades para tirar o carro da garagem. Segundo o calend\u00e1rio, deste m\u00eas de agosto at\u00e9 mar\u00e7o de 2018 haver\u00e1 feriados prolongados em todos os meses. O primeiro, em homenagem \u00e0 Assun\u00e7\u00e3o de Nossa Senhora, come\u00e7a neste fim de semana e abrange Belo Horizonte e [&hellip;]<\/p>\n","protected":false},"author":1,"featured_media":120039,"comment_status":"open","ping_status":"closed","sticky":false,"template":"","format":"standard","meta":{"amp_status":"","footnotes":""},"categories":[123],"tags":[157247,157248,194,104087,76622,132,157252,31285,157250,157251,28187,157249,126518,72360,50652,157254,157253],"class_list":["post-120038","post","type-post","status-publish","format-standard","has-post-thumbnail","hentry","category-gerais","tag-assuncao-de-nossa-senhora","tag-batalhao-de-policia-militar-rodoviaria","tag-belo-horizonte","tag-bpmrv","tag-br-356","tag-capelinha","tag-como-viajar-seguro","tag-dicas-de-seguranca","tag-dicas-de-seguranca-no-feriado","tag-dicas-para-viagem-segura","tag-feriado","tag-fernando-armani","tag-lmg-800","tag-mg-010","tag-mg-424","tag-policia-rodoviaria-de-minas-gerais-alerta-condutores-a-redobrar-a-atencao-nas-rodovias","tag-seguranca-nas-estradas"],"yoast_head":"<!-- This site is optimized with the Yoast SEO plugin v28.3 - https:\/\/yoast.com\/product\/yoast-seo-wordpress\/ -->\n<title>Pol\u00edcia Rodovi\u00e1ria de Minas Gerais alerta condutores a redobrar a aten\u00e7\u00e3o nas rodovias - Aconteceu no Vale<\/title>\n<meta name=\"robots\" content=\"index, follow, max-snippet:-1, max-image-preview:large, max-video-preview:-1\" \/>\n<link rel=\"canonical\" href=\"https:\/\/aconteceunovale.com.br\/portal\/?p=120038\" \/>\n<meta property=\"og:locale\" content=\"pt_BR\" \/>\n<meta property=\"og:type\" content=\"article\" \/>\n<meta property=\"og:title\" content=\"Pol\u00edcia Rodovi\u00e1ria de Minas Gerais alerta condutores a redobrar a aten\u00e7\u00e3o nas rodovias - Aconteceu no Vale\" \/>\n<meta property=\"og:description\" content=\"As f\u00e9rias mal acabaram, mas quem gosta de viajar ter\u00e1 novas oportunidades para tirar o carro da garagem. Segundo o calend\u00e1rio, deste m\u00eas de agosto at\u00e9 mar\u00e7o de 2018 haver\u00e1 feriados prolongados em todos os meses. O primeiro, em homenagem \u00e0 Assun\u00e7\u00e3o de Nossa Senhora, come\u00e7a neste fim de semana e abrange Belo Horizonte e [&hellip;]\" \/>\n<meta property=\"og:url\" content=\"https:\/\/aconteceunovale.com.br\/portal\/?p=120038\" \/>\n<meta property=\"og:site_name\" content=\"Aconteceu no Vale\" \/>\n<meta property=\"article:publisher\" content=\"https:\/\/www.facebook.com\/aconteceunovale\/\" \/>\n<meta property=\"article:published_time\" content=\"2017-08-12T00:57:22+00:00\" \/>\n<meta property=\"og:image\" content=\"https:\/\/aconteceunovale.com.br\/portal\/wp-content\/uploads\/2017\/08\/viagem_feriado.jpg\" \/>\n\t<meta property=\"og:image:width\" content=\"675\" \/>\n\t<meta property=\"og:image:height\" content=\"450\" \/>\n\t<meta property=\"og:image:type\" content=\"image\/jpeg\" \/>\n<meta name=\"author\" content=\"Aconteceu no Vale\" \/>\n<meta name=\"twitter:card\" content=\"summary_large_image\" \/>\n<meta name=\"twitter:creator\" content=\"@noticiadosvales\" \/>\n<meta name=\"twitter:site\" content=\"@noticiadosvales\" \/>\n<meta name=\"twitter:label1\" content=\"Escrito por\" \/>\n\t<meta name=\"twitter:data1\" content=\"Aconteceu no Vale\" \/>\n\t<meta name=\"twitter:label2\" content=\"Est. tempo de leitura\" \/>\n\t<meta name=\"twitter:data2\" content=\"5 minutos\" \/>\n<script type=\"application\/ld+json\" class=\"yoast-schema-graph\">{\"@context\":\"https:\\\/\\\/schema.org\",\"@graph\":[{\"@type\":\"Article\",\"@id\":\"https:\\\/\\\/aconteceunovale.com.br\\\/portal\\\/?p=120038#article\",\"isPartOf\":{\"@id\":\"https:\\\/\\\/aconteceunovale.com.br\\\/portal\\\/?p=120038\"},\"author\":{\"name\":\"Aconteceu no Vale\",\"@id\":\"https:\\\/\\\/aconteceunovale.com.br\\\/portal\\\/#\\\/schema\\\/person\\\/633529146f2c94272bef50ac2953d589\"},\"headline\":\"Pol\u00edcia Rodovi\u00e1ria de Minas Gerais alerta condutores a redobrar a aten\u00e7\u00e3o nas rodovias\",\"datePublished\":\"2017-08-12T00:57:22+00:00\",\"mainEntityOfPage\":{\"@id\":\"https:\\\/\\\/aconteceunovale.com.br\\\/portal\\\/?p=120038\"},\"wordCount\":944,\"commentCount\":0,\"image\":{\"@id\":\"https:\\\/\\\/aconteceunovale.com.br\\\/portal\\\/?p=120038#primaryimage\"},\"thumbnailUrl\":\"https:\\\/\\\/aconteceunovale.com.br\\\/portal\\\/wp-content\\\/uploads\\\/2017\\\/08\\\/viagem_feriado.jpg\",\"keywords\":[\"Assun\u00e7\u00e3o de Nossa Senhora\",\"Batalh\u00e3o de Pol\u00edcia Militar Rodovi\u00e1ria\",\"Belo Horizonte\",\"BPMRv\",\"BR-356\",\"Capelinha\",\"Como viajar seguro\",\"Dicas de seguran\u00e7a\",\"Dicas de seguran\u00e7a no feriado\",\"Dicas para viagem segura\",\"feriado\",\"Fernando Armani\",\"LMG-800\",\"MG-010\",\"MG-424\",\"Pol\u00edcia Rodovi\u00e1ria de Minas Gerais alerta condutores a redobrar a aten\u00e7\u00e3o nas rodovias\",\"Seguran\u00e7a nas estradas\"],\"articleSection\":[\"Minas Gerais\"],\"inLanguage\":\"pt-BR\",\"potentialAction\":[{\"@type\":\"CommentAction\",\"name\":\"Comment\",\"target\":[\"https:\\\/\\\/aconteceunovale.com.br\\\/portal\\\/?p=120038#respond\"]}]},{\"@type\":\"WebPage\",\"@id\":\"https:\\\/\\\/aconteceunovale.com.br\\\/portal\\\/?p=120038\",\"url\":\"https:\\\/\\\/aconteceunovale.com.br\\\/portal\\\/?p=120038\",\"name\":\"Pol\u00edcia Rodovi\u00e1ria de Minas Gerais alerta condutores a redobrar a aten\u00e7\u00e3o nas rodovias - Aconteceu no Vale\",\"isPartOf\":{\"@id\":\"https:\\\/\\\/aconteceunovale.com.br\\\/portal\\\/#website\"},\"primaryImageOfPage\":{\"@id\":\"https:\\\/\\\/aconteceunovale.com.br\\\/portal\\\/?p=120038#primaryimage\"},\"image\":{\"@id\":\"https:\\\/\\\/aconteceunovale.com.br\\\/portal\\\/?p=120038#primaryimage\"},\"thumbnailUrl\":\"https:\\\/\\\/aconteceunovale.com.br\\\/portal\\\/wp-content\\\/uploads\\\/2017\\\/08\\\/viagem_feriado.jpg\",\"datePublished\":\"2017-08-12T00:57:22+00:00\",\"author\":{\"@id\":\"https:\\\/\\\/aconteceunovale.com.br\\\/portal\\\/#\\\/schema\\\/person\\\/633529146f2c94272bef50ac2953d589\"},\"breadcrumb\":{\"@id\":\"https:\\\/\\\/aconteceunovale.com.br\\\/portal\\\/?p=120038#breadcrumb\"},\"inLanguage\":\"pt-BR\",\"potentialAction\":[{\"@type\":\"ReadAction\",\"target\":[\"https:\\\/\\\/aconteceunovale.com.br\\\/portal\\\/?p=120038\"]}]},{\"@type\":\"ImageObject\",\"inLanguage\":\"pt-BR\",\"@id\":\"https:\\\/\\\/aconteceunovale.com.br\\\/portal\\\/?p=120038#primaryimage\",\"url\":\"https:\\\/\\\/aconteceunovale.com.br\\\/portal\\\/wp-content\\\/uploads\\\/2017\\\/08\\\/viagem_feriado.jpg\",\"contentUrl\":\"https:\\\/\\\/aconteceunovale.com.br\\\/portal\\\/wp-content\\\/uploads\\\/2017\\\/08\\\/viagem_feriado.jpg\",\"width\":675,\"height\":450},{\"@type\":\"BreadcrumbList\",\"@id\":\"https:\\\/\\\/aconteceunovale.com.br\\\/portal\\\/?p=120038#breadcrumb\",\"itemListElement\":[{\"@type\":\"ListItem\",\"position\":1,\"name\":\"In\u00edcio\",\"item\":\"https:\\\/\\\/aconteceunovale.com.br\\\/portal\\\/\"},{\"@type\":\"ListItem\",\"position\":2,\"name\":\"Pol\u00edcia Rodovi\u00e1ria de Minas Gerais alerta condutores a redobrar a aten\u00e7\u00e3o nas rodovias\"}]},{\"@type\":\"WebSite\",\"@id\":\"https:\\\/\\\/aconteceunovale.com.br\\\/portal\\\/#website\",\"url\":\"https:\\\/\\\/aconteceunovale.com.br\\\/portal\\\/\",\"name\":\"Aconteceu no Vale\",\"description\":\"Portal de Not\u00edcias\",\"potentialAction\":[{\"@type\":\"SearchAction\",\"target\":{\"@type\":\"EntryPoint\",\"urlTemplate\":\"https:\\\/\\\/aconteceunovale.com.br\\\/portal\\\/?s={search_term_string}\"},\"query-input\":{\"@type\":\"PropertyValueSpecification\",\"valueRequired\":true,\"valueName\":\"search_term_string\"}}],\"inLanguage\":\"pt-BR\"},{\"@type\":\"Person\",\"@id\":\"https:\\\/\\\/aconteceunovale.com.br\\\/portal\\\/#\\\/schema\\\/person\\\/633529146f2c94272bef50ac2953d589\",\"name\":\"Aconteceu no Vale\",\"description\":\"Equipe de reportagem do Aconteceu no Vale, portal de not\u00edcias do Vale do Jequitinhonha, em Minas Gerais. Cobrimos as 51 cidades do Vale desde 2013. Sugest\u00f5es de pauta e pedidos de corre\u00e7\u00e3o: contato@aconteceunovale.com.br\",\"sameAs\":[\"http:\\\/\\\/www.aconteceunovale.com.br\"],\"url\":\"https:\\\/\\\/aconteceunovale.com.br\\\/portal\\\/?author=1\"}]}<\/script>\n<!-- \/ Yoast SEO plugin. -->","yoast_head_json":{"title":"Pol\u00edcia Rodovi\u00e1ria de Minas Gerais alerta condutores a redobrar a aten\u00e7\u00e3o nas rodovias - Aconteceu no Vale","robots":{"index":"index","follow":"follow","max-snippet":"max-snippet:-1","max-image-preview":"max-image-preview:large","max-video-preview":"max-video-preview:-1"},"canonical":"https:\/\/aconteceunovale.com.br\/portal\/?p=120038","og_locale":"pt_BR","og_type":"article","og_title":"Pol\u00edcia Rodovi\u00e1ria de Minas Gerais alerta condutores a redobrar a aten\u00e7\u00e3o nas rodovias - Aconteceu no Vale","og_description":"As f\u00e9rias mal acabaram, mas quem gosta de viajar ter\u00e1 novas oportunidades para tirar o carro da garagem. Segundo o calend\u00e1rio, deste m\u00eas de agosto at\u00e9 mar\u00e7o de 2018 haver\u00e1 feriados prolongados em todos os meses. O primeiro, em homenagem \u00e0 Assun\u00e7\u00e3o de Nossa Senhora, come\u00e7a neste fim de semana e abrange Belo Horizonte e [&hellip;]","og_url":"https:\/\/aconteceunovale.com.br\/portal\/?p=120038","og_site_name":"Aconteceu no Vale","article_publisher":"https:\/\/www.facebook.com\/aconteceunovale\/","article_published_time":"2017-08-12T00:57:22+00:00","og_image":[{"width":675,"height":450,"url":"https:\/\/aconteceunovale.com.br\/portal\/wp-content\/uploads\/2017\/08\/viagem_feriado.jpg","type":"image\/jpeg"}],"author":"Aconteceu no Vale","twitter_card":"summary_large_image","twitter_creator":"@noticiadosvales","twitter_site":"@noticiadosvales","twitter_misc":{"Escrito por":"Aconteceu no Vale","Est. tempo de leitura":"5 minutos"},"schema":{"@context":"https:\/\/schema.org","@graph":[{"@type":"Article","@id":"https:\/\/aconteceunovale.com.br\/portal\/?p=120038#article","isPartOf":{"@id":"https:\/\/aconteceunovale.com.br\/portal\/?p=120038"},"author":{"name":"Aconteceu no Vale","@id":"https:\/\/aconteceunovale.com.br\/portal\/#\/schema\/person\/633529146f2c94272bef50ac2953d589"},"headline":"Pol\u00edcia Rodovi\u00e1ria de Minas Gerais alerta condutores a redobrar a aten\u00e7\u00e3o nas rodovias","datePublished":"2017-08-12T00:57:22+00:00","mainEntityOfPage":{"@id":"https:\/\/aconteceunovale.com.br\/portal\/?p=120038"},"wordCount":944,"commentCount":0,"image":{"@id":"https:\/\/aconteceunovale.com.br\/portal\/?p=120038#primaryimage"},"thumbnailUrl":"https:\/\/aconteceunovale.com.br\/portal\/wp-content\/uploads\/2017\/08\/viagem_feriado.jpg","keywords":["Assun\u00e7\u00e3o de Nossa Senhora","Batalh\u00e3o de Pol\u00edcia Militar Rodovi\u00e1ria","Belo Horizonte","BPMRv","BR-356","Capelinha","Como viajar seguro","Dicas de seguran\u00e7a","Dicas de seguran\u00e7a no feriado","Dicas para viagem segura","feriado","Fernando Armani","LMG-800","MG-010","MG-424","Pol\u00edcia Rodovi\u00e1ria de Minas Gerais alerta condutores a redobrar a aten\u00e7\u00e3o nas rodovias","Seguran\u00e7a nas estradas"],"articleSection":["Minas Gerais"],"inLanguage":"pt-BR","potentialAction":[{"@type":"CommentAction","name":"Comment","target":["https:\/\/aconteceunovale.com.br\/portal\/?p=120038#respond"]}]},{"@type":"WebPage","@id":"https:\/\/aconteceunovale.com.br\/portal\/?p=120038","url":"https:\/\/aconteceunovale.com.br\/portal\/?p=120038","name":"Pol\u00edcia Rodovi\u00e1ria de Minas Gerais alerta condutores a redobrar a aten\u00e7\u00e3o nas rodovias - Aconteceu no Vale","isPartOf":{"@id":"https:\/\/aconteceunovale.com.br\/portal\/#website"},"primaryImageOfPage":{"@id":"https:\/\/aconteceunovale.com.br\/portal\/?p=120038#primaryimage"},"image":{"@id":"https:\/\/aconteceunovale.com.br\/portal\/?p=120038#primaryimage"},"thumbnailUrl":"https:\/\/aconteceunovale.com.br\/portal\/wp-content\/uploads\/2017\/08\/viagem_feriado.jpg","datePublished":"2017-08-12T00:57:22+00:00","author":{"@id":"https:\/\/aconteceunovale.com.br\/portal\/#\/schema\/person\/633529146f2c94272bef50ac2953d589"},"breadcrumb":{"@id":"https:\/\/aconteceunovale.com.br\/portal\/?p=120038#breadcrumb"},"inLanguage":"pt-BR","potentialAction":[{"@type":"ReadAction","target":["https:\/\/aconteceunovale.com.br\/portal\/?p=120038"]}]},{"@type":"ImageObject","inLanguage":"pt-BR","@id":"https:\/\/aconteceunovale.com.br\/portal\/?p=120038#primaryimage","url":"https:\/\/aconteceunovale.com.br\/portal\/wp-content\/uploads\/2017\/08\/viagem_feriado.jpg","contentUrl":"https:\/\/aconteceunovale.com.br\/portal\/wp-content\/uploads\/2017\/08\/viagem_feriado.jpg","width":675,"height":450},{"@type":"BreadcrumbList","@id":"https:\/\/aconteceunovale.com.br\/portal\/?p=120038#breadcrumb","itemListElement":[{"@type":"ListItem","position":1,"name":"In\u00edcio","item":"https:\/\/aconteceunovale.com.br\/portal\/"},{"@type":"ListItem","position":2,"name":"Pol\u00edcia Rodovi\u00e1ria de Minas Gerais alerta condutores a redobrar a aten\u00e7\u00e3o nas rodovias"}]},{"@type":"WebSite","@id":"https:\/\/aconteceunovale.com.br\/portal\/#website","url":"https:\/\/aconteceunovale.com.br\/portal\/","name":"Aconteceu no Vale","description":"Portal de Not\u00edcias","potentialAction":[{"@type":"SearchAction","target":{"@type":"EntryPoint","urlTemplate":"https:\/\/aconteceunovale.com.br\/portal\/?s={search_term_string}"},"query-input":{"@type":"PropertyValueSpecification","valueRequired":true,"valueName":"search_term_string"}}],"inLanguage":"pt-BR"},{"@type":"Person","@id":"https:\/\/aconteceunovale.com.br\/portal\/#\/schema\/person\/633529146f2c94272bef50ac2953d589","name":"Aconteceu no Vale","description":"Equipe de reportagem do Aconteceu no Vale, portal de not\u00edcias do Vale do Jequitinhonha, em Minas Gerais. Cobrimos as 51 cidades do Vale desde 2013. Sugest\u00f5es de pauta e pedidos de corre\u00e7\u00e3o: contato@aconteceunovale.com.br","sameAs":["http:\/\/www.aconteceunovale.com.br"],"url":"https:\/\/aconteceunovale.com.br\/portal\/?author=1"}]}},"_links":{"self":[{"href":"https:\/\/aconteceunovale.com.br\/portal\/index.php?rest_route=\/wp\/v2\/posts\/120038","targetHints":{"allow":["GET"]}}],"collection":[{"href":"https:\/\/aconteceunovale.com.br\/portal\/index.php?rest_route=\/wp\/v2\/posts"}],"about":[{"href":"https:\/\/aconteceunovale.com.br\/portal\/index.php?rest_route=\/wp\/v2\/types\/post"}],"author":[{"embeddable":true,"href":"https:\/\/aconteceunovale.com.br\/portal\/index.php?rest_route=\/wp\/v2\/users\/1"}],"replies":[{"embeddable":true,"href":"https:\/\/aconteceunovale.com.br\/portal\/index.php?rest_route=%2Fwp%2Fv2%2Fcomments&post=120038"}],"version-history":[{"count":0,"href":"https:\/\/aconteceunovale.com.br\/portal\/index.php?rest_route=\/wp\/v2\/posts\/120038\/revisions"}],"wp:featuredmedia":[{"embeddable":true,"href":"https:\/\/aconteceunovale.com.br\/portal\/index.php?rest_route=\/wp\/v2\/media\/120039"}],"wp:attachment":[{"href":"https:\/\/aconteceunovale.com.br\/portal\/index.php?rest_route=%2Fwp%2Fv2%2Fmedia&parent=120038"}],"wp:term":[{"taxonomy":"category","embeddable":true,"href":"https:\/\/aconteceunovale.com.br\/portal\/index.php?rest_route=%2Fwp%2Fv2%2Fcategories&post=120038"},{"taxonomy":"post_tag","embeddable":true,"href":"https:\/\/aconteceunovale.com.br\/portal\/index.php?rest_route=%2Fwp%2Fv2%2Ftags&post=120038"}],"curies":[{"name":"wp","href":"https:\/\/api.w.org\/{rel}","templated":true}]}}