{"id":120036,"date":"2017-08-10T23:20:05","date_gmt":"2017-08-11T01:20:05","guid":{"rendered":"http:\/\/aconteceunovale.com.br\/portal\/?p=120036"},"modified":"2017-08-10T23:20:05","modified_gmt":"2017-08-11T01:20:05","slug":"policia-federal-prende-ex-prefeito-de-januaria","status":"publish","type":"post","link":"https:\/\/aconteceunovale.com.br\/portal\/?p=120036","title":{"rendered":"Pol\u00edcia Federal prende ex-prefeito de Janu\u00e1ria"},"content":{"rendered":"<p>O ex-prefeito de Janu\u00e1ria, Maur\u00edlio Neris de Andrade Arruda, foi preso nessa quarta-feira (09\/08\/2017), em Montes Claros. De acordo com a Pol\u00edcia Federal, Maur\u00edlio Arruda estava foragido e contra ele havia um mandado de pris\u00e3o preventiva em aberto expedido pela Justi\u00e7a Estadual de Janu\u00e1ria durante a Opera\u00e7\u00e3o Rua da Amargura, que investigou fraudes em licita\u00e7\u00f5es em 2016. O ex-prefeito foi capturado no Bairro Todos os Santos.<\/p>\n<p>\u201cEle foi preso logo ap\u00f3s sair da sede da Procuradoria da Rep\u00fablica. Como j\u00e1 est\u00e1vamos o acompanhando havia algum tempo, foi poss\u00edvel prend\u00ea-lo imediatamente ap\u00f3s deixar o pr\u00e9dio do MPF\u201d, explicou o delegado da Pol\u00edcia Federal, Marcelo Freitas.<\/p>\n<p>Segundo a Pol\u00edcia Federal, ele estava foragido desde o final das elei\u00e7\u00f5es de 2016. Em setembro, Arruda fugiu de uma viatura em Montes Claros, durante a Opera\u00e7\u00e3o Rua da Amargura. Na \u00e9poca, o ex-prefeito foi recapturado em Belo Horizonte enquanto buscava um habeas corpus junto ao Tribunal de Justi\u00e7a de Minas Gerais (TJMG), mas foi liberado por um salvo-conduto, porque era candidato \u00e0 prefeitura de Janu\u00e1ria e n\u00e3o poderia ser preso no per\u00edodo de 15 dias que antecede as elei\u00e7\u00f5es.<\/p>\n<p>De acordo com a Pol\u00edcia Federal o ex-prefeito foi encaminhado ao pres\u00eddio regional de Montes Claros ap\u00f3s passar por exame de corpo delito.<\/p>\n<p><strong>Investiga\u00e7\u00e3o<\/strong><\/p>\n<p>Nas investiga\u00e7\u00f5es, os laudos de engenharia atestaram que v\u00e1rias obras de pavimenta\u00e7\u00e3o, em Janu\u00e1ria, n\u00e3o foram conclu\u00eddas e que os envolvidos fraudavam processos licitat\u00f3rios, direcionando a contrata\u00e7\u00e3o de obras para uma empresa que tamb\u00e9m fazia parte do esquema criminoso.<\/p>\n<p>Segundo a PF, um empres\u00e1rio que firmou acordo de coopera\u00e7\u00e3o premiada, contou que grande parte dos recursos p\u00fablicos era desviado pelo grupo, sendo que o ex-prefeito recebia parcela significativa de propina paga a quadrilha.<\/p>\n<p><strong>VER PRIMEIRO<\/strong><\/p>\n<p>Receba as not\u00edcias do Aconteceu no Vale em primeira m\u00e3o. Clique em curtir no endere\u00e7o <a href=\"https:\/\/www.facebook.com\/aconteceunovale\" target=\"_blank\"><font color=\"red\">www.facebook.com\/aconteceunovale<\/font><\/a> ou no box abaixo:<\/p>\n<div class=\"fb-like\" data-href=\"https:\/\/www.facebook.com\/aconteceunovale\" data-width=\"120\" data-layout=\"standard\" data-action=\"like\" data-size=\"small\" data-show-faces=\"true\" data-share=\"true\"><\/div>\n<p><\/br><\/p>\n<p><em>(Fonte: G1 Grande Minas)<\/em><\/p>\n","protected":false},"excerpt":{"rendered":"<p>O ex-prefeito de Janu\u00e1ria, Maur\u00edlio Neris de Andrade Arruda, foi preso nessa quarta-feira (09\/08\/2017), em Montes Claros. De acordo com a Pol\u00edcia Federal, Maur\u00edlio Arruda estava foragido e contra ele havia um mandado de pris\u00e3o preventiva em aberto expedido pela Justi\u00e7a Estadual de Janu\u00e1ria durante a Opera\u00e7\u00e3o Rua da Amargura, que investigou fraudes em licita\u00e7\u00f5es [&hellip;]<\/p>\n","protected":false},"author":1,"featured_media":96959,"comment_status":"open","ping_status":"closed","sticky":false,"template":"","format":"standard","meta":{"amp_status":"","footnotes":""},"categories":[1236,40240],"tags":[56761,8757,205,90935,8758,157245,115101,210,114881,20966,772,157243,157244,157246],"class_list":["post-120036","post","type-post","status-publish","format-standard","has-post-thumbnail","hentry","category-norte_de_minas","category-politica","tag-delegado-da-policia-federal","tag-ex-prefeito-de-januaria","tag-januaria","tag-marcelo-freitas","tag-maurilio-arruda","tag-maurilio-arruda-e-preso-pela-pf","tag-maurilio-neris-de-andrade-arruda","tag-montes-claros","tag-operacao-rua-da-amargura","tag-pf","tag-policia-federal","tag-policia-federal-prende-ex-prefeito-de-januaria","tag-prisao-de-ex-prefeito-de-januaria","tag-prisao-de-maurilio-arruda"],"yoast_head":"<!-- This site is optimized with the Yoast SEO plugin v28.3 - https:\/\/yoast.com\/product\/yoast-seo-wordpress\/ -->\n<title>Pol\u00edcia Federal prende ex-prefeito de Janu\u00e1ria - Aconteceu no Vale<\/title>\n<meta name=\"robots\" content=\"index, follow, max-snippet:-1, max-image-preview:large, max-video-preview:-1\" \/>\n<link rel=\"canonical\" href=\"https:\/\/aconteceunovale.com.br\/portal\/?p=120036\" \/>\n<meta property=\"og:locale\" content=\"pt_BR\" \/>\n<meta property=\"og:type\" content=\"article\" \/>\n<meta property=\"og:title\" content=\"Pol\u00edcia Federal prende ex-prefeito de Janu\u00e1ria - Aconteceu no Vale\" \/>\n<meta property=\"og:description\" content=\"O ex-prefeito de Janu\u00e1ria, Maur\u00edlio Neris de Andrade Arruda, foi preso nessa quarta-feira (09\/08\/2017), em Montes Claros. De acordo com a Pol\u00edcia Federal, Maur\u00edlio Arruda estava foragido e contra ele havia um mandado de pris\u00e3o preventiva em aberto expedido pela Justi\u00e7a Estadual de Janu\u00e1ria durante a Opera\u00e7\u00e3o Rua da Amargura, que investigou fraudes em licita\u00e7\u00f5es [&hellip;]\" \/>\n<meta property=\"og:url\" content=\"https:\/\/aconteceunovale.com.br\/portal\/?p=120036\" \/>\n<meta property=\"og:site_name\" content=\"Aconteceu no Vale\" \/>\n<meta property=\"article:publisher\" content=\"https:\/\/www.facebook.com\/aconteceunovale\/\" \/>\n<meta property=\"article:published_time\" content=\"2017-08-11T01:20:05+00:00\" \/>\n<meta property=\"og:image\" content=\"https:\/\/aconteceunovale.com.br\/portal\/wp-content\/uploads\/2016\/09\/maurilio_fugitivo.jpg\" \/>\n\t<meta property=\"og:image:width\" content=\"618\" \/>\n\t<meta property=\"og:image:height\" content=\"450\" \/>\n\t<meta property=\"og:image:type\" content=\"image\/jpeg\" \/>\n<meta name=\"author\" content=\"Aconteceu no Vale\" \/>\n<meta name=\"twitter:card\" content=\"summary_large_image\" \/>\n<meta name=\"twitter:creator\" content=\"@noticiadosvales\" \/>\n<meta name=\"twitter:site\" content=\"@noticiadosvales\" \/>\n<meta name=\"twitter:label1\" content=\"Escrito por\" \/>\n\t<meta name=\"twitter:data1\" content=\"Aconteceu no Vale\" \/>\n\t<meta name=\"twitter:label2\" content=\"Est. tempo de leitura\" \/>\n\t<meta name=\"twitter:data2\" content=\"2 minutos\" \/>\n<script type=\"application\/ld+json\" class=\"yoast-schema-graph\">{\"@context\":\"https:\\\/\\\/schema.org\",\"@graph\":[{\"@type\":\"Article\",\"@id\":\"https:\\\/\\\/aconteceunovale.com.br\\\/portal\\\/?p=120036#article\",\"isPartOf\":{\"@id\":\"https:\\\/\\\/aconteceunovale.com.br\\\/portal\\\/?p=120036\"},\"author\":{\"name\":\"Aconteceu no Vale\",\"@id\":\"https:\\\/\\\/aconteceunovale.com.br\\\/portal\\\/#\\\/schema\\\/person\\\/633529146f2c94272bef50ac2953d589\"},\"headline\":\"Pol\u00edcia Federal prende ex-prefeito de Janu\u00e1ria\",\"datePublished\":\"2017-08-11T01:20:05+00:00\",\"mainEntityOfPage\":{\"@id\":\"https:\\\/\\\/aconteceunovale.com.br\\\/portal\\\/?p=120036\"},\"wordCount\":357,\"commentCount\":0,\"image\":{\"@id\":\"https:\\\/\\\/aconteceunovale.com.br\\\/portal\\\/?p=120036#primaryimage\"},\"thumbnailUrl\":\"https:\\\/\\\/aconteceunovale.com.br\\\/portal\\\/wp-content\\\/uploads\\\/2016\\\/09\\\/maurilio_fugitivo.jpg\",\"keywords\":[\"delegado da Pol\u00edcia Federal\",\"ex-prefeito de Janu\u00e1ria\",\"Janu\u00e1ria\",\"Marcelo Freitas\",\"Maur\u00edlio Arruda\",\"Maur\u00edlio Arruda \u00e9 preso pela PF\",\"Maur\u00edlio Neris de Andrade Arruda\",\"Montes Claros\",\"Opera\u00e7\u00e3o Rua da Amargura\",\"PF\",\"pol\u00edcia federal\",\"Pol\u00edcia Federal prende ex-prefeito de Janu\u00e1ria\",\"Pris\u00e3o de ex-prefeito de Janu\u00e1ria\",\"Pris\u00e3o de Maur\u00edlio Arruda\"],\"articleSection\":[\"Norte de Minas\",\"Pol\u00edtica\"],\"inLanguage\":\"pt-BR\",\"potentialAction\":[{\"@type\":\"CommentAction\",\"name\":\"Comment\",\"target\":[\"https:\\\/\\\/aconteceunovale.com.br\\\/portal\\\/?p=120036#respond\"]}]},{\"@type\":\"WebPage\",\"@id\":\"https:\\\/\\\/aconteceunovale.com.br\\\/portal\\\/?p=120036\",\"url\":\"https:\\\/\\\/aconteceunovale.com.br\\\/portal\\\/?p=120036\",\"name\":\"Pol\u00edcia Federal prende ex-prefeito de Janu\u00e1ria - Aconteceu no Vale\",\"isPartOf\":{\"@id\":\"https:\\\/\\\/aconteceunovale.com.br\\\/portal\\\/#website\"},\"primaryImageOfPage\":{\"@id\":\"https:\\\/\\\/aconteceunovale.com.br\\\/portal\\\/?p=120036#primaryimage\"},\"image\":{\"@id\":\"https:\\\/\\\/aconteceunovale.com.br\\\/portal\\\/?p=120036#primaryimage\"},\"thumbnailUrl\":\"https:\\\/\\\/aconteceunovale.com.br\\\/portal\\\/wp-content\\\/uploads\\\/2016\\\/09\\\/maurilio_fugitivo.jpg\",\"datePublished\":\"2017-08-11T01:20:05+00:00\",\"author\":{\"@id\":\"https:\\\/\\\/aconteceunovale.com.br\\\/portal\\\/#\\\/schema\\\/person\\\/633529146f2c94272bef50ac2953d589\"},\"breadcrumb\":{\"@id\":\"https:\\\/\\\/aconteceunovale.com.br\\\/portal\\\/?p=120036#breadcrumb\"},\"inLanguage\":\"pt-BR\",\"potentialAction\":[{\"@type\":\"ReadAction\",\"target\":[\"https:\\\/\\\/aconteceunovale.com.br\\\/portal\\\/?p=120036\"]}]},{\"@type\":\"ImageObject\",\"inLanguage\":\"pt-BR\",\"@id\":\"https:\\\/\\\/aconteceunovale.com.br\\\/portal\\\/?p=120036#primaryimage\",\"url\":\"https:\\\/\\\/aconteceunovale.com.br\\\/portal\\\/wp-content\\\/uploads\\\/2016\\\/09\\\/maurilio_fugitivo.jpg\",\"contentUrl\":\"https:\\\/\\\/aconteceunovale.com.br\\\/portal\\\/wp-content\\\/uploads\\\/2016\\\/09\\\/maurilio_fugitivo.jpg\",\"width\":618,\"height\":450},{\"@type\":\"BreadcrumbList\",\"@id\":\"https:\\\/\\\/aconteceunovale.com.br\\\/portal\\\/?p=120036#breadcrumb\",\"itemListElement\":[{\"@type\":\"ListItem\",\"position\":1,\"name\":\"In\u00edcio\",\"item\":\"https:\\\/\\\/aconteceunovale.com.br\\\/portal\\\/\"},{\"@type\":\"ListItem\",\"position\":2,\"name\":\"Pol\u00edcia Federal prende ex-prefeito de Janu\u00e1ria\"}]},{\"@type\":\"WebSite\",\"@id\":\"https:\\\/\\\/aconteceunovale.com.br\\\/portal\\\/#website\",\"url\":\"https:\\\/\\\/aconteceunovale.com.br\\\/portal\\\/\",\"name\":\"Aconteceu no Vale\",\"description\":\"Portal de Not\u00edcias\",\"potentialAction\":[{\"@type\":\"SearchAction\",\"target\":{\"@type\":\"EntryPoint\",\"urlTemplate\":\"https:\\\/\\\/aconteceunovale.com.br\\\/portal\\\/?s={search_term_string}\"},\"query-input\":{\"@type\":\"PropertyValueSpecification\",\"valueRequired\":true,\"valueName\":\"search_term_string\"}}],\"inLanguage\":\"pt-BR\"},{\"@type\":\"Person\",\"@id\":\"https:\\\/\\\/aconteceunovale.com.br\\\/portal\\\/#\\\/schema\\\/person\\\/633529146f2c94272bef50ac2953d589\",\"name\":\"Aconteceu no Vale\",\"description\":\"Equipe de reportagem do Aconteceu no Vale, portal de not\u00edcias do Vale do Jequitinhonha, em Minas Gerais. Cobrimos as 51 cidades do Vale desde 2013. Sugest\u00f5es de pauta e pedidos de corre\u00e7\u00e3o: contato@aconteceunovale.com.br\",\"sameAs\":[\"http:\\\/\\\/www.aconteceunovale.com.br\"],\"url\":\"https:\\\/\\\/aconteceunovale.com.br\\\/portal\\\/?author=1\"}]}<\/script>\n<!-- \/ Yoast SEO plugin. -->","yoast_head_json":{"title":"Pol\u00edcia Federal prende ex-prefeito de Janu\u00e1ria - Aconteceu no Vale","robots":{"index":"index","follow":"follow","max-snippet":"max-snippet:-1","max-image-preview":"max-image-preview:large","max-video-preview":"max-video-preview:-1"},"canonical":"https:\/\/aconteceunovale.com.br\/portal\/?p=120036","og_locale":"pt_BR","og_type":"article","og_title":"Pol\u00edcia Federal prende ex-prefeito de Janu\u00e1ria - Aconteceu no Vale","og_description":"O ex-prefeito de Janu\u00e1ria, Maur\u00edlio Neris de Andrade Arruda, foi preso nessa quarta-feira (09\/08\/2017), em Montes Claros. De acordo com a Pol\u00edcia Federal, Maur\u00edlio Arruda estava foragido e contra ele havia um mandado de pris\u00e3o preventiva em aberto expedido pela Justi\u00e7a Estadual de Janu\u00e1ria durante a Opera\u00e7\u00e3o Rua da Amargura, que investigou fraudes em licita\u00e7\u00f5es [&hellip;]","og_url":"https:\/\/aconteceunovale.com.br\/portal\/?p=120036","og_site_name":"Aconteceu no Vale","article_publisher":"https:\/\/www.facebook.com\/aconteceunovale\/","article_published_time":"2017-08-11T01:20:05+00:00","og_image":[{"width":618,"height":450,"url":"https:\/\/aconteceunovale.com.br\/portal\/wp-content\/uploads\/2016\/09\/maurilio_fugitivo.jpg","type":"image\/jpeg"}],"author":"Aconteceu no Vale","twitter_card":"summary_large_image","twitter_creator":"@noticiadosvales","twitter_site":"@noticiadosvales","twitter_misc":{"Escrito por":"Aconteceu no Vale","Est. tempo de leitura":"2 minutos"},"schema":{"@context":"https:\/\/schema.org","@graph":[{"@type":"Article","@id":"https:\/\/aconteceunovale.com.br\/portal\/?p=120036#article","isPartOf":{"@id":"https:\/\/aconteceunovale.com.br\/portal\/?p=120036"},"author":{"name":"Aconteceu no Vale","@id":"https:\/\/aconteceunovale.com.br\/portal\/#\/schema\/person\/633529146f2c94272bef50ac2953d589"},"headline":"Pol\u00edcia Federal prende ex-prefeito de Janu\u00e1ria","datePublished":"2017-08-11T01:20:05+00:00","mainEntityOfPage":{"@id":"https:\/\/aconteceunovale.com.br\/portal\/?p=120036"},"wordCount":357,"commentCount":0,"image":{"@id":"https:\/\/aconteceunovale.com.br\/portal\/?p=120036#primaryimage"},"thumbnailUrl":"https:\/\/aconteceunovale.com.br\/portal\/wp-content\/uploads\/2016\/09\/maurilio_fugitivo.jpg","keywords":["delegado da Pol\u00edcia Federal","ex-prefeito de Janu\u00e1ria","Janu\u00e1ria","Marcelo Freitas","Maur\u00edlio Arruda","Maur\u00edlio Arruda \u00e9 preso pela PF","Maur\u00edlio Neris de Andrade Arruda","Montes Claros","Opera\u00e7\u00e3o Rua da Amargura","PF","pol\u00edcia federal","Pol\u00edcia Federal prende ex-prefeito de Janu\u00e1ria","Pris\u00e3o de ex-prefeito de Janu\u00e1ria","Pris\u00e3o de Maur\u00edlio Arruda"],"articleSection":["Norte de Minas","Pol\u00edtica"],"inLanguage":"pt-BR","potentialAction":[{"@type":"CommentAction","name":"Comment","target":["https:\/\/aconteceunovale.com.br\/portal\/?p=120036#respond"]}]},{"@type":"WebPage","@id":"https:\/\/aconteceunovale.com.br\/portal\/?p=120036","url":"https:\/\/aconteceunovale.com.br\/portal\/?p=120036","name":"Pol\u00edcia Federal prende ex-prefeito de Janu\u00e1ria - Aconteceu no Vale","isPartOf":{"@id":"https:\/\/aconteceunovale.com.br\/portal\/#website"},"primaryImageOfPage":{"@id":"https:\/\/aconteceunovale.com.br\/portal\/?p=120036#primaryimage"},"image":{"@id":"https:\/\/aconteceunovale.com.br\/portal\/?p=120036#primaryimage"},"thumbnailUrl":"https:\/\/aconteceunovale.com.br\/portal\/wp-content\/uploads\/2016\/09\/maurilio_fugitivo.jpg","datePublished":"2017-08-11T01:20:05+00:00","author":{"@id":"https:\/\/aconteceunovale.com.br\/portal\/#\/schema\/person\/633529146f2c94272bef50ac2953d589"},"breadcrumb":{"@id":"https:\/\/aconteceunovale.com.br\/portal\/?p=120036#breadcrumb"},"inLanguage":"pt-BR","potentialAction":[{"@type":"ReadAction","target":["https:\/\/aconteceunovale.com.br\/portal\/?p=120036"]}]},{"@type":"ImageObject","inLanguage":"pt-BR","@id":"https:\/\/aconteceunovale.com.br\/portal\/?p=120036#primaryimage","url":"https:\/\/aconteceunovale.com.br\/portal\/wp-content\/uploads\/2016\/09\/maurilio_fugitivo.jpg","contentUrl":"https:\/\/aconteceunovale.com.br\/portal\/wp-content\/uploads\/2016\/09\/maurilio_fugitivo.jpg","width":618,"height":450},{"@type":"BreadcrumbList","@id":"https:\/\/aconteceunovale.com.br\/portal\/?p=120036#breadcrumb","itemListElement":[{"@type":"ListItem","position":1,"name":"In\u00edcio","item":"https:\/\/aconteceunovale.com.br\/portal\/"},{"@type":"ListItem","position":2,"name":"Pol\u00edcia Federal prende ex-prefeito de Janu\u00e1ria"}]},{"@type":"WebSite","@id":"https:\/\/aconteceunovale.com.br\/portal\/#website","url":"https:\/\/aconteceunovale.com.br\/portal\/","name":"Aconteceu no Vale","description":"Portal de Not\u00edcias","potentialAction":[{"@type":"SearchAction","target":{"@type":"EntryPoint","urlTemplate":"https:\/\/aconteceunovale.com.br\/portal\/?s={search_term_string}"},"query-input":{"@type":"PropertyValueSpecification","valueRequired":true,"valueName":"search_term_string"}}],"inLanguage":"pt-BR"},{"@type":"Person","@id":"https:\/\/aconteceunovale.com.br\/portal\/#\/schema\/person\/633529146f2c94272bef50ac2953d589","name":"Aconteceu no Vale","description":"Equipe de reportagem do Aconteceu no Vale, portal de not\u00edcias do Vale do Jequitinhonha, em Minas Gerais. Cobrimos as 51 cidades do Vale desde 2013. Sugest\u00f5es de pauta e pedidos de corre\u00e7\u00e3o: contato@aconteceunovale.com.br","sameAs":["http:\/\/www.aconteceunovale.com.br"],"url":"https:\/\/aconteceunovale.com.br\/portal\/?author=1"}]}},"_links":{"self":[{"href":"https:\/\/aconteceunovale.com.br\/portal\/index.php?rest_route=\/wp\/v2\/posts\/120036","targetHints":{"allow":["GET"]}}],"collection":[{"href":"https:\/\/aconteceunovale.com.br\/portal\/index.php?rest_route=\/wp\/v2\/posts"}],"about":[{"href":"https:\/\/aconteceunovale.com.br\/portal\/index.php?rest_route=\/wp\/v2\/types\/post"}],"author":[{"embeddable":true,"href":"https:\/\/aconteceunovale.com.br\/portal\/index.php?rest_route=\/wp\/v2\/users\/1"}],"replies":[{"embeddable":true,"href":"https:\/\/aconteceunovale.com.br\/portal\/index.php?rest_route=%2Fwp%2Fv2%2Fcomments&post=120036"}],"version-history":[{"count":0,"href":"https:\/\/aconteceunovale.com.br\/portal\/index.php?rest_route=\/wp\/v2\/posts\/120036\/revisions"}],"wp:featuredmedia":[{"embeddable":true,"href":"https:\/\/aconteceunovale.com.br\/portal\/index.php?rest_route=\/wp\/v2\/media\/96959"}],"wp:attachment":[{"href":"https:\/\/aconteceunovale.com.br\/portal\/index.php?rest_route=%2Fwp%2Fv2%2Fmedia&parent=120036"}],"wp:term":[{"taxonomy":"category","embeddable":true,"href":"https:\/\/aconteceunovale.com.br\/portal\/index.php?rest_route=%2Fwp%2Fv2%2Fcategories&post=120036"},{"taxonomy":"post_tag","embeddable":true,"href":"https:\/\/aconteceunovale.com.br\/portal\/index.php?rest_route=%2Fwp%2Fv2%2Ftags&post=120036"}],"curies":[{"name":"wp","href":"https:\/\/api.w.org\/{rel}","templated":true}]}}