{"id":120023,"date":"2017-08-10T01:06:23","date_gmt":"2017-08-10T03:06:23","guid":{"rendered":"http:\/\/aconteceunovale.com.br\/portal\/?p=120023"},"modified":"2017-08-10T01:06:23","modified_gmt":"2017-08-10T03:06:23","slug":"atletico-e-eliminado-da-libertadores","status":"publish","type":"post","link":"https:\/\/aconteceunovale.com.br\/portal\/?p=120023","title":{"rendered":"Atl\u00e9tico \u00e9 eliminado da Libertadores"},"content":{"rendered":"<p>O Atl\u00e9tico est\u00e1 eliminado da Copa Libertadores. O time alvinegro teve 90 minutos para marcar pelo menos um gol e levar a disputa com o Jorge Wilstermann para a disputa de p\u00eanaltis. N\u00e3o conseguiu. Mais uma vez, a equipe abusou dos cruzamentos para a \u00e1rea, quase todos na m\u00e3o do goleiro advers\u00e1rio, e acabou no 0 a 0 com a equipe boliviana. O ano est\u00e1 praticamente encerrado para o Alvinegro, que era considerado um dos favoritos ao t\u00edtulo e sonhava com um grande t\u00edtulo neste ano. A equipe saiu de campo muito vaiada pelos torcedores. <\/p>\n<p>O time foi, mais uma vez, totalmente inofensivo em um jogo em casa. Contra um advers\u00e1rio retrancado, a \u00fanica alternativa encontrada pelo Galo foi cruzar bola na \u00e1rea. O goleiro Olivares pegou praticamente todas as bolas al\u00e7adas, sem dificuldades. A melhor chance foi uma cabe\u00e7ada de Luan na trave, no segundo tempo.<\/p>\n<p>O Atl\u00e9tico agora vai ter que lutar para voltar \u00e0 Libertadores no pr\u00f3ximo ano pelo Brasileir\u00e3o. No entanto, a equipe est\u00e1 perto da zona de rebaixamento, quatro pontos acima do Z4. Domingo, o Alvinegro encara o Flamengo, \u00e0s 16h, no Independ\u00eancia.<\/p>\n<p><img decoding=\"async\" src=\"http:\/\/aconteceunovale.com.br\/portal\/wp-content\/uploads\/2017\/08\/atletico_jw.jpg\" alt=\"\" \/><em>Atl\u00e9tico empatou com o Jorge Wilstermann (Foto: Divulga\u00e7\u00e3o\/Atl\u00e9tico-MG)<\/em><br \/>\n<\/br><\/p>\n<p><strong>O jogo<\/strong><\/p>\n<p>O t\u00e9cnico Rog\u00e9rio Micale contou com o retorno de Fred na partida contra os bolivianos. O centroavante foi escalado como titular, assim como Adilson, que ganhou a vaga de Gustavo Blanco. Luan tamb\u00e9m foi novidade no duelo desta quarta-feira. E a etapa inicial mostrou um jogo total de ataque contra defesa (Galo teve 63% de posse de bola). No entanto, o sistema defensivo sempre levou a melhor, j\u00e1 que a superioridade com a bola nos p\u00e9s n\u00e3o resultou em muitos lances de perigo para o Alvinegro.<\/p>\n<p>O Galo at\u00e9 come\u00e7ou dando um susto no time boliviano. Marcos Rocha, no primeiro minuto, chutou cruzado para boa defesa de Olivares. Desde o in\u00edcio da partida, o goleiro do Jorge Wilstermann mostrou a satisfa\u00e7\u00e3o com o placar sem gols e fez cera a cada vez que tinha posse da bola. O \u00e1rbitro Jose Argote nada fez para evitar o antijogo. <\/p>\n<p>O time boliviano colocou todos os homens atr\u00e1s da linha central do gramado. O Galo tinha dificuldades para encontrar espa\u00e7os. Mais uma vez, a solu\u00e7\u00e3o foi utilizar a bola a\u00e9rea. Os defensores quase sempre levaram a melhor. Numa delas, Fred recebeu livre e converteu para as redes, mas o assistente assinalou impedimento que n\u00e3o existiu. <\/p>\n<p>O time de Micale conseguiu criar mais duas boas chances. Na primeira, Cazares driblou e encontrou Elias, que chutou em cima do zagueiro. A bola subiu e, na queda, Luan cabeceou com perigo. Depois, Cazares recebeu lan\u00e7amento e, em dividida com o goleiro, tocou por cima do gol. <\/p>\n<p>O Galo voltou para o segundo tempo com Vald\u00edvia no lugar de Adilson. O time foi para cima. Pressionou desde o instante inicial. Cazares, em duas finaliza\u00e7\u00f5es de fora da \u00e1rea, quase marcou. E a melhor chance surgiu aos 11 minutos, quando Luan acertou cabe\u00e7ada no travess\u00e3o.<\/p>\n<p>A torcida alvinegra n\u00e3o parou de apoiar em nenhum momento. E ela pediu Robinho, que estava no banco. Micale atendeu e colocou o atacante em campo. Depois, foi a vez de Otero entrar em campo no lugar de Elias. Ap\u00f3s a mudan\u00e7a, o time seguiu cruzando bola na \u00e1rea. O t\u00e9cnico atleticano pediu para que a equipe evitasse cruzar na \u00e1rea, mas essa era a \u00fanica alternativa encontrada pelos atletas para tentar furar o bloqueio advers\u00e1rio. Na \u00faltima chance, Robinho, livre, n\u00e3o conseguiu finalizar para o gol. Fim de jogo e elimina\u00e7\u00e3o melanc\u00f3lica do Galo no Mineir\u00e3o. <\/p>\n<p><strong>VER PRIMEIRO<\/strong><\/p>\n<p>Receba as not\u00edcias do Aconteceu no Vale em primeira m\u00e3o. Clique em curtir no endere\u00e7o <a href=\"https:\/\/www.facebook.com\/aconteceunovale\" target=\"_blank\"><font color=\"red\">www.facebook.com\/aconteceunovale<\/font><\/a> ou no box abaixo:<\/p>\n<div class=\"fb-like\" data-href=\"https:\/\/www.facebook.com\/aconteceunovale\" data-width=\"120\" data-layout=\"standard\" data-action=\"like\" data-size=\"small\" data-show-faces=\"true\" data-share=\"true\"><\/div>\n<p><\/br><\/p>\n<p><em>(Fonte: Super Esportes \/ Rep\u00f3rter: T\u00falio Kaizer)<\/em><\/p>\n","protected":false},"excerpt":{"rendered":"<p>O Atl\u00e9tico est\u00e1 eliminado da Copa Libertadores. O time alvinegro teve 90 minutos para marcar pelo menos um gol e levar a disputa com o Jorge Wilstermann para a disputa de p\u00eanaltis. N\u00e3o conseguiu. Mais uma vez, a equipe abusou dos cruzamentos para a \u00e1rea, quase todos na m\u00e3o do goleiro advers\u00e1rio, e acabou no [&hellip;]<\/p>\n","protected":false},"author":1,"featured_media":120024,"comment_status":"open","ping_status":"closed","sticky":false,"template":"","format":"standard","meta":{"amp_status":"","footnotes":""},"categories":[59],"tags":[12311,157229,44808,95273,157230,2741,40575,35552,12312,157228,155350,34438,141538,34071],"class_list":["post-120023","post","type-post","status-publish","format-standard","has-post-thumbnail","hentry","category-esportes","tag-atletico","tag-atletico-0-x-0-jorge-wilstermann","tag-atletico-e-eliminado-da-libertadores","tag-atletico-eliminado-da-libertadores","tag-atletico-esta-eliminado-da-copa-libertadores","tag-atletico-mineiro","tag-atletico-mg","tag-copa-libertadores","tag-galo","tag-galo-eliminado-da-libertadores","tag-jorge-wilstermann","tag-libertadores","tag-libertadores-2017","tag-taca-libertadores"],"yoast_head":"<!-- This site is optimized with the Yoast SEO plugin v28.3 - https:\/\/yoast.com\/product\/yoast-seo-wordpress\/ -->\n<title>Atl\u00e9tico \u00e9 eliminado da Libertadores - Aconteceu no Vale<\/title>\n<meta name=\"robots\" content=\"index, follow, max-snippet:-1, max-image-preview:large, max-video-preview:-1\" \/>\n<link rel=\"canonical\" href=\"https:\/\/aconteceunovale.com.br\/portal\/?p=120023\" \/>\n<meta property=\"og:locale\" content=\"pt_BR\" \/>\n<meta property=\"og:type\" content=\"article\" \/>\n<meta property=\"og:title\" content=\"Atl\u00e9tico \u00e9 eliminado da Libertadores - Aconteceu no Vale\" \/>\n<meta property=\"og:description\" content=\"O Atl\u00e9tico est\u00e1 eliminado da Copa Libertadores. O time alvinegro teve 90 minutos para marcar pelo menos um gol e levar a disputa com o Jorge Wilstermann para a disputa de p\u00eanaltis. N\u00e3o conseguiu. Mais uma vez, a equipe abusou dos cruzamentos para a \u00e1rea, quase todos na m\u00e3o do goleiro advers\u00e1rio, e acabou no [&hellip;]\" \/>\n<meta property=\"og:url\" content=\"https:\/\/aconteceunovale.com.br\/portal\/?p=120023\" \/>\n<meta property=\"og:site_name\" content=\"Aconteceu no Vale\" \/>\n<meta property=\"article:publisher\" content=\"https:\/\/www.facebook.com\/aconteceunovale\/\" \/>\n<meta property=\"article:published_time\" content=\"2017-08-10T03:06:23+00:00\" \/>\n<meta property=\"og:image\" content=\"https:\/\/aconteceunovale.com.br\/portal\/wp-content\/uploads\/2017\/08\/atletico_jw.jpg\" \/>\n\t<meta property=\"og:image:width\" content=\"600\" \/>\n\t<meta property=\"og:image:height\" content=\"400\" \/>\n\t<meta property=\"og:image:type\" content=\"image\/jpeg\" \/>\n<meta name=\"author\" content=\"Aconteceu no Vale\" \/>\n<meta name=\"twitter:card\" content=\"summary_large_image\" \/>\n<meta name=\"twitter:creator\" content=\"@noticiadosvales\" \/>\n<meta name=\"twitter:site\" content=\"@noticiadosvales\" \/>\n<meta name=\"twitter:label1\" content=\"Escrito por\" \/>\n\t<meta name=\"twitter:data1\" content=\"Aconteceu no Vale\" \/>\n\t<meta name=\"twitter:label2\" content=\"Est. tempo de leitura\" \/>\n\t<meta name=\"twitter:data2\" content=\"3 minutos\" \/>\n<script type=\"application\/ld+json\" class=\"yoast-schema-graph\">{\"@context\":\"https:\\\/\\\/schema.org\",\"@graph\":[{\"@type\":\"Article\",\"@id\":\"https:\\\/\\\/aconteceunovale.com.br\\\/portal\\\/?p=120023#article\",\"isPartOf\":{\"@id\":\"https:\\\/\\\/aconteceunovale.com.br\\\/portal\\\/?p=120023\"},\"author\":{\"name\":\"Aconteceu no Vale\",\"@id\":\"https:\\\/\\\/aconteceunovale.com.br\\\/portal\\\/#\\\/schema\\\/person\\\/633529146f2c94272bef50ac2953d589\"},\"headline\":\"Atl\u00e9tico \u00e9 eliminado da Libertadores\",\"datePublished\":\"2017-08-10T03:06:23+00:00\",\"mainEntityOfPage\":{\"@id\":\"https:\\\/\\\/aconteceunovale.com.br\\\/portal\\\/?p=120023\"},\"wordCount\":672,\"commentCount\":0,\"image\":{\"@id\":\"https:\\\/\\\/aconteceunovale.com.br\\\/portal\\\/?p=120023#primaryimage\"},\"thumbnailUrl\":\"https:\\\/\\\/aconteceunovale.com.br\\\/portal\\\/wp-content\\\/uploads\\\/2017\\\/08\\\/atletico_jw.jpg\",\"keywords\":[\"Atl\u00e9tico\",\"ATL\u00c9TICO 0 X 0 JORGE WILSTERMANN\",\"Atl\u00e9tico \u00e9 eliminado da Libertadores\",\"Atl\u00e9tico eliminado da libertadores\",\"Atl\u00e9tico est\u00e1 eliminado da Copa Libertadores\",\"Atl\u00e9tico Mineiro\",\"Atl\u00e9tico-MG\",\"Copa Libertadores\",\"galo\",\"Galo eliminado da Libertadores\",\"Jorge Wilstermann\",\"Libertadores\",\"Libertadores 2017\",\"Ta\u00e7a Libertadores\"],\"articleSection\":[\"Esportes\"],\"inLanguage\":\"pt-BR\",\"potentialAction\":[{\"@type\":\"CommentAction\",\"name\":\"Comment\",\"target\":[\"https:\\\/\\\/aconteceunovale.com.br\\\/portal\\\/?p=120023#respond\"]}]},{\"@type\":\"WebPage\",\"@id\":\"https:\\\/\\\/aconteceunovale.com.br\\\/portal\\\/?p=120023\",\"url\":\"https:\\\/\\\/aconteceunovale.com.br\\\/portal\\\/?p=120023\",\"name\":\"Atl\u00e9tico \u00e9 eliminado da Libertadores - Aconteceu no Vale\",\"isPartOf\":{\"@id\":\"https:\\\/\\\/aconteceunovale.com.br\\\/portal\\\/#website\"},\"primaryImageOfPage\":{\"@id\":\"https:\\\/\\\/aconteceunovale.com.br\\\/portal\\\/?p=120023#primaryimage\"},\"image\":{\"@id\":\"https:\\\/\\\/aconteceunovale.com.br\\\/portal\\\/?p=120023#primaryimage\"},\"thumbnailUrl\":\"https:\\\/\\\/aconteceunovale.com.br\\\/portal\\\/wp-content\\\/uploads\\\/2017\\\/08\\\/atletico_jw.jpg\",\"datePublished\":\"2017-08-10T03:06:23+00:00\",\"author\":{\"@id\":\"https:\\\/\\\/aconteceunovale.com.br\\\/portal\\\/#\\\/schema\\\/person\\\/633529146f2c94272bef50ac2953d589\"},\"breadcrumb\":{\"@id\":\"https:\\\/\\\/aconteceunovale.com.br\\\/portal\\\/?p=120023#breadcrumb\"},\"inLanguage\":\"pt-BR\",\"potentialAction\":[{\"@type\":\"ReadAction\",\"target\":[\"https:\\\/\\\/aconteceunovale.com.br\\\/portal\\\/?p=120023\"]}]},{\"@type\":\"ImageObject\",\"inLanguage\":\"pt-BR\",\"@id\":\"https:\\\/\\\/aconteceunovale.com.br\\\/portal\\\/?p=120023#primaryimage\",\"url\":\"https:\\\/\\\/aconteceunovale.com.br\\\/portal\\\/wp-content\\\/uploads\\\/2017\\\/08\\\/atletico_jw.jpg\",\"contentUrl\":\"https:\\\/\\\/aconteceunovale.com.br\\\/portal\\\/wp-content\\\/uploads\\\/2017\\\/08\\\/atletico_jw.jpg\",\"width\":600,\"height\":400},{\"@type\":\"BreadcrumbList\",\"@id\":\"https:\\\/\\\/aconteceunovale.com.br\\\/portal\\\/?p=120023#breadcrumb\",\"itemListElement\":[{\"@type\":\"ListItem\",\"position\":1,\"name\":\"In\u00edcio\",\"item\":\"https:\\\/\\\/aconteceunovale.com.br\\\/portal\\\/\"},{\"@type\":\"ListItem\",\"position\":2,\"name\":\"Atl\u00e9tico \u00e9 eliminado da Libertadores\"}]},{\"@type\":\"WebSite\",\"@id\":\"https:\\\/\\\/aconteceunovale.com.br\\\/portal\\\/#website\",\"url\":\"https:\\\/\\\/aconteceunovale.com.br\\\/portal\\\/\",\"name\":\"Aconteceu no Vale\",\"description\":\"Portal de Not\u00edcias\",\"potentialAction\":[{\"@type\":\"SearchAction\",\"target\":{\"@type\":\"EntryPoint\",\"urlTemplate\":\"https:\\\/\\\/aconteceunovale.com.br\\\/portal\\\/?s={search_term_string}\"},\"query-input\":{\"@type\":\"PropertyValueSpecification\",\"valueRequired\":true,\"valueName\":\"search_term_string\"}}],\"inLanguage\":\"pt-BR\"},{\"@type\":\"Person\",\"@id\":\"https:\\\/\\\/aconteceunovale.com.br\\\/portal\\\/#\\\/schema\\\/person\\\/633529146f2c94272bef50ac2953d589\",\"name\":\"Aconteceu no Vale\",\"description\":\"Equipe de reportagem do Aconteceu no Vale, portal de not\u00edcias do Vale do Jequitinhonha, em Minas Gerais. Cobrimos as 51 cidades do Vale desde 2013. Sugest\u00f5es de pauta e pedidos de corre\u00e7\u00e3o: contato@aconteceunovale.com.br\",\"sameAs\":[\"http:\\\/\\\/www.aconteceunovale.com.br\"],\"url\":\"https:\\\/\\\/aconteceunovale.com.br\\\/portal\\\/?author=1\"}]}<\/script>\n<!-- \/ Yoast SEO plugin. -->","yoast_head_json":{"title":"Atl\u00e9tico \u00e9 eliminado da Libertadores - Aconteceu no Vale","robots":{"index":"index","follow":"follow","max-snippet":"max-snippet:-1","max-image-preview":"max-image-preview:large","max-video-preview":"max-video-preview:-1"},"canonical":"https:\/\/aconteceunovale.com.br\/portal\/?p=120023","og_locale":"pt_BR","og_type":"article","og_title":"Atl\u00e9tico \u00e9 eliminado da Libertadores - Aconteceu no Vale","og_description":"O Atl\u00e9tico est\u00e1 eliminado da Copa Libertadores. O time alvinegro teve 90 minutos para marcar pelo menos um gol e levar a disputa com o Jorge Wilstermann para a disputa de p\u00eanaltis. N\u00e3o conseguiu. Mais uma vez, a equipe abusou dos cruzamentos para a \u00e1rea, quase todos na m\u00e3o do goleiro advers\u00e1rio, e acabou no [&hellip;]","og_url":"https:\/\/aconteceunovale.com.br\/portal\/?p=120023","og_site_name":"Aconteceu no Vale","article_publisher":"https:\/\/www.facebook.com\/aconteceunovale\/","article_published_time":"2017-08-10T03:06:23+00:00","og_image":[{"width":600,"height":400,"url":"https:\/\/aconteceunovale.com.br\/portal\/wp-content\/uploads\/2017\/08\/atletico_jw.jpg","type":"image\/jpeg"}],"author":"Aconteceu no Vale","twitter_card":"summary_large_image","twitter_creator":"@noticiadosvales","twitter_site":"@noticiadosvales","twitter_misc":{"Escrito por":"Aconteceu no Vale","Est. tempo de leitura":"3 minutos"},"schema":{"@context":"https:\/\/schema.org","@graph":[{"@type":"Article","@id":"https:\/\/aconteceunovale.com.br\/portal\/?p=120023#article","isPartOf":{"@id":"https:\/\/aconteceunovale.com.br\/portal\/?p=120023"},"author":{"name":"Aconteceu no Vale","@id":"https:\/\/aconteceunovale.com.br\/portal\/#\/schema\/person\/633529146f2c94272bef50ac2953d589"},"headline":"Atl\u00e9tico \u00e9 eliminado da Libertadores","datePublished":"2017-08-10T03:06:23+00:00","mainEntityOfPage":{"@id":"https:\/\/aconteceunovale.com.br\/portal\/?p=120023"},"wordCount":672,"commentCount":0,"image":{"@id":"https:\/\/aconteceunovale.com.br\/portal\/?p=120023#primaryimage"},"thumbnailUrl":"https:\/\/aconteceunovale.com.br\/portal\/wp-content\/uploads\/2017\/08\/atletico_jw.jpg","keywords":["Atl\u00e9tico","ATL\u00c9TICO 0 X 0 JORGE WILSTERMANN","Atl\u00e9tico \u00e9 eliminado da Libertadores","Atl\u00e9tico eliminado da libertadores","Atl\u00e9tico est\u00e1 eliminado da Copa Libertadores","Atl\u00e9tico Mineiro","Atl\u00e9tico-MG","Copa Libertadores","galo","Galo eliminado da Libertadores","Jorge Wilstermann","Libertadores","Libertadores 2017","Ta\u00e7a Libertadores"],"articleSection":["Esportes"],"inLanguage":"pt-BR","potentialAction":[{"@type":"CommentAction","name":"Comment","target":["https:\/\/aconteceunovale.com.br\/portal\/?p=120023#respond"]}]},{"@type":"WebPage","@id":"https:\/\/aconteceunovale.com.br\/portal\/?p=120023","url":"https:\/\/aconteceunovale.com.br\/portal\/?p=120023","name":"Atl\u00e9tico \u00e9 eliminado da Libertadores - Aconteceu no Vale","isPartOf":{"@id":"https:\/\/aconteceunovale.com.br\/portal\/#website"},"primaryImageOfPage":{"@id":"https:\/\/aconteceunovale.com.br\/portal\/?p=120023#primaryimage"},"image":{"@id":"https:\/\/aconteceunovale.com.br\/portal\/?p=120023#primaryimage"},"thumbnailUrl":"https:\/\/aconteceunovale.com.br\/portal\/wp-content\/uploads\/2017\/08\/atletico_jw.jpg","datePublished":"2017-08-10T03:06:23+00:00","author":{"@id":"https:\/\/aconteceunovale.com.br\/portal\/#\/schema\/person\/633529146f2c94272bef50ac2953d589"},"breadcrumb":{"@id":"https:\/\/aconteceunovale.com.br\/portal\/?p=120023#breadcrumb"},"inLanguage":"pt-BR","potentialAction":[{"@type":"ReadAction","target":["https:\/\/aconteceunovale.com.br\/portal\/?p=120023"]}]},{"@type":"ImageObject","inLanguage":"pt-BR","@id":"https:\/\/aconteceunovale.com.br\/portal\/?p=120023#primaryimage","url":"https:\/\/aconteceunovale.com.br\/portal\/wp-content\/uploads\/2017\/08\/atletico_jw.jpg","contentUrl":"https:\/\/aconteceunovale.com.br\/portal\/wp-content\/uploads\/2017\/08\/atletico_jw.jpg","width":600,"height":400},{"@type":"BreadcrumbList","@id":"https:\/\/aconteceunovale.com.br\/portal\/?p=120023#breadcrumb","itemListElement":[{"@type":"ListItem","position":1,"name":"In\u00edcio","item":"https:\/\/aconteceunovale.com.br\/portal\/"},{"@type":"ListItem","position":2,"name":"Atl\u00e9tico \u00e9 eliminado da Libertadores"}]},{"@type":"WebSite","@id":"https:\/\/aconteceunovale.com.br\/portal\/#website","url":"https:\/\/aconteceunovale.com.br\/portal\/","name":"Aconteceu no Vale","description":"Portal de Not\u00edcias","potentialAction":[{"@type":"SearchAction","target":{"@type":"EntryPoint","urlTemplate":"https:\/\/aconteceunovale.com.br\/portal\/?s={search_term_string}"},"query-input":{"@type":"PropertyValueSpecification","valueRequired":true,"valueName":"search_term_string"}}],"inLanguage":"pt-BR"},{"@type":"Person","@id":"https:\/\/aconteceunovale.com.br\/portal\/#\/schema\/person\/633529146f2c94272bef50ac2953d589","name":"Aconteceu no Vale","description":"Equipe de reportagem do Aconteceu no Vale, portal de not\u00edcias do Vale do Jequitinhonha, em Minas Gerais. Cobrimos as 51 cidades do Vale desde 2013. Sugest\u00f5es de pauta e pedidos de corre\u00e7\u00e3o: contato@aconteceunovale.com.br","sameAs":["http:\/\/www.aconteceunovale.com.br"],"url":"https:\/\/aconteceunovale.com.br\/portal\/?author=1"}]}},"_links":{"self":[{"href":"https:\/\/aconteceunovale.com.br\/portal\/index.php?rest_route=\/wp\/v2\/posts\/120023","targetHints":{"allow":["GET"]}}],"collection":[{"href":"https:\/\/aconteceunovale.com.br\/portal\/index.php?rest_route=\/wp\/v2\/posts"}],"about":[{"href":"https:\/\/aconteceunovale.com.br\/portal\/index.php?rest_route=\/wp\/v2\/types\/post"}],"author":[{"embeddable":true,"href":"https:\/\/aconteceunovale.com.br\/portal\/index.php?rest_route=\/wp\/v2\/users\/1"}],"replies":[{"embeddable":true,"href":"https:\/\/aconteceunovale.com.br\/portal\/index.php?rest_route=%2Fwp%2Fv2%2Fcomments&post=120023"}],"version-history":[{"count":0,"href":"https:\/\/aconteceunovale.com.br\/portal\/index.php?rest_route=\/wp\/v2\/posts\/120023\/revisions"}],"wp:featuredmedia":[{"embeddable":true,"href":"https:\/\/aconteceunovale.com.br\/portal\/index.php?rest_route=\/wp\/v2\/media\/120024"}],"wp:attachment":[{"href":"https:\/\/aconteceunovale.com.br\/portal\/index.php?rest_route=%2Fwp%2Fv2%2Fmedia&parent=120023"}],"wp:term":[{"taxonomy":"category","embeddable":true,"href":"https:\/\/aconteceunovale.com.br\/portal\/index.php?rest_route=%2Fwp%2Fv2%2Fcategories&post=120023"},{"taxonomy":"post_tag","embeddable":true,"href":"https:\/\/aconteceunovale.com.br\/portal\/index.php?rest_route=%2Fwp%2Fv2%2Ftags&post=120023"}],"curies":[{"name":"wp","href":"https:\/\/api.w.org\/{rel}","templated":true}]}}