{"id":120020,"date":"2017-08-10T00:31:21","date_gmt":"2017-08-10T02:31:21","guid":{"rendered":"http:\/\/aconteceunovale.com.br\/portal\/?p=120020"},"modified":"2017-08-10T22:54:01","modified_gmt":"2017-08-11T00:54:01","slug":"adolescente-morre-atropelado-por-trem-ao-fazer-selfies-sobre-linha-ferrea-em-governador-valadares","status":"publish","type":"post","link":"https:\/\/aconteceunovale.com.br\/portal\/?p=120020","title":{"rendered":"Adolescente morre atropelado por trem ao fazer selfies sobre linha f\u00e9rrea em Governador Valadares"},"content":{"rendered":"<p>A desaten\u00e7\u00e3o de um adolescente de 17 anos ao fazer uma selfie terminou em morte em Governador Valadares, no Vale do Rio Doce. O estudante S\u00e9rgio Augusto Rebelo de Aguiar, de 17 anos, fazia a foto na linha f\u00e9rrea, em local conhecido como Pontilh\u00e3o de Derribadinha, quando acabou morrendo atropelado na tarde desta quarta-feira (09\/08\/2017). Ele estava t\u00e3o concentrado na selfie que n\u00e3o percebeu o trem chegar na Estrada de Ferro Vit\u00f3ria a Minas.<\/p>\n<p>De acordo com a Pol\u00edcia Militar, a v\u00edtima estava junto com outro adolescente, de 15 anos, na altura do KM 314 da linha f\u00e9rrea. Esse amigo contou para os militares que a v\u00edtima tinha fumado maconha antes do acidente. Uma pequena por\u00e7\u00e3o da droga foi encontrada pr\u00f3xima ao local do atropelamento. No bolso da v\u00edtima ainda havia seda e um col\u00edrio.<\/p>\n<p>O maquinista, segundo a pol\u00edcia, contou que estava no sentido Vit\u00f3ria \/ Belo Horizonte quando ap\u00f3s uma curva \u00e0 direita percebeu que a 300 metros havia duas pessoas na linha f\u00e9rrea. Ele chegou a acionar a buzina e o sistema de freios emergencial do trem, uma pessoa saiu da linha, mas o menino acabou permanecendo na linha f\u00e9rrea.<\/p>\n<p>Ainda, segundo o maquinista, ap\u00f3s v\u00e1rias buzinadas, o estudante tentou sair da linha quando a locomotiva chegou muito perto dele, por\u00e9m ele n\u00e3o conseguiu e acabou atropelado pela locomotiva. Ele ainda caiu de uma altura de 10 metros.<\/p>\n<p><img decoding=\"async\" src=\"http:\/\/aconteceunovale.com.br\/portal\/wp-content\/uploads\/2017\/08\/atropelado_trem_gv.jpg\" alt=\"\" \/><em>V\u00edtima fazia selfies em ponte sobre a linha f\u00e9rrea (Foto: Roberto Higino\/Reprodu\u00e7\u00e3o G1)<\/em><br \/>\n<\/br><\/p>\n<p>O amigo confirmou o que foi dito pelo maquinista e contou ainda que tentou chamar a v\u00edtima, mas Aguiar estava concentrado na foto e n\u00e3o deu aten\u00e7\u00e3o para ele. A per\u00edcia da Pol\u00edcia Civil esteve no local do acidente e o corpo foi encaminhado para o Instituto M\u00e9dico-Legal (IML) de Governador Valadares.<\/p>\n<p>Por causa do acidente, o trem precisou ficar parado por cerca de duas horas. Por meio de nota a Vale, respons\u00e1vel pelo trem lamentou ocorrido e disse que o socorro foi prestado imediatamente. \u201cA Vale lamenta informar que nesta quarta-feira, dia 9 de agosto, por volta das 13 horas, uma pessoa foi atingida por uma composi\u00e7\u00e3o ferrovi\u00e1ria em Derribadinha (MG), regi\u00e3o pr\u00f3xima a Governador Valadares, quando encontrava-se sobre a ferrovia, em local n\u00e3o autorizado \u00e0 circula\u00e7\u00e3o de pedestres. Equipes de socorro e autoridades policiais foram imediatamente acionadas para tomar as provid\u00eancias cab\u00edveis, mas a pessoa n\u00e3o resistiu aos ferimentos e morreu no local\u201d, escreveu a empresa por nota.<\/p>\n<p>Ainda de acordo com a Vale o maquinista seguiu todos os procedimentos de seguran\u00e7a, alertando com buzina e far\u00f3is e acionando os freios de emerg\u00eancia. \u201cCabe ressaltar que, em virtude da in\u00e9rcia, um trem pode percorrer centenas de metros al\u00e9m do local onde foram acionados os freios de emerg\u00eancia antes de parar totalmente\u201d, diz a nota.<\/p>\n<p>A Vale ressaltou ainda que a conviv\u00eancia segura com a ferrovia depende de procedimentos simples \u201cque devem ser observados por todos, maquinistas e comunidades. Frequentemente, a empresa realiza a\u00e7\u00f5es de conscientiza\u00e7\u00e3o nos munic\u00edpios localizados ao longo da Estrada de Ferro Vit\u00f3ria a Minas (EFVM), alertando sobre a import\u00e2ncia de uma conviv\u00eancia segura e harm\u00f4nica com a ferrovia.  A Vale reitera seu compromisso com a seguran\u00e7a de suas opera\u00e7\u00f5es, bem como das comunidades ao longo da EFVM\u201d, concluiu a nota.<\/p>\n<p><strong>VER PRIMEIRO<\/strong><\/p>\n<p>Receba as not\u00edcias do Aconteceu no Vale em primeira m\u00e3o. Clique em curtir no endere\u00e7o <a href=\"https:\/\/www.facebook.com\/aconteceunovale\" target=\"_blank\"><font color=\"red\">www.facebook.com\/aconteceunovale<\/font><\/a> ou no box abaixo:<\/p>\n<div class=\"fb-like\" data-href=\"https:\/\/www.facebook.com\/aconteceunovale\" data-width=\"120\" data-layout=\"standard\" data-action=\"like\" data-size=\"small\" data-show-faces=\"true\" data-share=\"true\"><\/div>\n<p><\/br><\/p>\n<p><em>(Fonte: O Tempo \/ Rep\u00f3rter: Nat\u00e1lia Oliveira)<\/em><\/p>\n","protected":false},"excerpt":{"rendered":"<p>A desaten\u00e7\u00e3o de um adolescente de 17 anos ao fazer uma selfie terminou em morte em Governador Valadares, no Vale do Rio Doce. O estudante S\u00e9rgio Augusto Rebelo de Aguiar, de 17 anos, fazia a foto na linha f\u00e9rrea, em local conhecido como Pontilh\u00e3o de Derribadinha, quando acabou morrendo atropelado na tarde desta quarta-feira (09\/08\/2017). [&hellip;]<\/p>\n","protected":false},"author":1,"featured_media":120021,"comment_status":"open","ping_status":"closed","sticky":false,"template":"","format":"standard","meta":{"amp_status":"","footnotes":""},"categories":[121],"tags":[157227,145694,49125,157226,157224,157225,1018,27760,26413,247,157242,2910],"class_list":["post-120020","post","type-post","status-publish","format-standard","has-post-thumbnail","hentry","category-leste","tag-adolescente-morre-atropelado-por-trem-ao-fazer-selfies-sobre-linha-ferrea-em-governador-valadares","tag-atropelado-em-governador-valadares","tag-atropelado-por-trem-da-vale","tag-atropelado-por-trem-em-governador-valadares","tag-atropelado-por-trem-na-efvm","tag-atropelado-por-trem-na-estrada-de-ferro-vitoria-a-minas","tag-destaque","tag-efvm","tag-estrada-de-ferro-vitoria-a-minas","tag-governador-valadares","tag-sergio-augusto-rebelo-de-aguiar","tag-vale"],"yoast_head":"<!-- This site is optimized with the Yoast SEO plugin v28.3 - https:\/\/yoast.com\/product\/yoast-seo-wordpress\/ -->\n<title>Adolescente morre atropelado por trem ao fazer selfies sobre linha f\u00e9rrea em Governador Valadares - Aconteceu no Vale<\/title>\n<meta name=\"robots\" content=\"index, follow, max-snippet:-1, max-image-preview:large, max-video-preview:-1\" \/>\n<link rel=\"canonical\" href=\"https:\/\/aconteceunovale.com.br\/portal\/?p=120020\" \/>\n<meta property=\"og:locale\" content=\"pt_BR\" \/>\n<meta property=\"og:type\" content=\"article\" \/>\n<meta property=\"og:title\" content=\"Adolescente morre atropelado por trem ao fazer selfies sobre linha f\u00e9rrea em Governador Valadares - Aconteceu no Vale\" \/>\n<meta property=\"og:description\" content=\"A desaten\u00e7\u00e3o de um adolescente de 17 anos ao fazer uma selfie terminou em morte em Governador Valadares, no Vale do Rio Doce. O estudante S\u00e9rgio Augusto Rebelo de Aguiar, de 17 anos, fazia a foto na linha f\u00e9rrea, em local conhecido como Pontilh\u00e3o de Derribadinha, quando acabou morrendo atropelado na tarde desta quarta-feira (09\/08\/2017). [&hellip;]\" \/>\n<meta property=\"og:url\" content=\"https:\/\/aconteceunovale.com.br\/portal\/?p=120020\" \/>\n<meta property=\"og:site_name\" content=\"Aconteceu no Vale\" \/>\n<meta property=\"article:publisher\" content=\"https:\/\/www.facebook.com\/aconteceunovale\/\" \/>\n<meta property=\"article:published_time\" content=\"2017-08-10T02:31:21+00:00\" \/>\n<meta property=\"article:modified_time\" content=\"2017-08-11T00:54:01+00:00\" \/>\n<meta property=\"og:image\" content=\"https:\/\/aconteceunovale.com.br\/portal\/wp-content\/uploads\/2017\/08\/atropelado_trem_gv.jpg\" \/>\n\t<meta property=\"og:image:width\" content=\"678\" \/>\n\t<meta property=\"og:image:height\" content=\"381\" \/>\n\t<meta property=\"og:image:type\" content=\"image\/jpeg\" \/>\n<meta name=\"author\" content=\"Aconteceu no Vale\" \/>\n<meta name=\"twitter:card\" content=\"summary_large_image\" \/>\n<meta name=\"twitter:creator\" content=\"@noticiadosvales\" \/>\n<meta name=\"twitter:site\" content=\"@noticiadosvales\" \/>\n<meta name=\"twitter:label1\" content=\"Escrito por\" \/>\n\t<meta name=\"twitter:data1\" content=\"Aconteceu no Vale\" \/>\n\t<meta name=\"twitter:label2\" content=\"Est. tempo de leitura\" \/>\n\t<meta name=\"twitter:data2\" content=\"3 minutos\" \/>\n<script type=\"application\/ld+json\" class=\"yoast-schema-graph\">{\"@context\":\"https:\\\/\\\/schema.org\",\"@graph\":[{\"@type\":\"Article\",\"@id\":\"https:\\\/\\\/aconteceunovale.com.br\\\/portal\\\/?p=120020#article\",\"isPartOf\":{\"@id\":\"https:\\\/\\\/aconteceunovale.com.br\\\/portal\\\/?p=120020\"},\"author\":{\"name\":\"Aconteceu no Vale\",\"@id\":\"https:\\\/\\\/aconteceunovale.com.br\\\/portal\\\/#\\\/schema\\\/person\\\/633529146f2c94272bef50ac2953d589\"},\"headline\":\"Adolescente morre atropelado por trem ao fazer selfies sobre linha f\u00e9rrea em Governador Valadares\",\"datePublished\":\"2017-08-10T02:31:21+00:00\",\"dateModified\":\"2017-08-11T00:54:01+00:00\",\"mainEntityOfPage\":{\"@id\":\"https:\\\/\\\/aconteceunovale.com.br\\\/portal\\\/?p=120020\"},\"wordCount\":638,\"commentCount\":0,\"image\":{\"@id\":\"https:\\\/\\\/aconteceunovale.com.br\\\/portal\\\/?p=120020#primaryimage\"},\"thumbnailUrl\":\"https:\\\/\\\/aconteceunovale.com.br\\\/portal\\\/wp-content\\\/uploads\\\/2017\\\/08\\\/atropelado_trem_gv.jpg\",\"keywords\":[\"Adolescente morre atropelado por trem ao fazer selfies sobre linha f\u00e9rrea em Governador Valadares\",\"Atropelado em Governador Valadares\",\"atropelado por trem da vale\",\"Atropelado por trem em Governador Valadares\",\"Atropelado por trem na EFVM\",\"Atropelado por trem na Estrada de Ferro Vit\u00f3ria a Minas\",\"destaque\",\"EFVM\",\"Estrada de Ferro Vit\u00f3ria a Minas\",\"Governador Valadares\",\"S\u00e9rgio Augusto Rebelo de Aguiar\",\"Vale\"],\"articleSection\":[\"Leste de Minas\"],\"inLanguage\":\"pt-BR\",\"potentialAction\":[{\"@type\":\"CommentAction\",\"name\":\"Comment\",\"target\":[\"https:\\\/\\\/aconteceunovale.com.br\\\/portal\\\/?p=120020#respond\"]}]},{\"@type\":\"WebPage\",\"@id\":\"https:\\\/\\\/aconteceunovale.com.br\\\/portal\\\/?p=120020\",\"url\":\"https:\\\/\\\/aconteceunovale.com.br\\\/portal\\\/?p=120020\",\"name\":\"Adolescente morre atropelado por trem ao fazer selfies sobre linha f\u00e9rrea em Governador Valadares - Aconteceu no Vale\",\"isPartOf\":{\"@id\":\"https:\\\/\\\/aconteceunovale.com.br\\\/portal\\\/#website\"},\"primaryImageOfPage\":{\"@id\":\"https:\\\/\\\/aconteceunovale.com.br\\\/portal\\\/?p=120020#primaryimage\"},\"image\":{\"@id\":\"https:\\\/\\\/aconteceunovale.com.br\\\/portal\\\/?p=120020#primaryimage\"},\"thumbnailUrl\":\"https:\\\/\\\/aconteceunovale.com.br\\\/portal\\\/wp-content\\\/uploads\\\/2017\\\/08\\\/atropelado_trem_gv.jpg\",\"datePublished\":\"2017-08-10T02:31:21+00:00\",\"dateModified\":\"2017-08-11T00:54:01+00:00\",\"author\":{\"@id\":\"https:\\\/\\\/aconteceunovale.com.br\\\/portal\\\/#\\\/schema\\\/person\\\/633529146f2c94272bef50ac2953d589\"},\"breadcrumb\":{\"@id\":\"https:\\\/\\\/aconteceunovale.com.br\\\/portal\\\/?p=120020#breadcrumb\"},\"inLanguage\":\"pt-BR\",\"potentialAction\":[{\"@type\":\"ReadAction\",\"target\":[\"https:\\\/\\\/aconteceunovale.com.br\\\/portal\\\/?p=120020\"]}]},{\"@type\":\"ImageObject\",\"inLanguage\":\"pt-BR\",\"@id\":\"https:\\\/\\\/aconteceunovale.com.br\\\/portal\\\/?p=120020#primaryimage\",\"url\":\"https:\\\/\\\/aconteceunovale.com.br\\\/portal\\\/wp-content\\\/uploads\\\/2017\\\/08\\\/atropelado_trem_gv.jpg\",\"contentUrl\":\"https:\\\/\\\/aconteceunovale.com.br\\\/portal\\\/wp-content\\\/uploads\\\/2017\\\/08\\\/atropelado_trem_gv.jpg\",\"width\":678,\"height\":381},{\"@type\":\"BreadcrumbList\",\"@id\":\"https:\\\/\\\/aconteceunovale.com.br\\\/portal\\\/?p=120020#breadcrumb\",\"itemListElement\":[{\"@type\":\"ListItem\",\"position\":1,\"name\":\"In\u00edcio\",\"item\":\"https:\\\/\\\/aconteceunovale.com.br\\\/portal\\\/\"},{\"@type\":\"ListItem\",\"position\":2,\"name\":\"Adolescente morre atropelado por trem ao fazer selfies sobre linha f\u00e9rrea em Governador Valadares\"}]},{\"@type\":\"WebSite\",\"@id\":\"https:\\\/\\\/aconteceunovale.com.br\\\/portal\\\/#website\",\"url\":\"https:\\\/\\\/aconteceunovale.com.br\\\/portal\\\/\",\"name\":\"Aconteceu no Vale\",\"description\":\"Portal de Not\u00edcias\",\"potentialAction\":[{\"@type\":\"SearchAction\",\"target\":{\"@type\":\"EntryPoint\",\"urlTemplate\":\"https:\\\/\\\/aconteceunovale.com.br\\\/portal\\\/?s={search_term_string}\"},\"query-input\":{\"@type\":\"PropertyValueSpecification\",\"valueRequired\":true,\"valueName\":\"search_term_string\"}}],\"inLanguage\":\"pt-BR\"},{\"@type\":\"Person\",\"@id\":\"https:\\\/\\\/aconteceunovale.com.br\\\/portal\\\/#\\\/schema\\\/person\\\/633529146f2c94272bef50ac2953d589\",\"name\":\"Aconteceu no Vale\",\"description\":\"Equipe de reportagem do Aconteceu no Vale, portal de not\u00edcias do Vale do Jequitinhonha, em Minas Gerais. Cobrimos as 51 cidades do Vale desde 2013. Sugest\u00f5es de pauta e pedidos de corre\u00e7\u00e3o: contato@aconteceunovale.com.br\",\"sameAs\":[\"http:\\\/\\\/www.aconteceunovale.com.br\"],\"url\":\"https:\\\/\\\/aconteceunovale.com.br\\\/portal\\\/?author=1\"}]}<\/script>\n<!-- \/ Yoast SEO plugin. -->","yoast_head_json":{"title":"Adolescente morre atropelado por trem ao fazer selfies sobre linha f\u00e9rrea em Governador Valadares - Aconteceu no Vale","robots":{"index":"index","follow":"follow","max-snippet":"max-snippet:-1","max-image-preview":"max-image-preview:large","max-video-preview":"max-video-preview:-1"},"canonical":"https:\/\/aconteceunovale.com.br\/portal\/?p=120020","og_locale":"pt_BR","og_type":"article","og_title":"Adolescente morre atropelado por trem ao fazer selfies sobre linha f\u00e9rrea em Governador Valadares - Aconteceu no Vale","og_description":"A desaten\u00e7\u00e3o de um adolescente de 17 anos ao fazer uma selfie terminou em morte em Governador Valadares, no Vale do Rio Doce. O estudante S\u00e9rgio Augusto Rebelo de Aguiar, de 17 anos, fazia a foto na linha f\u00e9rrea, em local conhecido como Pontilh\u00e3o de Derribadinha, quando acabou morrendo atropelado na tarde desta quarta-feira (09\/08\/2017). [&hellip;]","og_url":"https:\/\/aconteceunovale.com.br\/portal\/?p=120020","og_site_name":"Aconteceu no Vale","article_publisher":"https:\/\/www.facebook.com\/aconteceunovale\/","article_published_time":"2017-08-10T02:31:21+00:00","article_modified_time":"2017-08-11T00:54:01+00:00","og_image":[{"width":678,"height":381,"url":"https:\/\/aconteceunovale.com.br\/portal\/wp-content\/uploads\/2017\/08\/atropelado_trem_gv.jpg","type":"image\/jpeg"}],"author":"Aconteceu no Vale","twitter_card":"summary_large_image","twitter_creator":"@noticiadosvales","twitter_site":"@noticiadosvales","twitter_misc":{"Escrito por":"Aconteceu no Vale","Est. tempo de leitura":"3 minutos"},"schema":{"@context":"https:\/\/schema.org","@graph":[{"@type":"Article","@id":"https:\/\/aconteceunovale.com.br\/portal\/?p=120020#article","isPartOf":{"@id":"https:\/\/aconteceunovale.com.br\/portal\/?p=120020"},"author":{"name":"Aconteceu no Vale","@id":"https:\/\/aconteceunovale.com.br\/portal\/#\/schema\/person\/633529146f2c94272bef50ac2953d589"},"headline":"Adolescente morre atropelado por trem ao fazer selfies sobre linha f\u00e9rrea em Governador Valadares","datePublished":"2017-08-10T02:31:21+00:00","dateModified":"2017-08-11T00:54:01+00:00","mainEntityOfPage":{"@id":"https:\/\/aconteceunovale.com.br\/portal\/?p=120020"},"wordCount":638,"commentCount":0,"image":{"@id":"https:\/\/aconteceunovale.com.br\/portal\/?p=120020#primaryimage"},"thumbnailUrl":"https:\/\/aconteceunovale.com.br\/portal\/wp-content\/uploads\/2017\/08\/atropelado_trem_gv.jpg","keywords":["Adolescente morre atropelado por trem ao fazer selfies sobre linha f\u00e9rrea em Governador Valadares","Atropelado em Governador Valadares","atropelado por trem da vale","Atropelado por trem em Governador Valadares","Atropelado por trem na EFVM","Atropelado por trem na Estrada de Ferro Vit\u00f3ria a Minas","destaque","EFVM","Estrada de Ferro Vit\u00f3ria a Minas","Governador Valadares","S\u00e9rgio Augusto Rebelo de Aguiar","Vale"],"articleSection":["Leste de Minas"],"inLanguage":"pt-BR","potentialAction":[{"@type":"CommentAction","name":"Comment","target":["https:\/\/aconteceunovale.com.br\/portal\/?p=120020#respond"]}]},{"@type":"WebPage","@id":"https:\/\/aconteceunovale.com.br\/portal\/?p=120020","url":"https:\/\/aconteceunovale.com.br\/portal\/?p=120020","name":"Adolescente morre atropelado por trem ao fazer selfies sobre linha f\u00e9rrea em Governador Valadares - Aconteceu no Vale","isPartOf":{"@id":"https:\/\/aconteceunovale.com.br\/portal\/#website"},"primaryImageOfPage":{"@id":"https:\/\/aconteceunovale.com.br\/portal\/?p=120020#primaryimage"},"image":{"@id":"https:\/\/aconteceunovale.com.br\/portal\/?p=120020#primaryimage"},"thumbnailUrl":"https:\/\/aconteceunovale.com.br\/portal\/wp-content\/uploads\/2017\/08\/atropelado_trem_gv.jpg","datePublished":"2017-08-10T02:31:21+00:00","dateModified":"2017-08-11T00:54:01+00:00","author":{"@id":"https:\/\/aconteceunovale.com.br\/portal\/#\/schema\/person\/633529146f2c94272bef50ac2953d589"},"breadcrumb":{"@id":"https:\/\/aconteceunovale.com.br\/portal\/?p=120020#breadcrumb"},"inLanguage":"pt-BR","potentialAction":[{"@type":"ReadAction","target":["https:\/\/aconteceunovale.com.br\/portal\/?p=120020"]}]},{"@type":"ImageObject","inLanguage":"pt-BR","@id":"https:\/\/aconteceunovale.com.br\/portal\/?p=120020#primaryimage","url":"https:\/\/aconteceunovale.com.br\/portal\/wp-content\/uploads\/2017\/08\/atropelado_trem_gv.jpg","contentUrl":"https:\/\/aconteceunovale.com.br\/portal\/wp-content\/uploads\/2017\/08\/atropelado_trem_gv.jpg","width":678,"height":381},{"@type":"BreadcrumbList","@id":"https:\/\/aconteceunovale.com.br\/portal\/?p=120020#breadcrumb","itemListElement":[{"@type":"ListItem","position":1,"name":"In\u00edcio","item":"https:\/\/aconteceunovale.com.br\/portal\/"},{"@type":"ListItem","position":2,"name":"Adolescente morre atropelado por trem ao fazer selfies sobre linha f\u00e9rrea em Governador Valadares"}]},{"@type":"WebSite","@id":"https:\/\/aconteceunovale.com.br\/portal\/#website","url":"https:\/\/aconteceunovale.com.br\/portal\/","name":"Aconteceu no Vale","description":"Portal de Not\u00edcias","potentialAction":[{"@type":"SearchAction","target":{"@type":"EntryPoint","urlTemplate":"https:\/\/aconteceunovale.com.br\/portal\/?s={search_term_string}"},"query-input":{"@type":"PropertyValueSpecification","valueRequired":true,"valueName":"search_term_string"}}],"inLanguage":"pt-BR"},{"@type":"Person","@id":"https:\/\/aconteceunovale.com.br\/portal\/#\/schema\/person\/633529146f2c94272bef50ac2953d589","name":"Aconteceu no Vale","description":"Equipe de reportagem do Aconteceu no Vale, portal de not\u00edcias do Vale do Jequitinhonha, em Minas Gerais. Cobrimos as 51 cidades do Vale desde 2013. Sugest\u00f5es de pauta e pedidos de corre\u00e7\u00e3o: contato@aconteceunovale.com.br","sameAs":["http:\/\/www.aconteceunovale.com.br"],"url":"https:\/\/aconteceunovale.com.br\/portal\/?author=1"}]}},"_links":{"self":[{"href":"https:\/\/aconteceunovale.com.br\/portal\/index.php?rest_route=\/wp\/v2\/posts\/120020","targetHints":{"allow":["GET"]}}],"collection":[{"href":"https:\/\/aconteceunovale.com.br\/portal\/index.php?rest_route=\/wp\/v2\/posts"}],"about":[{"href":"https:\/\/aconteceunovale.com.br\/portal\/index.php?rest_route=\/wp\/v2\/types\/post"}],"author":[{"embeddable":true,"href":"https:\/\/aconteceunovale.com.br\/portal\/index.php?rest_route=\/wp\/v2\/users\/1"}],"replies":[{"embeddable":true,"href":"https:\/\/aconteceunovale.com.br\/portal\/index.php?rest_route=%2Fwp%2Fv2%2Fcomments&post=120020"}],"version-history":[{"count":0,"href":"https:\/\/aconteceunovale.com.br\/portal\/index.php?rest_route=\/wp\/v2\/posts\/120020\/revisions"}],"wp:featuredmedia":[{"embeddable":true,"href":"https:\/\/aconteceunovale.com.br\/portal\/index.php?rest_route=\/wp\/v2\/media\/120021"}],"wp:attachment":[{"href":"https:\/\/aconteceunovale.com.br\/portal\/index.php?rest_route=%2Fwp%2Fv2%2Fmedia&parent=120020"}],"wp:term":[{"taxonomy":"category","embeddable":true,"href":"https:\/\/aconteceunovale.com.br\/portal\/index.php?rest_route=%2Fwp%2Fv2%2Fcategories&post=120020"},{"taxonomy":"post_tag","embeddable":true,"href":"https:\/\/aconteceunovale.com.br\/portal\/index.php?rest_route=%2Fwp%2Fv2%2Ftags&post=120020"}],"curies":[{"name":"wp","href":"https:\/\/api.w.org\/{rel}","templated":true}]}}