{"id":119845,"date":"2017-08-07T13:34:51","date_gmt":"2017-08-07T15:34:51","guid":{"rendered":"http:\/\/aconteceunovale.com.br\/portal\/?p=119845"},"modified":"2017-08-07T13:34:51","modified_gmt":"2017-08-07T15:34:51","slug":"comecam-nesta-segunda-feira-as-inscricoes-do-encceja-2017","status":"publish","type":"post","link":"https:\/\/aconteceunovale.com.br\/portal\/?p=119845","title":{"rendered":"Come\u00e7am nesta segunda-feira as inscri\u00e7\u00f5es do Encceja 2017"},"content":{"rendered":"<p>Come\u00e7am hoje (07\/08\/2017) as inscri\u00e7\u00f5es para o Exame Nacional para Certifica\u00e7\u00e3o de Compet\u00eancias de Jovens e Adultos (Encceja) 2017. Ele \u00e9 direcionado aos jovens e adultos que n\u00e3o tiveram a oportunidade de concluir seus estudos em idade pr\u00f3pria. A prova ocorrer\u00e1 em 22 de outubro.<\/p>\n<p>As inscri\u00e7\u00f5es s\u00e3o gratuitas e v\u00e3o at\u00e9 o pr\u00f3ximo dia 18. Elas podem ser feitas exclusivamente na internet, pelo\u00a0<span style=\"text-decoration: underline;\"><span style=\"color: #ff0000;\"><a href=\"http:\/\/enccejanacional.inep.gov.br\/encceja\/#!\/primeiroAcesso\" target=\"_blank\"><span style=\"color: #ff0000; text-decoration: underline;\">sistema de inscri\u00e7\u00e3o<\/span><\/a><\/span><\/span>\u00a0dispon\u00edvel no portal do Instituto Nacional de Estudos e Pesquisas Educacionais An\u00edsio Teixeira (Inep).<\/p>\n<p>Para participar do Encceja, o estudante precisa ter, no m\u00ednimo, 15 anos completos na data de realiza\u00e7\u00e3o do exame, para quem busca a certifica\u00e7\u00e3o do ensino fundamental. Quem busca a certifica\u00e7\u00e3o do ensino m\u00e9dio precisa ter, no m\u00ednimo, 18 anos completos na data da prova.<\/p>\n<p>O exame tem quatro provas objetivas, cada uma com 30 quest\u00f5es de m\u00faltipla escolha, e uma proposta de reda\u00e7\u00e3o. Na\u00a0<span style=\"text-decoration: underline;\"><span style=\"color: #ff0000; text-decoration: underline;\"><a href=\"http:\/\/portal.inep.gov.br\/educacao-basica\/encceja\/pagina-do-participante-nacional\" target=\"_blank\"><span style=\"color: #ff0000; text-decoration: underline;\">P\u00e1gina do Participante<\/span><\/a><\/span><\/span>\u00a0\u00e9 poss\u00edvel se informar sobre as compet\u00eancias que ser\u00e3o cobradas na prova.<\/p>\n<p>O Encceja Nacional oferece atendimento especializado, espec\u00edfico e aux\u00edlios ou recursos de acessibilidade, que devem ser solicitados durante a inscri\u00e7\u00e3o; eles est\u00e3o listados no\u00a0<span style=\"text-decoration: underline;\"><span style=\"color: #ff0000; text-decoration: underline;\"><a href=\"http:\/\/download.inep.gov.br\/educacao_basica\/encceja\/nacional\/2017\/edital_n43_de_24072017_encceja_nacional_2017.pdf\" target=\"_blank\"><span style=\"color: #ff0000; text-decoration: underline;\">edital<\/span><\/a>\u00a0<\/span><\/span>e na P\u00e1gina do Participante. Tamb\u00e9m \u00e9 feito atendimento pelo nome social, para participante travesti ou transexual que quiser tratamento pela sua identidade de g\u00eanero. Nesse caso, ele dever\u00e1 ser solicitado ap\u00f3s o per\u00edodo de inscri\u00e7\u00e3o, entre 21 e 25 de agosto, pelo sistema de inscri\u00e7\u00e3o.<\/p>\n<p>O Encceja para adultos sob penas privativas de liberdade e adolescentes sob medidas socioeducativas que incluam priva\u00e7\u00e3o de liberdade no Brasil (Encceja Nacional PPL) t\u00eam edital, per\u00edodo de inscri\u00e7\u00e3o e data de aplica\u00e7\u00e3o espec\u00edficos. Segundo o Inep, o edital do Encceja Nacional PPL ser\u00e1 divulgado em breve.<\/p>\n<p><strong>VER PRIMEIRO<\/strong><\/p>\n<p>Receba as not\u00edcias do Aconteceu no Vale em primeira m\u00e3o. Clique em curtir no endere\u00e7o <a href=\"https:\/\/www.facebook.com\/aconteceunovale\" target=\"_blank\"><font color=\"red\">www.facebook.com\/aconteceunovale<\/font><\/a> ou no box abaixo:<\/p>\n<div class=\"fb-like\" data-href=\"https:\/\/www.facebook.com\/aconteceunovale\" data-width=\"120\" data-layout=\"standard\" data-action=\"like\" data-size=\"small\" data-show-faces=\"true\" data-share=\"true\"><\/div>\n<p><\/br><\/p>\n<p><em>(Fonte: Ag\u00eancia Brasil)<\/em><\/p>\n","protected":false},"excerpt":{"rendered":"<p>Come\u00e7am hoje (07\/08\/2017) as inscri\u00e7\u00f5es para o Exame Nacional para Certifica\u00e7\u00e3o de Compet\u00eancias de Jovens e Adultos (Encceja) 2017. Ele \u00e9 direcionado aos jovens e adultos que n\u00e3o tiveram a oportunidade de concluir seus estudos em idade pr\u00f3pria. A prova ocorrer\u00e1 em 22 de outubro. As inscri\u00e7\u00f5es s\u00e3o gratuitas e v\u00e3o at\u00e9 o pr\u00f3ximo dia [&hellip;]<\/p>\n","protected":false},"author":1,"featured_media":119846,"comment_status":"open","ping_status":"closed","sticky":false,"template":"","format":"standard","meta":{"amp_status":"","footnotes":""},"categories":[6,40238],"tags":[156952,136391,156953,156954,156955,26061,144737,156951,18378,28879],"class_list":["post-119845","post","type-post","status-publish","format-standard","has-post-thumbnail","hentry","category-br","category-educacao-2","tag-comecam-nesta-segunda-feira-as-inscricoes-do-encceja-2017","tag-encceja","tag-encceja-2017","tag-encceja-nacional","tag-encceja-nacional-ppl","tag-ensino-medio","tag-exame-nacional-para-certificacao-de-competencias-de-jovens-e-adultos","tag-fundamental","tag-inep","tag-inscricoes"],"_links":{"self":[{"href":"https:\/\/aconteceunovale.com.br\/portal\/index.php?rest_route=\/wp\/v2\/posts\/119845","targetHints":{"allow":["GET"]}}],"collection":[{"href":"https:\/\/aconteceunovale.com.br\/portal\/index.php?rest_route=\/wp\/v2\/posts"}],"about":[{"href":"https:\/\/aconteceunovale.com.br\/portal\/index.php?rest_route=\/wp\/v2\/types\/post"}],"author":[{"embeddable":true,"href":"https:\/\/aconteceunovale.com.br\/portal\/index.php?rest_route=\/wp\/v2\/users\/1"}],"replies":[{"embeddable":true,"href":"https:\/\/aconteceunovale.com.br\/portal\/index.php?rest_route=%2Fwp%2Fv2%2Fcomments&post=119845"}],"version-history":[{"count":0,"href":"https:\/\/aconteceunovale.com.br\/portal\/index.php?rest_route=\/wp\/v2\/posts\/119845\/revisions"}],"wp:featuredmedia":[{"embeddable":true,"href":"https:\/\/aconteceunovale.com.br\/portal\/index.php?rest_route=\/wp\/v2\/media\/119846"}],"wp:attachment":[{"href":"https:\/\/aconteceunovale.com.br\/portal\/index.php?rest_route=%2Fwp%2Fv2%2Fmedia&parent=119845"}],"wp:term":[{"taxonomy":"category","embeddable":true,"href":"https:\/\/aconteceunovale.com.br\/portal\/index.php?rest_route=%2Fwp%2Fv2%2Fcategories&post=119845"},{"taxonomy":"post_tag","embeddable":true,"href":"https:\/\/aconteceunovale.com.br\/portal\/index.php?rest_route=%2Fwp%2Fv2%2Ftags&post=119845"}],"curies":[{"name":"wp","href":"https:\/\/api.w.org\/{rel}","templated":true}]}}