{"id":119829,"date":"2017-08-06T22:50:29","date_gmt":"2017-08-07T00:50:29","guid":{"rendered":"http:\/\/aconteceunovale.com.br\/portal\/?p=119829"},"modified":"2017-08-07T20:00:36","modified_gmt":"2017-08-07T22:00:36","slug":"cobranca-de-divida-termina-com-homem-assassinado-a-facadas-em-virgem-da-lapa","status":"publish","type":"post","link":"https:\/\/aconteceunovale.com.br\/portal\/?p=119829","title":{"rendered":"Cobran\u00e7a de d\u00edvida termina com homem assassinado a facadas em Virgem da Lapa"},"content":{"rendered":"<p>Um homem de 41 anos foi morto a facadas na tarde de s\u00e1bado (05\/08\/2017), no Bairro D\u00e9cio Costa, em Virgem da Lapa, no Vale do Jequitinhonha. Jos\u00e9 Ediv\u00e2nio Pacheco foi atingido por tr\u00eas golpes de faca nas costas e deu entrada sem vida no hospital local. O principal suspeito do crime, identificado como E.S.R, de 40, conhecido popularmente como Baiano, \u00e9 procurado pela pol\u00edcia. <\/p>\n<p>A Pol\u00edcia Militar (PM) foi acionada por volta das 17h10 e compareceu a uma resid\u00eancia localizada na Rua dos Passarinhos. No local, os militares foram informados por terceiros que o suspeito Baiano foi at\u00e9 a casa de Jos\u00e9 Ediv\u00e2nio para cobrar uma d\u00edvida e que ap\u00f3s atrito verbal, a v\u00edtima iniciou o regresso para o interior do im\u00f3vel, momento que fora surpreendido com golpes de faca nas costas.<\/p>\n<p>A v\u00edtima caiu ao solo e foi socorrida ao hospital do munic\u00edpio. No entanto, n\u00e3o resistiu aos graves ferimentos e, conforme informou o m\u00e9dico de plant\u00e3o aos militares, deu entrada sem vida na unidade de sa\u00fade com tr\u00eas perfura\u00e7\u00f5es profundas nas costas. O corpo foi removido ao Instituto M\u00e9dico Legal (IML) da regi\u00e3o.<\/p>\n<p>O suspeito fugiu em um carro, levando a arma do crime, e ainda n\u00e3o foi localizado. A PM informou que est\u00e3o sendo realizados rastreamentos cont\u00ednuos e ininterruptos com o objetivo de localizar e prender o criminoso. O caso ser\u00e1 investigado pela Pol\u00edcia Civil.<\/p>\n<p><strong>VER PRIMEIRO<\/strong><\/p>\n<p>Receba as not\u00edcias do Aconteceu no Vale em primeira m\u00e3o. Clique em curtir no endere\u00e7o <a href=\"https:\/\/www.facebook.com\/aconteceunovale\" target=\"_blank\"><font color=\"red\">www.facebook.com\/aconteceunovale<\/font><\/a> ou no box abaixo:<\/p>\n<div class=\"fb-like\" data-href=\"https:\/\/www.facebook.com\/aconteceunovale\" data-width=\"120\" data-layout=\"standard\" data-action=\"like\" data-size=\"small\" data-show-faces=\"true\" data-share=\"true\"><\/div>\n<p><\/br><\/p>\n","protected":false},"excerpt":{"rendered":"<p>Um homem de 41 anos foi morto a facadas na tarde de s\u00e1bado (05\/08\/2017), no Bairro D\u00e9cio Costa, em Virgem da Lapa, no Vale do Jequitinhonha. Jos\u00e9 Ediv\u00e2nio Pacheco foi atingido por tr\u00eas golpes de faca nas costas e deu entrada sem vida no hospital local. O principal suspeito do crime, identificado como E.S.R, de [&hellip;]<\/p>\n","protected":false},"author":1,"featured_media":49126,"comment_status":"open","ping_status":"closed","sticky":false,"template":"","format":"standard","meta":{"amp_status":"","footnotes":""},"categories":[120],"tags":[44432,156923,156925,29495,29494,156926,156927,156929,156928,156924,37976,44431,482],"class_list":["post-119829","post","type-post","status-publish","format-standard","has-post-thumbnail","hentry","category-jequi","tag-assassinado-em-virgem-da-lapa","tag-cobranca-de-divida-termina-com-homem-assassinado-a-facadas-em-virgem-da-lapa","tag-epifanio-soares-rodrigues","tag-homem-morto-em-virgem-da-lapa","tag-homicidio-em-virgem-da-lapa","tag-jose-edivanio-pacheco","tag-jose-edivanio-pacheco-sa","tag-jose-edivanio-pacheco-sousa","tag-jose-edivanio-pacheco-souza","tag-morte-de-homem-em-virgem-da-lapa","tag-morte-em-virgem-da-lapa","tag-morto-em-virgem-da-lapa","tag-virgem-da-lapa"],"_links":{"self":[{"href":"https:\/\/aconteceunovale.com.br\/portal\/index.php?rest_route=\/wp\/v2\/posts\/119829","targetHints":{"allow":["GET"]}}],"collection":[{"href":"https:\/\/aconteceunovale.com.br\/portal\/index.php?rest_route=\/wp\/v2\/posts"}],"about":[{"href":"https:\/\/aconteceunovale.com.br\/portal\/index.php?rest_route=\/wp\/v2\/types\/post"}],"author":[{"embeddable":true,"href":"https:\/\/aconteceunovale.com.br\/portal\/index.php?rest_route=\/wp\/v2\/users\/1"}],"replies":[{"embeddable":true,"href":"https:\/\/aconteceunovale.com.br\/portal\/index.php?rest_route=%2Fwp%2Fv2%2Fcomments&post=119829"}],"version-history":[{"count":0,"href":"https:\/\/aconteceunovale.com.br\/portal\/index.php?rest_route=\/wp\/v2\/posts\/119829\/revisions"}],"wp:featuredmedia":[{"embeddable":true,"href":"https:\/\/aconteceunovale.com.br\/portal\/index.php?rest_route=\/wp\/v2\/media\/49126"}],"wp:attachment":[{"href":"https:\/\/aconteceunovale.com.br\/portal\/index.php?rest_route=%2Fwp%2Fv2%2Fmedia&parent=119829"}],"wp:term":[{"taxonomy":"category","embeddable":true,"href":"https:\/\/aconteceunovale.com.br\/portal\/index.php?rest_route=%2Fwp%2Fv2%2Fcategories&post=119829"},{"taxonomy":"post_tag","embeddable":true,"href":"https:\/\/aconteceunovale.com.br\/portal\/index.php?rest_route=%2Fwp%2Fv2%2Ftags&post=119829"}],"curies":[{"name":"wp","href":"https:\/\/api.w.org\/{rel}","templated":true}]}}