{"id":119827,"date":"2017-08-06T21:27:04","date_gmt":"2017-08-06T23:27:04","guid":{"rendered":"http:\/\/aconteceunovale.com.br\/portal\/?p=119827"},"modified":"2017-08-06T21:27:04","modified_gmt":"2017-08-06T23:27:04","slug":"inss-amplia-prazo-para-agendamento-de-pericia-ate-21-de-agosto-2","status":"publish","type":"post","link":"https:\/\/aconteceunovale.com.br\/portal\/?p=119827","title":{"rendered":"INSS amplia prazo para agendamento de per\u00edcia at\u00e9 21 de agosto"},"content":{"rendered":"<p>O Minist\u00e9rio do Desenvolvimento Social (MDS) ampliou para 21 de agosto o prazo para que os benefici\u00e1rios do aux\u00edlio-doen\u00e7a, convocados pelo\u00a0<em>Di\u00e1rio Oficial da Uni\u00e3o<\/em>, agendem nova per\u00edcia junto ao Instituto Nacional de Seguro Social (INSS).<\/p>\n<p>Na edi\u00e7\u00e3o de 1\u00ba de agosto, o\u00a0<em>Di\u00e1rio Oficial<\/em>\u00a0publicou uma lista de segurados que deveriam entrar em contato com o INSS \u201cno prazo de cinco dias corridos\u201d, a partir da publica\u00e7\u00e3o, para saber a data da per\u00edcia, por meio da qual ter\u00e3o seu benef\u00edcio reavaliado.<\/p>\n<p>No entanto, o INSS dar\u00e1 15 dias a mais para que os interessados sejam considerados notificados. Somente ap\u00f3s esse per\u00edodo, come\u00e7ar\u00e3o a contar os cinco dias corridos para que os benefici\u00e1rios entrem em contato com o \u00f3rg\u00e3o. Somando-se todos os prazos, a nova data limite ficou estabelecida para 21 de agosto.<\/p>\n<p>A convoca\u00e7\u00e3o tem como alvo benefici\u00e1rios com os quais o INSS n\u00e3o conseguiu entrar em contato via Correios, devido a alguma inconsist\u00eancia nos dados que resultou no retorno da correspond\u00eancia.<\/p>\n<p>Os benefici\u00e1rios que recebem o seguro por incapacidade, mas at\u00e9 o momento n\u00e3o receberam a correspond\u00eancia em casa, devem conferir se seu nome consta na lista publicada.<\/p>\n<p><strong>Documenta\u00e7\u00e3o<\/strong><\/p>\n<p>Se tiver sido convocado, o benefici\u00e1rio deve entrar em contato com a central de atendimento, ligando para o n\u00famero 135, para saber a data agendada para a reavalia\u00e7\u00e3o do benef\u00edcio por incapacidade. O n\u00e3o atendimento \u00e0 convoca\u00e7\u00e3o ou o n\u00e3o comparecimento na data agendada pode levar \u00e0 suspens\u00e3o ou cancelamento do aux\u00edlio.<\/p>\n<p>No momento da per\u00edcia, o segurado deve apresentar toda a documenta\u00e7\u00e3o m\u00e9dica que justifique o recebimento do benef\u00edcio, como atestados, laudos, receitas e exames.<\/p>\n<p>Caso o segurado se encontre internado ou enfermo e n\u00e3o puder comparecer \u00e0 per\u00edcia, dever\u00e1 pedir a uma pessoa de sua confian\u00e7a que informe, em uma ag\u00eancia do INSS, sobre o impedimento. \u00c9 necess\u00e1rio que esse representante apresente a identidade do segurado e um documento que comprove o impedimento. Com isso, ele poder\u00e1 solicitar uma per\u00edcia hospitalar ou domiciliar.<\/p>\n<p>Ao todo, 530 mil benef\u00edcios de aux\u00edlio-doen\u00e7a ser\u00e3o revisados, al\u00e9m de mais de 1 milh\u00e3o de aposentadorias por invalidez. At\u00e9 meados de julho, foram realizadas quase 200 mil per\u00edcias em todo o Pa\u00eds. Como resultado, 160 mil pessoas tiveram o benef\u00edcio cancelado por n\u00e3o precisarem mais receb\u00ea-lo.<\/p>\n<p><strong>VER PRIMEIRO<\/strong><\/p>\n<p>Receba as not\u00edcias do Aconteceu no Vale em primeira m\u00e3o. Clique em curtir no endere\u00e7o <a href=\"https:\/\/www.facebook.com\/aconteceunovale\" target=\"_blank\"><font color=\"red\">www.facebook.com\/aconteceunovale<\/font><\/a> ou no box abaixo:<\/p>\n<div class=\"fb-like\" data-href=\"https:\/\/www.facebook.com\/aconteceunovale\" data-width=\"120\" data-layout=\"standard\" data-action=\"like\" data-size=\"small\" data-show-faces=\"true\" data-share=\"true\"><\/div>\n<p><\/br><\/p>\n<p><em>(Fonte: Portal Brasil)<\/em><\/p>\n","protected":false},"excerpt":{"rendered":"<p>O Minist\u00e9rio do Desenvolvimento Social (MDS) ampliou para 21 de agosto o prazo para que os benefici\u00e1rios do aux\u00edlio-doen\u00e7a, convocados pelo\u00a0Di\u00e1rio Oficial da Uni\u00e3o, agendem nova per\u00edcia junto ao Instituto Nacional de Seguro Social (INSS). Na edi\u00e7\u00e3o de 1\u00ba de agosto, o\u00a0Di\u00e1rio Oficial\u00a0publicou uma lista de segurados que deveriam entrar em contato com o INSS [&hellip;]<\/p>\n","protected":false},"author":1,"featured_media":95881,"comment_status":"open","ping_status":"closed","sticky":false,"template":"","format":"standard","meta":{"amp_status":"","footnotes":""},"categories":[6],"tags":[156918,156917,104042,156921,19329,156920,6528,156922,156919,20272,32987,61741,156915,156916,51100],"class_list":["post-119827","post","type-post","status-publish","format-standard","has-post-thumbnail","hentry","category-br","tag-agendamento-de-pericia","tag-agendar-nova-pericia","tag-auxilio-doenca","tag-como-agendar-pericia","tag-diario-oficial-da-uniao","tag-documentacao-para-agendar-pericia","tag-inss","tag-inss-amplia-prazo-para-agendamento-de-pericia-ate-21-de-agosto","tag-instituto-nacional-de-seguro-social","tag-mds","tag-ministerio-do-desenvolvimento-social","tag-pericia","tag-prazo-para-que-os-beneficiarios-do-auxilio-doenca","tag-prazo-para-que-os-beneficiarios-do-auxilio-doenca-agendar-nova-pericia","tag-segurados"],"_links":{"self":[{"href":"https:\/\/aconteceunovale.com.br\/portal\/index.php?rest_route=\/wp\/v2\/posts\/119827","targetHints":{"allow":["GET"]}}],"collection":[{"href":"https:\/\/aconteceunovale.com.br\/portal\/index.php?rest_route=\/wp\/v2\/posts"}],"about":[{"href":"https:\/\/aconteceunovale.com.br\/portal\/index.php?rest_route=\/wp\/v2\/types\/post"}],"author":[{"embeddable":true,"href":"https:\/\/aconteceunovale.com.br\/portal\/index.php?rest_route=\/wp\/v2\/users\/1"}],"replies":[{"embeddable":true,"href":"https:\/\/aconteceunovale.com.br\/portal\/index.php?rest_route=%2Fwp%2Fv2%2Fcomments&post=119827"}],"version-history":[{"count":0,"href":"https:\/\/aconteceunovale.com.br\/portal\/index.php?rest_route=\/wp\/v2\/posts\/119827\/revisions"}],"wp:featuredmedia":[{"embeddable":true,"href":"https:\/\/aconteceunovale.com.br\/portal\/index.php?rest_route=\/wp\/v2\/media\/95881"}],"wp:attachment":[{"href":"https:\/\/aconteceunovale.com.br\/portal\/index.php?rest_route=%2Fwp%2Fv2%2Fmedia&parent=119827"}],"wp:term":[{"taxonomy":"category","embeddable":true,"href":"https:\/\/aconteceunovale.com.br\/portal\/index.php?rest_route=%2Fwp%2Fv2%2Fcategories&post=119827"},{"taxonomy":"post_tag","embeddable":true,"href":"https:\/\/aconteceunovale.com.br\/portal\/index.php?rest_route=%2Fwp%2Fv2%2Ftags&post=119827"}],"curies":[{"name":"wp","href":"https:\/\/api.w.org\/{rel}","templated":true}]}}