{"id":119736,"date":"2017-08-05T12:43:06","date_gmt":"2017-08-05T14:43:06","guid":{"rendered":"http:\/\/aconteceunovale.com.br\/portal\/?p=119736"},"modified":"2017-08-05T12:43:06","modified_gmt":"2017-08-05T14:43:06","slug":"segurados-por-incapacidade-tem-ate-hoje-para-agendar-nova-pericia-no-inss","status":"publish","type":"post","link":"https:\/\/aconteceunovale.com.br\/portal\/?p=119736","title":{"rendered":"Segurados por incapacidade t\u00eam at\u00e9 hoje para agendar nova per\u00edcia no INSS"},"content":{"rendered":"<p>Os segurados por incapacidade que foram convocados por meio do\u00a0<a href=\"http:\/\/pesquisa.in.gov.br\/imprensa\/jsp\/visualiza\/index.jsp?jornal=3&amp;pagina=96&amp;data=01\/08\/2017\" target=\"_blank\"><em><span style=\"text-decoration: underline;\"><span style=\"color: #ff0000; text-decoration: underline;\">Di\u00e1rio Oficial da Uni\u00e3o<\/span><\/span>\u00a0<\/em><\/a>(DOU) pelo Instituto Nacional do Seguro Social (INSS) t\u00eam at\u00e9 hoje (5) para entrar em contato com o \u00f3rg\u00e3o e saber a data em que devem comparecer \u00e0 per\u00edcia de revis\u00e3o do benef\u00edcio.<\/p>\n<p>No caso de n\u00e3o atendimento \u00e0 convoca\u00e7\u00e3o ou de n\u00e3o comparecimento na data agendada, o aux\u00edlio ser\u00e1 suspenso at\u00e9 o comparecimento do interessado \u2013 e pode vir a ser cancelado.<\/p>\n<p>A convoca\u00e7\u00e3o foi feita no DOU do dia 1\u00ba de agosto, tendo como alvos benefici\u00e1rios com os quais o \u00f3rg\u00e3o n\u00e3o conseguiu entrar em contato via Correios, devido a alguma inconsist\u00eancia nos dados que resultou no retorno da correspond\u00eancia.<\/p>\n<p>Os benefici\u00e1rios que recebem o seguro por incapacidade, mas at\u00e9 o momento n\u00e3o receberam a correspond\u00eancia em casa, devem conferir se seu nome consta na\u00a0<span style=\"text-decoration: underline; color: #ff0000;\"><a href=\"http:\/\/pesquisa.in.gov.br\/imprensa\/jsp\/visualiza\/index.jsp?jornal=3&amp;pagina=96&amp;data=01\/08\/2017\" target=\"_blank\"><span style=\"color: #ff0000; text-decoration: underline;\">lista publicada<\/span><\/a><\/span>.<\/p>\n<p>Caso tenha sido convocado, o benefici\u00e1rio tem at\u00e9 este s\u00e1bado para entrar em contato com a central de atendimento, ligando para o n\u00famero 135, para saber a data agendada para a reavalia\u00e7\u00e3o do benef\u00edcio por incapacidade. No momento da per\u00edcia, o segurado deve apresentar toda a documenta\u00e7\u00e3o m\u00e9dica que justifique o recebimento do benef\u00edcio, como atestados, laudos, receitas e exames.<\/p>\n<p>Caso o segurado se encontre internado ou enfermo e n\u00e3o puder comparecer \u00e0 per\u00edcia, dever\u00e1 pedir a uma pessoa de sua confian\u00e7a que informe, em uma ag\u00eancia do INSS, sobre o impedimento. \u00c9 necess\u00e1rio que esse representante apresente a identidade do segurado e um documento que comprove o impedimento. Com isso, ele poder\u00e1 solicitar uma per\u00edcia hospitalar ou domiciliar.<\/p>\n<p>Ao todo, 530 mil benef\u00edcios de aux\u00edlio-doen\u00e7a ser\u00e3o revisados, al\u00e9m de mais de 1 milh\u00e3o de aposentadorias por invalidez. At\u00e9 meados de julho, foram realizadas quase 200 mil per\u00edcias em todo o pa\u00eds. Como resultado, 160 mil pessoas tiveram o benef\u00edcio cancelado por n\u00e3o precisarem mais receb\u00ea-lo.<\/p>\n<p><strong>VER PRIMEIRO<\/strong><\/p>\n<p>Receba as not\u00edcias do Aconteceu no Vale em primeira m\u00e3o. Clique em curtir no endere\u00e7o <a href=\"https:\/\/www.facebook.com\/aconteceunovale\" target=\"_blank\"><font color=\"red\">www.facebook.com\/aconteceunovale<\/font><\/a> ou no box abaixo:<\/p>\n<div class=\"fb-like\" data-href=\"https:\/\/www.facebook.com\/aconteceunovale\" data-width=\"120\" data-layout=\"standard\" data-action=\"like\" data-size=\"small\" data-show-faces=\"true\" data-share=\"true\"><\/div>\n<p><\/br><\/p>\n<p><em>(Fonte: Ag\u00eancia Brasil)<\/em><\/p>\n","protected":false},"excerpt":{"rendered":"<p>Os segurados por incapacidade que foram convocados por meio do\u00a0Di\u00e1rio Oficial da Uni\u00e3o\u00a0(DOU) pelo Instituto Nacional do Seguro Social (INSS) t\u00eam at\u00e9 hoje (5) para entrar em contato com o \u00f3rg\u00e3o e saber a data em que devem comparecer \u00e0 per\u00edcia de revis\u00e3o do benef\u00edcio. No caso de n\u00e3o atendimento \u00e0 convoca\u00e7\u00e3o ou de n\u00e3o [&hellip;]<\/p>\n","protected":false},"author":1,"featured_media":80956,"comment_status":"open","ping_status":"closed","sticky":false,"template":"","format":"standard","meta":{"amp_status":"","footnotes":""},"categories":[6],"tags":[156776,49597,6528,61741,156777,156775,156774],"class_list":["post-119736","post","type-post","status-publish","format-standard","has-post-thumbnail","hentry","category-br","tag-agendamento-de-pericia-inss","tag-beneficios","tag-inss","tag-pericia","tag-pericia-inss","tag-segurados-por-incapacidade","tag-segurados-por-incapacidade-tem-ate-hoje-para-agendar-nova-pericia-no-inss"],"_links":{"self":[{"href":"https:\/\/aconteceunovale.com.br\/portal\/index.php?rest_route=\/wp\/v2\/posts\/119736","targetHints":{"allow":["GET"]}}],"collection":[{"href":"https:\/\/aconteceunovale.com.br\/portal\/index.php?rest_route=\/wp\/v2\/posts"}],"about":[{"href":"https:\/\/aconteceunovale.com.br\/portal\/index.php?rest_route=\/wp\/v2\/types\/post"}],"author":[{"embeddable":true,"href":"https:\/\/aconteceunovale.com.br\/portal\/index.php?rest_route=\/wp\/v2\/users\/1"}],"replies":[{"embeddable":true,"href":"https:\/\/aconteceunovale.com.br\/portal\/index.php?rest_route=%2Fwp%2Fv2%2Fcomments&post=119736"}],"version-history":[{"count":0,"href":"https:\/\/aconteceunovale.com.br\/portal\/index.php?rest_route=\/wp\/v2\/posts\/119736\/revisions"}],"wp:featuredmedia":[{"embeddable":true,"href":"https:\/\/aconteceunovale.com.br\/portal\/index.php?rest_route=\/wp\/v2\/media\/80956"}],"wp:attachment":[{"href":"https:\/\/aconteceunovale.com.br\/portal\/index.php?rest_route=%2Fwp%2Fv2%2Fmedia&parent=119736"}],"wp:term":[{"taxonomy":"category","embeddable":true,"href":"https:\/\/aconteceunovale.com.br\/portal\/index.php?rest_route=%2Fwp%2Fv2%2Fcategories&post=119736"},{"taxonomy":"post_tag","embeddable":true,"href":"https:\/\/aconteceunovale.com.br\/portal\/index.php?rest_route=%2Fwp%2Fv2%2Ftags&post=119736"}],"curies":[{"name":"wp","href":"https:\/\/api.w.org\/{rel}","templated":true}]}}