{"id":119692,"date":"2017-08-03T23:40:25","date_gmt":"2017-08-04T01:40:25","guid":{"rendered":"http:\/\/aconteceunovale.com.br\/portal\/?p=119692"},"modified":"2017-08-03T23:40:25","modified_gmt":"2017-08-04T01:40:25","slug":"juiz-muda-local-de-audiencia-para-facilitar-trabalho-de-advogada-em-diamantina","status":"publish","type":"post","link":"https:\/\/aconteceunovale.com.br\/portal\/?p=119692","title":{"rendered":"Juiz muda local de audi\u00eancia para facilitar trabalho de advogada em Diamantina"},"content":{"rendered":"<p>Uma decis\u00e3o simples, de transferir uma audi\u00eancia nesta quinta-feira (03\/08\/2017) para o andar t\u00e9rreo do pr\u00e9dio do F\u00f3rum de Diamantina, no Vale do Jequitinhonha, colocou fim a um impasse que amea\u00e7ava prejudicar a defesa de um r\u00e9u, j\u00e1 que sua advogada, que est\u00e1 em uma cadeira de rodas, n\u00e3o tinha como chegar \u00e0 sala de audi\u00eancia do segundo andar. Como se trata de um im\u00f3vel antigo e tombado pelo patrim\u00f4nio hist\u00f3rico, n\u00e3o h\u00e1 rampas ou elevadores de acesso ao andar superior.<\/p>\n<p>A defensora, que pediu para n\u00e3o ser identificada, mora em Belo Horizonte. Em 1\u00ba de julho, ela sofreu uma queda e fraturou um dos p\u00e9s em tr\u00eas lugares. Depois de passar por uma cirurgia, teve sua mobilidade reduzida, sendo necess\u00e1ria uma cadeira de rodas. <\/p>\n<p>No per\u00edodo p\u00f3s-operat\u00f3rio, ela teve que adotar s\u00e9rie de cuidados, como n\u00e3o colocar o p\u00e9 no ch\u00e3o, mant\u00ea-lo mais alto para evitar incha\u00e7os, entre outras medidas. Por conta disso, a advogada procurou marcar novas datas para audi\u00eancias de processos de clientes que est\u00e3o soltos. Mas, segundo ela, no caso de Diamantina o r\u00e9u est\u00e1 preso desde abril e houve maior preocupa\u00e7\u00e3o, j\u00e1 que qualquer altera\u00e7\u00e3o na data poderia ser um preju\u00edzo para ele. <\/p>\n<p>Ainda, de acordo com a defensora, a Justi\u00e7a da cidade negou dois pedidos para que a reuni\u00e3o ocorresse de forma que lhe permitisse participar. Ela explica que as audi\u00eancias no Casar\u00e3o do F\u00f3rum, como o im\u00f3vel hist\u00f3rico \u00e9 conhecido, s\u00e3o realizadas no segundo andar, onde tamb\u00e9m fica a secretaria. <\/p>\n<p>\u201c\u00c9 um pr\u00e9dio p\u00fablico. Existe a obrigatoriedade h\u00e1 muitos anos da quest\u00e3o de acessibilidade para cadeirantes, pessoas com dificuldade de locomo\u00e7\u00e3o\u201d, comentou. \u201cN\u00e3o posso prejudicar meu cliente. N\u00e3o posso colocar o p\u00e9 no ch\u00e3o, mas preciso ter acesso \u00e0 audi\u00eancia.&#8221; Por\u00e9m, o juiz do caso optou por realizar a audi\u00eancia de instru\u00e7\u00e3o do processo no primeiro pavimento, apesar de n\u00e3o oferecer a estrutura para grava\u00e7\u00e3o de audiovisual da reuni\u00e3o, como ocorre nas salas pr\u00f3prias no segundo pavimento. <\/p>\n<p>Antes da decis\u00e3o de transfer\u00eancia da audi\u00eancia para o primeiro piso, o Tribunal de Justi\u00e7a de Minas Gerais (TJMG) justificou, por meio de nota, que o pr\u00e9dio do f\u00f3rum em Diamantina \u00e9 antigo, e que o setor de engenharia do \u00f3rg\u00e3o tem um projeto a ser licitado para facilitar o acesso a todas as depend\u00eancias da unidade judici\u00e1ria. <\/p>\n<p>O TJMG tamb\u00e9m confirmou que as audi\u00eancias s\u00e3o gravadas e que o equipamento \u00e9 fixo no segundo andar, n\u00e3o permitindo mudan\u00e7as. Ainda segundo o tribunal, o juiz propunha a redesigna\u00e7\u00e3o de uma nova data para a audi\u00eancia de acordo com as datas em aberto do agendamento. Mas acabou optando pela transfer\u00eancia do local. <\/p>\n<p>O Casar\u00e3o do F\u00f3rum \u00e9 tombado pelo Instituto do Patrim\u00f4nio Hist\u00f3rico e Art\u00edstico Nacional (Iphan). E os representantes do \u00f3rg\u00e3o em Minas informaram que, de acordo com a legisla\u00e7\u00e3o, bens culturais tamb\u00e9m precisam garantir a acessibilidade aos frequentadores. E, nesse sentido, o projeto de acessibilidade deve ser elaborado e apresentado ao Iphan pelos propriet\u00e1rios, no caso a C\u00e2mara Municipal de Diamantina.<\/p>\n<p><img decoding=\"async\" src=\"http:\/\/aconteceunovale.com.br\/portal\/wp-content\/uploads\/2017\/08\/forum_dtna.jpg\" alt=\"\" \/><em>Pr\u00e9dio hist\u00f3rico que abriga f\u00f3rum n\u00e3o oferece condi\u00e7\u00f5es de acessibilidade (foto: Divulga\u00e7\u00e3o)<\/em><br \/>\n<\/br><\/p>\n<p><strong>VER PRIMEIRO<\/strong><\/p>\n<p>Receba as not\u00edcias do Aconteceu no Vale em primeira m\u00e3o. Clique em curtir no endere\u00e7o <a href=\"https:\/\/www.facebook.com\/aconteceunovale\" target=\"_blank\"><font color=\"red\">www.facebook.com\/aconteceunovale<\/font><\/a> ou no box abaixo:<\/p>\n<div class=\"fb-like\" data-href=\"https:\/\/www.facebook.com\/aconteceunovale\" data-width=\"120\" data-layout=\"standard\" data-action=\"like\" data-size=\"small\" data-show-faces=\"true\" data-share=\"true\"><\/div>\n<p><\/br><\/p>\n<p><em>(Fonte: Estado de Minas)<\/em><\/p>\n","protected":false},"excerpt":{"rendered":"<p>Uma decis\u00e3o simples, de transferir uma audi\u00eancia nesta quinta-feira (03\/08\/2017) para o andar t\u00e9rreo do pr\u00e9dio do F\u00f3rum de Diamantina, no Vale do Jequitinhonha, colocou fim a um impasse que amea\u00e7ava prejudicar a defesa de um r\u00e9u, j\u00e1 que sua advogada, que est\u00e1 em uma cadeira de rodas, n\u00e3o tinha como chegar \u00e0 sala de [&hellip;]<\/p>\n","protected":false},"author":1,"featured_media":119693,"comment_status":"open","ping_status":"closed","sticky":false,"template":"","format":"standard","meta":{"amp_status":"","footnotes":""},"categories":[120],"tags":[156678,156677,54724,198,156676,93696,156675,270,92646],"class_list":["post-119692","post","type-post","status-publish","format-standard","has-post-thumbnail","hentry","category-jequi","tag-acessibilidade-no-forum-de-diamantina","tag-acesso-ao-forum-de-diamantina","tag-camara-municipal-de-diamantina","tag-diamantina","tag-forum-de-diamantina","tag-instituto-do-patrimonio-historico-e-artistico-nacional","tag-juiz-muda-local-de-audiencia-para-facilitar-trabalho-de-advogada-em-diamantina","tag-tjmg","tag-tribunal-de-justica-de-minas-gerais"],"_links":{"self":[{"href":"https:\/\/aconteceunovale.com.br\/portal\/index.php?rest_route=\/wp\/v2\/posts\/119692","targetHints":{"allow":["GET"]}}],"collection":[{"href":"https:\/\/aconteceunovale.com.br\/portal\/index.php?rest_route=\/wp\/v2\/posts"}],"about":[{"href":"https:\/\/aconteceunovale.com.br\/portal\/index.php?rest_route=\/wp\/v2\/types\/post"}],"author":[{"embeddable":true,"href":"https:\/\/aconteceunovale.com.br\/portal\/index.php?rest_route=\/wp\/v2\/users\/1"}],"replies":[{"embeddable":true,"href":"https:\/\/aconteceunovale.com.br\/portal\/index.php?rest_route=%2Fwp%2Fv2%2Fcomments&post=119692"}],"version-history":[{"count":0,"href":"https:\/\/aconteceunovale.com.br\/portal\/index.php?rest_route=\/wp\/v2\/posts\/119692\/revisions"}],"wp:featuredmedia":[{"embeddable":true,"href":"https:\/\/aconteceunovale.com.br\/portal\/index.php?rest_route=\/wp\/v2\/media\/119693"}],"wp:attachment":[{"href":"https:\/\/aconteceunovale.com.br\/portal\/index.php?rest_route=%2Fwp%2Fv2%2Fmedia&parent=119692"}],"wp:term":[{"taxonomy":"category","embeddable":true,"href":"https:\/\/aconteceunovale.com.br\/portal\/index.php?rest_route=%2Fwp%2Fv2%2Fcategories&post=119692"},{"taxonomy":"post_tag","embeddable":true,"href":"https:\/\/aconteceunovale.com.br\/portal\/index.php?rest_route=%2Fwp%2Fv2%2Ftags&post=119692"}],"curies":[{"name":"wp","href":"https:\/\/api.w.org\/{rel}","templated":true}]}}