{"id":119686,"date":"2017-08-03T22:16:26","date_gmt":"2017-08-04T00:16:26","guid":{"rendered":"http:\/\/aconteceunovale.com.br\/portal\/?p=119686"},"modified":"2017-08-03T22:16:26","modified_gmt":"2017-08-04T00:16:26","slug":"caminhoneiros-liberam-rodovias-em-minas-gerais","status":"publish","type":"post","link":"https:\/\/aconteceunovale.com.br\/portal\/?p=119686","title":{"rendered":"Caminhoneiros liberam rodovias em Minas Gerais"},"content":{"rendered":"<p>Caminhoneiros fizeram manifesta\u00e7\u00f5es nesta quinta-feira (03\/08\/2017) em rodovias de Minas Gerais. Foi o terceiro dia de protesto contra a alta de impostos sobre os combust\u00edveis. A categoria come\u00e7ou a se manifestar na ter\u00e7a-feira (1\u00ba).<\/p>\n<p>Por volta das 19h, todos os protestos em rodovias haviam terminado, segundo a PRF. Veja os trechos onde ocorreram manifesta\u00e7\u00f5es:<\/p>\n<p>&#8211; Km 466 da BR-040, em Sete Lagoas, na Regi\u00e3o Central \u2013 liberada<\/p>\n<p>&#8211; Km 695 da BR-040, em Barbacena, na Regi\u00e3o da Zona da Mata \u2013 tr\u00e2nsito liberado<\/p>\n<p>&#8211; Km 602 da BR-040, em Congonhas, na Regi\u00e3o Central \u2013 tr\u00e2nsito liberado nos dois sentidos, mas com registro de congestionamento<\/p>\n<p>&#8211; Km 634 da BR-040, em Conselheiro Lafaiete, na Regi\u00e3o Central \u2013 tr\u00e2nsito fechado para ve\u00edculos de carga.<\/p>\n<p>&#8211; Km 807 da BR-040, em Matias Barbosa, na Regi\u00e3o da Zona da Mata \u2013 pista liberada<\/p>\n<p>&#8211; Km 513 da Rodovia Fern\u00e3o Dias (BR-381), em Igarap\u00e9, na Grande BH \u2013 pista liberada na faixa da esquerda nos dois sentidos. H\u00e1 grande reten\u00e7\u00e3o na regi\u00e3o, principalmente no sentido S\u00e3o Paulo<\/p>\n<p>&#8211; Km 757 da Rodovia Fern\u00e3o Dias (BR-381), em Tr\u00eas Cora\u00e7\u00f5es, sul de Minas &#8211; liberada.<\/p>\n<p>&#8211; Km 480 da BR-365, em Patroc\u00ednio, na Regi\u00e3o do Alto Parana\u00edba \u2013 totalmente liberada.<\/p>\n<p>No dia 20 de julho, o governo anunciou um decreto aumentando a al\u00edquota do PIS e Cofins sobre os combust\u00edveis. A tributa\u00e7\u00e3o sobre a gasolina subiu R$ 0,41 por litro; a do diesel, R$ 0,21; e a do etanol, R$ 0,20 por litro.<\/p>\n<p><strong>Transportadores de combust\u00edveis<\/strong><\/p>\n<p>De acordo com o Sindicato dos Transportadores de Combust\u00edveis e Derivados de Petr\u00f3leo do Estado de Minas Gerais (Sindtanque-MG), a paralisa\u00e7\u00e3o, por tempo indeterminado, \u00e9 em protesto contra o aumento do PIS\/Cofins sobre os combust\u00edveis, decretado recentemente pelo governo federal.<\/p>\n<p>&#8220;Assim como nos demais segmentos, entre os transportadores de combust\u00edveis e de derivados petr\u00f3leo o sentimento \u00e9 de indigna\u00e7\u00e3o com rela\u00e7\u00e3o ao descaso com que o setor vem sendo tratado pelos governantes. Os transportadores n\u00e3o suportam mais os altos custos dos insumos que incidem sobre o frete, principalmente do diesel. Portanto, a ades\u00e3o \u00e0 paralisa\u00e7\u00e3o deve ser total&#8221;, avalia o presidente do Sindtanque-MG, Irani Gomes.<\/p>\n<p>Para ele, o decreto representa para os transportadores de combust\u00edveis e de derivados de petr\u00f3leo mais um duro golpe. Gomes disse que em reuni\u00e3o com representantes dos transportadores de todo o Brasil, chegou-se \u00e0 conclus\u00e3o de que a paralisa\u00e7\u00e3o nacional \u00e9 a sa\u00edda que restou aos transportadores, de todos os segmentos, para pressionar o governo a revogar a medida.<\/p>\n<p><strong>Decreto<\/strong><\/p>\n<p>O decreto que aumentou a al\u00edquota do PIS e Cofins chegou a ser suspenso por decis\u00e3o de um juiz da 20\u00aa Vara Federal de Bras\u00edlia em 25 de julho. A Advocacia-Geral da Uni\u00e3o recorreu e, no dia seguinte, o Tribunal Regional Federal (TRF-1) anulou a decis\u00e3o que suspendia o aumento.<\/p>\n<p><strong>VER PRIMEIRO<\/strong><\/p>\n<p>Receba as not\u00edcias do Aconteceu no Vale em primeira m\u00e3o. Clique em curtir no endere\u00e7o <a href=\"https:\/\/www.facebook.com\/aconteceunovale\" target=\"_blank\"><font color=\"red\">www.facebook.com\/aconteceunovale<\/font><\/a> ou no box abaixo:<\/p>\n<div class=\"fb-like\" data-href=\"https:\/\/www.facebook.com\/aconteceunovale\" data-width=\"120\" data-layout=\"standard\" data-action=\"like\" data-size=\"small\" data-show-faces=\"true\" data-share=\"true\"><\/div>\n<p><\/br><\/p>\n<p><em>(Fonte: G1 Minas)<\/em><\/p>\n","protected":false},"excerpt":{"rendered":"<p>Caminhoneiros fizeram manifesta\u00e7\u00f5es nesta quinta-feira (03\/08\/2017) em rodovias de Minas Gerais. Foi o terceiro dia de protesto contra a alta de impostos sobre os combust\u00edveis. A categoria come\u00e7ou a se manifestar na ter\u00e7a-feira (1\u00ba). Por volta das 19h, todos os protestos em rodovias haviam terminado, segundo a PRF. Veja os trechos onde ocorreram manifesta\u00e7\u00f5es: &#8211; [&hellip;]<\/p>\n","protected":false},"author":1,"featured_media":119687,"comment_status":"open","ping_status":"closed","sticky":false,"template":"","format":"standard","meta":{"amp_status":"","footnotes":""},"categories":[123],"tags":[156664,156661,193,14990,1397,156667,156660,1527,1528,1493,100450,156663,1581,1489,156662,156665,156666,1532,100447,100448,1507],"class_list":["post-119686","post","type-post","status-publish","format-standard","has-post-thumbnail","hentry","category-gerais","tag-alta-de-impostos-sobre-os-combustiveis","tag-aumento-impostos-combustiveis","tag-barbacena","tag-br-040","tag-br-381","tag-caminhoneiros-liberam-rodovias-em-minas-gerais","tag-caminhoneiros-liberam-rodovias-interditadas-em-minas-gerais","tag-congonhas","tag-conselheiro-lafaiete","tag-igarape","tag-irani-gomes","tag-manifestacao-caminhoneiros-minas-gerais","tag-matias-barbosa","tag-patrocinio","tag-protesto-caminhoneiros-minas-gerais","tag-protesto-contra-a-alta-de-impostos-sobre-os-combustiveis","tag-protesto-contra-a-alta-de-impostos-sobre-os-combustiveis-em-minas-gerais","tag-sete-lagoas","tag-sindicato-dos-transportadores-de-combustiveis-e-derivados-de-petroleo-do-estado-de-minas-gerais","tag-sindtanque-mg","tag-tres-coracoes"],"_links":{"self":[{"href":"https:\/\/aconteceunovale.com.br\/portal\/index.php?rest_route=\/wp\/v2\/posts\/119686","targetHints":{"allow":["GET"]}}],"collection":[{"href":"https:\/\/aconteceunovale.com.br\/portal\/index.php?rest_route=\/wp\/v2\/posts"}],"about":[{"href":"https:\/\/aconteceunovale.com.br\/portal\/index.php?rest_route=\/wp\/v2\/types\/post"}],"author":[{"embeddable":true,"href":"https:\/\/aconteceunovale.com.br\/portal\/index.php?rest_route=\/wp\/v2\/users\/1"}],"replies":[{"embeddable":true,"href":"https:\/\/aconteceunovale.com.br\/portal\/index.php?rest_route=%2Fwp%2Fv2%2Fcomments&post=119686"}],"version-history":[{"count":0,"href":"https:\/\/aconteceunovale.com.br\/portal\/index.php?rest_route=\/wp\/v2\/posts\/119686\/revisions"}],"wp:featuredmedia":[{"embeddable":true,"href":"https:\/\/aconteceunovale.com.br\/portal\/index.php?rest_route=\/wp\/v2\/media\/119687"}],"wp:attachment":[{"href":"https:\/\/aconteceunovale.com.br\/portal\/index.php?rest_route=%2Fwp%2Fv2%2Fmedia&parent=119686"}],"wp:term":[{"taxonomy":"category","embeddable":true,"href":"https:\/\/aconteceunovale.com.br\/portal\/index.php?rest_route=%2Fwp%2Fv2%2Fcategories&post=119686"},{"taxonomy":"post_tag","embeddable":true,"href":"https:\/\/aconteceunovale.com.br\/portal\/index.php?rest_route=%2Fwp%2Fv2%2Ftags&post=119686"}],"curies":[{"name":"wp","href":"https:\/\/api.w.org\/{rel}","templated":true}]}}