{"id":119675,"date":"2017-08-03T21:36:32","date_gmt":"2017-08-03T23:36:32","guid":{"rendered":"http:\/\/aconteceunovale.com.br\/portal\/?p=119675"},"modified":"2017-08-03T21:36:32","modified_gmt":"2017-08-03T23:36:32","slug":"estao-abertas-as-inscricoes-para-casamento-coletivo-em-alpercata-no-leste-de-minas","status":"publish","type":"post","link":"https:\/\/aconteceunovale.com.br\/portal\/?p=119675","title":{"rendered":"Est\u00e3o abertas as inscri\u00e7\u00f5es para casamento coletivo em Alpercata, no Leste de Minas"},"content":{"rendered":"<p>Est\u00e3o abertas as inscri\u00e7\u00f5es para o casamento coletivo gratuito promovido pela prefeitura de Alpercata, com apoio do Tribunal de Justi\u00e7a de Minas Gerais. Segundo a prefeitura, ser\u00e3o aceitos os pedidos de convers\u00e3o de uni\u00e3o est\u00e1vel em casamento dos casais em que ambos sejam maiores de 18 anos, ou com idade entre 16 e 18 com filho(s) ou gestante. Eles devem entregar, no ato da inscri\u00e7\u00e3o, duas c\u00f3pias dos documentos de identidade, CPF e comprovante de resid\u00eancia dos c\u00f4njuges.<\/p>\n<p>No caso de divorciados, dever\u00e1 ser entregue certid\u00e3o de casamento original com div\u00f3rcio averbado, com prazo m\u00e1ximo de tr\u00eas meses de emiss\u00e3o e certid\u00e3o de nascimento dos noivos; dever\u00e1 ser apresentada ainda comprova\u00e7\u00e3o de partilha de bens. J\u00e1 pessoas vi\u00favas, al\u00e9m da certid\u00e3o de casamento original, devem entregar certid\u00e3o de \u00f3bito original ou c\u00f3pia autenticada do c\u00f4njuge falecido, com prazo m\u00e1ximo de tr\u00eas meses de emiss\u00e3o, al\u00e9m de comprova\u00e7\u00e3o de invent\u00e1rio\/inexist\u00eancia de bens.<\/p>\n<p>S\u00e3o necess\u00e1rias duas testemunhas que n\u00e3o podem ser parentes dos noivos, eles devem comparecer na data da inscri\u00e7\u00e3o, com o casal, para preenchimento do pedido inicial e no dia do casamento, para ratifica\u00e7\u00e3o do pedido. As testemunhas precisam levar duas c\u00f3pias do documento de identidade, CPF e comprovante de endere\u00e7o para a inscri\u00e7\u00e3o.<\/p>\n<p>As inscri\u00e7\u00f5es terminam no pr\u00f3ximo dia 10 e podem no Centro de Refer\u00eancia Especializado de Assist\u00eancia Social, na Rua Jo\u00e3o Massariol, 55, Vila Eug\u00eanio Franklin, de 08h \u00e0s 17h. Outras informa\u00e7\u00f5es pelo telefone (33) 3279-5822.<\/p>\n<p><strong>VER PRIMEIRO<\/strong><\/p>\n<p>Receba as not\u00edcias do Aconteceu no Vale em primeira m\u00e3o. Clique em curtir no endere\u00e7o <a href=\"https:\/\/www.facebook.com\/aconteceunovale\" target=\"_blank\"><font color=\"red\">www.facebook.com\/aconteceunovale<\/font><\/a> ou no box abaixo:<\/p>\n<div class=\"fb-like\" data-href=\"https:\/\/www.facebook.com\/aconteceunovale\" data-width=\"120\" data-layout=\"standard\" data-action=\"like\" data-size=\"small\" data-show-faces=\"true\" data-share=\"true\"><\/div>\n<p><\/br><\/p>\n<p><em>(Fonte: G1 Vales)<\/em><\/p>\n","protected":false},"excerpt":{"rendered":"<p>Est\u00e3o abertas as inscri\u00e7\u00f5es para o casamento coletivo gratuito promovido pela prefeitura de Alpercata, com apoio do Tribunal de Justi\u00e7a de Minas Gerais. Segundo a prefeitura, ser\u00e3o aceitos os pedidos de convers\u00e3o de uni\u00e3o est\u00e1vel em casamento dos casais em que ambos sejam maiores de 18 anos, ou com idade entre 16 e 18 com [&hellip;]<\/p>\n","protected":false},"author":1,"featured_media":16303,"comment_status":"open","ping_status":"closed","sticky":false,"template":"","format":"standard","meta":{"amp_status":"","footnotes":""},"categories":[121],"tags":[274,156648,156649,156647],"class_list":["post-119675","post","type-post","status-publish","format-standard","has-post-thumbnail","hentry","category-leste","tag-alpercata","tag-casamento-coletivo-em-alpercata","tag-casamento-em-alpercata","tag-estao-abertas-as-inscricoes-para-casamento-coletivo-em-alpercata"],"_links":{"self":[{"href":"https:\/\/aconteceunovale.com.br\/portal\/index.php?rest_route=\/wp\/v2\/posts\/119675","targetHints":{"allow":["GET"]}}],"collection":[{"href":"https:\/\/aconteceunovale.com.br\/portal\/index.php?rest_route=\/wp\/v2\/posts"}],"about":[{"href":"https:\/\/aconteceunovale.com.br\/portal\/index.php?rest_route=\/wp\/v2\/types\/post"}],"author":[{"embeddable":true,"href":"https:\/\/aconteceunovale.com.br\/portal\/index.php?rest_route=\/wp\/v2\/users\/1"}],"replies":[{"embeddable":true,"href":"https:\/\/aconteceunovale.com.br\/portal\/index.php?rest_route=%2Fwp%2Fv2%2Fcomments&post=119675"}],"version-history":[{"count":0,"href":"https:\/\/aconteceunovale.com.br\/portal\/index.php?rest_route=\/wp\/v2\/posts\/119675\/revisions"}],"wp:featuredmedia":[{"embeddable":true,"href":"https:\/\/aconteceunovale.com.br\/portal\/index.php?rest_route=\/wp\/v2\/media\/16303"}],"wp:attachment":[{"href":"https:\/\/aconteceunovale.com.br\/portal\/index.php?rest_route=%2Fwp%2Fv2%2Fmedia&parent=119675"}],"wp:term":[{"taxonomy":"category","embeddable":true,"href":"https:\/\/aconteceunovale.com.br\/portal\/index.php?rest_route=%2Fwp%2Fv2%2Fcategories&post=119675"},{"taxonomy":"post_tag","embeddable":true,"href":"https:\/\/aconteceunovale.com.br\/portal\/index.php?rest_route=%2Fwp%2Fv2%2Ftags&post=119675"}],"curies":[{"name":"wp","href":"https:\/\/api.w.org\/{rel}","templated":true}]}}