{"id":119665,"date":"2017-08-03T21:13:09","date_gmt":"2017-08-03T23:13:09","guid":{"rendered":"http:\/\/aconteceunovale.com.br\/portal\/?p=119665"},"modified":"2017-08-03T21:13:09","modified_gmt":"2017-08-03T23:13:09","slug":"grupo-especializado-em-trafico-de-drogas-e-preso-durante-operacao-em-medina-no-vale-do-jequitinhonha","status":"publish","type":"post","link":"https:\/\/aconteceunovale.com.br\/portal\/?p=119665","title":{"rendered":"Grupo especializado em tr\u00e1fico de drogas \u00e9 preso durante opera\u00e7\u00e3o em Medina, no Vale do Jequitinhonha"},"content":{"rendered":"<p>Seis pessoas foram presas na manh\u00e3 desta quinta-feira (03\/08\/2017) durante a Opera\u00e7\u00e3o Pers\u00e9fone, que investiga uma quadrilha que pratica intenso tr\u00e1fico de drogas em Medina, no Vale do Jequitinhonha. Duas pessoas envolvidas no esquema j\u00e1 estavam presas por outros crimes; a pol\u00edcia ainda procura por uma mulher, acusada de ser a l\u00edder da associa\u00e7\u00e3o criminosa. Segundo informa\u00e7\u00f5es, em duas semanas, foram movimentados mais de dois mil pinos de coca\u00edna na regi\u00e3o.<\/p>\n<p>\u201cA mulher j\u00e1 foi identificada; apesar de nova, ela j\u00e1 tem passagens por tr\u00e1fico de drogas. Iremos preservar a idade e outras caracter\u00edsticas dela para n\u00e3o atrapalhar as investiga\u00e7\u00f5es, mas sabemos que a voz de comando era dela na divis\u00e3o de tarefas. Acreditamos que a atua\u00e7\u00e3o dela passa de quatro anos na regi\u00e3o, mesmo se ausentando algumas vezes da cidade\u201d, explica o delegado Thiago de Carvalho Passos. O nome da Opera\u00e7\u00e3o Pers\u00e9fone significa deusa das ervas e ilustra a participa\u00e7\u00e3o da mulher no grupo.<\/p>\n<p>Dentre os presos est\u00e3o quatro homens, de 19, 20, 22 e 33 anos, e duas mulheres, de 24 e 30. Dois investigados, de 18 e 20 anos, j\u00e1 estavam presos pelo crime de tr\u00e1fico de drogas. As investiga\u00e7\u00f5es duraram tr\u00eas meses e foram cumpridos oito mandados de pris\u00e3o e doze mandados de busca e apreens\u00e3o.<\/p>\n<p>\u201cUm dos homens presos, conhecido como Budera, era o homem de confian\u00e7a dela, como se fosse o gerente. Hoje apreendemos diversos aparelhos celulares, que ser\u00e3o periciados e nos ajudar\u00e3o na continuidade das investiga\u00e7\u00f5es\u201d, disse o delegado.<\/p>\n<p>Quarenta policiais civis de Pedra Azul, Itaobim, Ara\u00e7ua\u00ed, Almenara, Jequitinhonha, Novo Cruzeiro e Te\u00f3filo Otoni participaram da opera\u00e7\u00e3o. Os presos ser\u00e3o encaminhados ao Pres\u00eddio de Itaobim.<\/p>\n<p><img decoding=\"async\" src=\"http:\/\/aconteceunovale.com.br\/portal\/wp-content\/uploads\/2017\/08\/operacao_medina_1.jpg\" alt=\"\" \/><em>Oito pessoas foram presas na Opera\u00e7\u00e3o \u2018Pers\u00e9fone\u2019 (Foto: Pol\u00edcia Civil\/Divulga\u00e7\u00e3o)<\/em><br \/>\n<\/br><\/p>\n<p><img decoding=\"async\" src=\"http:\/\/aconteceunovale.com.br\/portal\/wp-content\/uploads\/2017\/08\/operacao_medina_2.jpg\" alt=\"\" \/><em>Celulares passar\u00e3o por per\u00edcia e ajudar\u00e3o nas investiga\u00e7\u00f5es (Foto: Pol\u00edcia Civil\/Divulga\u00e7\u00e3o)<\/em><br \/>\n<\/br><\/p>\n<p><strong>VER PRIMEIRO<\/strong><\/p>\n<p>Receba as not\u00edcias do Aconteceu no Vale em primeira m\u00e3o. Clique em curtir no endere\u00e7o <a href=\"https:\/\/www.facebook.com\/aconteceunovale\" target=\"_blank\"><font color=\"red\">www.facebook.com\/aconteceunovale<\/font><\/a> ou no box abaixo:<\/p>\n<div class=\"fb-like\" data-href=\"https:\/\/www.facebook.com\/aconteceunovale\" data-width=\"120\" data-layout=\"standard\" data-action=\"like\" data-size=\"small\" data-show-faces=\"true\" data-share=\"true\"><\/div>\n<p><\/br><\/p>\n<p><em>(Fonte: G1 Grande Minas)<\/em><\/p>\n","protected":false},"excerpt":{"rendered":"<p>Seis pessoas foram presas na manh\u00e3 desta quinta-feira (03\/08\/2017) durante a Opera\u00e7\u00e3o Pers\u00e9fone, que investiga uma quadrilha que pratica intenso tr\u00e1fico de drogas em Medina, no Vale do Jequitinhonha. Duas pessoas envolvidas no esquema j\u00e1 estavam presas por outros crimes; a pol\u00edcia ainda procura por uma mulher, acusada de ser a l\u00edder da associa\u00e7\u00e3o criminosa. [&hellip;]<\/p>\n","protected":false},"author":1,"featured_media":119666,"comment_status":"open","ping_status":"closed","sticky":false,"template":"","format":"standard","meta":{"amp_status":"","footnotes":""},"categories":[1236],"tags":[142,186,131507,156640,391,34252,175,73661,156637,156638,455,73387,164,73389,73388,156639],"class_list":["post-119665","post","type-post","status-publish","format-standard","has-post-thumbnail","hentry","category-norte_de_minas","tag-almenara","tag-aracuai","tag-delegado-thiago-de-carvalho-passos","tag-grupo-especializado-em-trafico-de-drogas-e-preso-durante-operacao-em-medina","tag-itaobim","tag-jequitinhonha","tag-novo-cruzeiro","tag-operacao-em-medina","tag-operacao-persefone","tag-operacao-persefone-em-medina","tag-pedra-azul","tag-presos-em-medina","tag-teofilo-otoni","tag-thiago-de-carvalho-passos","tag-trafico-de-drogas-em-medina","tag-trafico-em-medina"],"_links":{"self":[{"href":"https:\/\/aconteceunovale.com.br\/portal\/index.php?rest_route=\/wp\/v2\/posts\/119665","targetHints":{"allow":["GET"]}}],"collection":[{"href":"https:\/\/aconteceunovale.com.br\/portal\/index.php?rest_route=\/wp\/v2\/posts"}],"about":[{"href":"https:\/\/aconteceunovale.com.br\/portal\/index.php?rest_route=\/wp\/v2\/types\/post"}],"author":[{"embeddable":true,"href":"https:\/\/aconteceunovale.com.br\/portal\/index.php?rest_route=\/wp\/v2\/users\/1"}],"replies":[{"embeddable":true,"href":"https:\/\/aconteceunovale.com.br\/portal\/index.php?rest_route=%2Fwp%2Fv2%2Fcomments&post=119665"}],"version-history":[{"count":0,"href":"https:\/\/aconteceunovale.com.br\/portal\/index.php?rest_route=\/wp\/v2\/posts\/119665\/revisions"}],"wp:featuredmedia":[{"embeddable":true,"href":"https:\/\/aconteceunovale.com.br\/portal\/index.php?rest_route=\/wp\/v2\/media\/119666"}],"wp:attachment":[{"href":"https:\/\/aconteceunovale.com.br\/portal\/index.php?rest_route=%2Fwp%2Fv2%2Fmedia&parent=119665"}],"wp:term":[{"taxonomy":"category","embeddable":true,"href":"https:\/\/aconteceunovale.com.br\/portal\/index.php?rest_route=%2Fwp%2Fv2%2Fcategories&post=119665"},{"taxonomy":"post_tag","embeddable":true,"href":"https:\/\/aconteceunovale.com.br\/portal\/index.php?rest_route=%2Fwp%2Fv2%2Ftags&post=119665"}],"curies":[{"name":"wp","href":"https:\/\/api.w.org\/{rel}","templated":true}]}}