{"id":119656,"date":"2017-08-03T20:43:31","date_gmt":"2017-08-03T22:43:31","guid":{"rendered":"http:\/\/aconteceunovale.com.br\/portal\/?p=119656"},"modified":"2017-08-03T20:43:31","modified_gmt":"2017-08-03T22:43:31","slug":"jovem-pula-em-rio-para-nao-ser-morto-em-ibiai-no-norte-de-minas","status":"publish","type":"post","link":"https:\/\/aconteceunovale.com.br\/portal\/?p=119656","title":{"rendered":"Jovem pula em rio para n\u00e3o ser morto em Ibia\u00ed, no Norte de Minas"},"content":{"rendered":"<p>Um jovem de 18 anos foi baleado nas n\u00e1degas e de rasp\u00e3o na cabe\u00e7a, nesta quarta-feira (02\/08\/2017), em Ibia\u00ed, no Norte de Minas. Segundo a pol\u00edcia, para n\u00e3o ser morto, ele pulou no Rio S\u00e3o Francisco e nadou at\u00e9 uma ilha. A v\u00edtima foi socorrida por terceiros em um barco e, ap\u00f3s avalia\u00e7\u00e3o em unidade m\u00e9dica do munic\u00edpio, foi levada at\u00e9 o hospital de Pirapora pelo Samu. O estado de sa\u00fade dele \u00e9 est\u00e1vel.<\/p>\n<p>Ainda de acordo com a PM, o jovem estava sentado no banco de uma cal\u00e7ada no Centro da cidade, quando foi surpreendido por dois homens em uma motocicleta, que efetuaram os disparos. A pol\u00edcia j\u00e1 tem pistas dos respons\u00e1veis pelos tiros e um dos suspeitos, de 23, chegou a se apresentar na pol\u00edcia com o advogado dele.<\/p>\n<p>A motiva\u00e7\u00e3o do crime n\u00e3o foi informada e o caso ser\u00e1 investigado pela Pol\u00edcia Civil.<\/p>\n<h4>Baleado em Montes Claros<\/h4>\n<p>No Bairro Santo Ant\u00f4nio II, um jovem de 21 anos tamb\u00e9m foi baleado na noite dessa quarta-feira (2). Para a pol\u00edcia, ele contou que dois homens em uma bicicleta atiraram contra ele. A pol\u00edcia suspeita que a motiva\u00e7\u00e3o do crime esteja relacionada ao tr\u00e1fico de drogas. At\u00e9 o momento, ningu\u00e9m foi preso e a v\u00edtima foi atingida na m\u00e3o. Ele foi encaminhado ao hospital, atendido e liberado.<\/p>\n<h4>Baleado em Pirapora<\/h4>\n<p>Um jovem de 19 anos foi baleado no ombro, na noite desta quarta-feira (2), em Pirapora. Para a pol\u00edcia, a v\u00edtima disse que acredita ter sido alvo por engano j\u00e1 que tem o mesmo nome de um suspeito envolvido em uma tentativa de homic\u00eddio. <\/p>\n<p>No momento da tentativa de homic\u00eddio, a v\u00edtima estava em casa, no Bairro Shekinah, quando dois homens chegaram ao local e atiraram. Ela foi socorrida pelo Samu e, segundo a pol\u00edcia, n\u00e3o corre risco de morrer. Os militares fizeram rastreamento, mas ningu\u00e9m foi preso at\u00e9 o momento. A Pol\u00edcia Civil ir\u00e1 investigar o caso.<\/p>\n<p><strong>VER PRIMEIRO<\/strong><\/p>\n<p>Receba as not\u00edcias do Aconteceu no Vale em primeira m\u00e3o. Clique em curtir no endere\u00e7o <a href=\"https:\/\/www.facebook.com\/aconteceunovale\" target=\"_blank\"><font color=\"red\">www.facebook.com\/aconteceunovale<\/font><\/a> ou no box abaixo:<\/p>\n<div class=\"fb-like\" data-href=\"https:\/\/www.facebook.com\/aconteceunovale\" data-width=\"120\" data-layout=\"standard\" data-action=\"like\" data-size=\"small\" data-show-faces=\"true\" data-share=\"true\"><\/div>\n<p><\/br><\/p>\n<p><em>(Fonte: G1 Grande Minas)<\/em><\/p>\n","protected":false},"excerpt":{"rendered":"<p>Um jovem de 18 anos foi baleado nas n\u00e1degas e de rasp\u00e3o na cabe\u00e7a, nesta quarta-feira (02\/08\/2017), em Ibia\u00ed, no Norte de Minas. Segundo a pol\u00edcia, para n\u00e3o ser morto, ele pulou no Rio S\u00e3o Francisco e nadou at\u00e9 uma ilha. A v\u00edtima foi socorrida por terceiros em um barco e, ap\u00f3s avalia\u00e7\u00e3o em unidade [&hellip;]<\/p>\n","protected":false},"author":1,"featured_media":119657,"comment_status":"open","ping_status":"closed","sticky":false,"template":"","format":"standard","meta":{"amp_status":"","footnotes":""},"categories":[1236],"tags":[156629,77451,156628,1695,156630,210,33228,254],"class_list":["post-119656","post","type-post","status-publish","format-standard","has-post-thumbnail","hentry","category-norte_de_minas","tag-baleado-em-ibiai","tag-baleado-em-montes-claros","tag-baleado-em-pirapora","tag-ibiai","tag-jovem-pula-em-rio-para-nao-ser-morto-em-ibiai","tag-montes-claros","tag-no-norte-de-minas","tag-pirapora"],"_links":{"self":[{"href":"https:\/\/aconteceunovale.com.br\/portal\/index.php?rest_route=\/wp\/v2\/posts\/119656","targetHints":{"allow":["GET"]}}],"collection":[{"href":"https:\/\/aconteceunovale.com.br\/portal\/index.php?rest_route=\/wp\/v2\/posts"}],"about":[{"href":"https:\/\/aconteceunovale.com.br\/portal\/index.php?rest_route=\/wp\/v2\/types\/post"}],"author":[{"embeddable":true,"href":"https:\/\/aconteceunovale.com.br\/portal\/index.php?rest_route=\/wp\/v2\/users\/1"}],"replies":[{"embeddable":true,"href":"https:\/\/aconteceunovale.com.br\/portal\/index.php?rest_route=%2Fwp%2Fv2%2Fcomments&post=119656"}],"version-history":[{"count":0,"href":"https:\/\/aconteceunovale.com.br\/portal\/index.php?rest_route=\/wp\/v2\/posts\/119656\/revisions"}],"wp:featuredmedia":[{"embeddable":true,"href":"https:\/\/aconteceunovale.com.br\/portal\/index.php?rest_route=\/wp\/v2\/media\/119657"}],"wp:attachment":[{"href":"https:\/\/aconteceunovale.com.br\/portal\/index.php?rest_route=%2Fwp%2Fv2%2Fmedia&parent=119656"}],"wp:term":[{"taxonomy":"category","embeddable":true,"href":"https:\/\/aconteceunovale.com.br\/portal\/index.php?rest_route=%2Fwp%2Fv2%2Fcategories&post=119656"},{"taxonomy":"post_tag","embeddable":true,"href":"https:\/\/aconteceunovale.com.br\/portal\/index.php?rest_route=%2Fwp%2Fv2%2Ftags&post=119656"}],"curies":[{"name":"wp","href":"https:\/\/api.w.org\/{rel}","templated":true}]}}