{"id":119588,"date":"2017-08-01T22:36:18","date_gmt":"2017-08-02T00:36:18","guid":{"rendered":"http:\/\/aconteceunovale.com.br\/portal\/?p=119588"},"modified":"2017-08-01T22:36:18","modified_gmt":"2017-08-02T00:36:18","slug":"colisao-entre-veiculos-mata-tres-pessoas-na-br-251-em-salinas","status":"publish","type":"post","link":"https:\/\/aconteceunovale.com.br\/portal\/?p=119588","title":{"rendered":"Colis\u00e3o entre ve\u00edculos mata tr\u00eas pessoas na BR-251, em Salinas"},"content":{"rendered":"<p>Tr\u00eas pessoas morreram e tr\u00eas ficaram feridas em acidente na BR-251, pr\u00f3ximo \u00e0 Salinas, regi\u00e3o Norte do Estado de Minas Gerais, na manh\u00e3 desta ter\u00e7a-feira (1\u00ba de agosto de 2017). Segundo informa\u00e7\u00f5es da Pol\u00edcia Rodovi\u00e1ria Federal, um carro, ocupado por dois adultos, um adolescente e duas crian\u00e7as, que seguia pela rodovia, na altura do km 272, no sentido Bahia, perdeu o controle da dire\u00e7\u00e3o e atingiu outro ve\u00edculo que seguia na pista contr\u00e1ria.<\/p>\n<p>Com o impacto, o carro atingido caiu em uma ribanceira, de aproximadamente quatro metros de altura e pegou fogo. O motorista deste ve\u00edculo morreu carbonizado no local.<\/p>\n<p>Uma mulher que estava no banco do carona e um adolescente, sentado no banco de tr\u00e1s, que estavam no carro que perdeu o controle, morreram na hora do acidente. As duas crian\u00e7as que estavam no banco traseiro e o motorista foram socorridos e encaminhados ao Hospital Municipal de Salinas.<\/p>\n<p>As causas do acidente ainda est\u00e3o sendo investigadas. A identifica\u00e7\u00e3o das v\u00edtimas n\u00e3o foi divulgada.<\/p>\n<p><img decoding=\"async\" src=\"http:\/\/aconteceunovale.com.br\/portal\/wp-content\/uploads\/2017\/08\/acidente_salinas_1.jpeg\" alt=\"\" \/><em>Acidente aconteceu no km 272 da BR-251 (Foto: Divulga\u00e7\u00e3o\/PRF)<\/em><br \/>\n<\/br><\/p>\n<p><strong>VER PRIMEIRO<\/strong><\/p>\n<p>Receba as not\u00edcias do Aconteceu no Vale em primeira m\u00e3o. Clique em curtir no endere\u00e7o <a href=\"https:\/\/www.facebook.com\/aconteceunovale\" target=\"_blank\"><font color=\"red\">www.facebook.com\/aconteceunovale<\/font><\/a> ou no box abaixo:<\/p>\n<div class=\"fb-like\" data-href=\"https:\/\/www.facebook.com\/aconteceunovale\" data-width=\"120\" data-layout=\"standard\" data-action=\"like\" data-size=\"small\" data-show-faces=\"true\" data-share=\"true\"><\/div>\n<p><\/br><\/p>\n<p><em>(Fonte: O Tempo)<\/em><\/p>\n","protected":false},"excerpt":{"rendered":"<p>Tr\u00eas pessoas morreram e tr\u00eas ficaram feridas em acidente na BR-251, pr\u00f3ximo \u00e0 Salinas, regi\u00e3o Norte do Estado de Minas Gerais, na manh\u00e3 desta ter\u00e7a-feira (1\u00ba de agosto de 2017). Segundo informa\u00e7\u00f5es da Pol\u00edcia Rodovi\u00e1ria Federal, um carro, ocupado por dois adultos, um adolescente e duas crian\u00e7as, que seguia pela rodovia, na altura do km [&hellip;]<\/p>\n","protected":false},"author":1,"featured_media":119589,"comment_status":"open","ping_status":"closed","sticky":false,"template":"","format":"standard","meta":{"amp_status":"","footnotes":""},"categories":[1236],"tags":[156536,13619,60072,921,156535,156537,156532,156534,156533,190],"class_list":["post-119588","post","type-post","status-publish","format-standard","has-post-thumbnail","hentry","category-norte_de_minas","tag-acidente-com-mortes-na-br-251-em-salinas","tag-acidente-em-salinas","tag-acidente-na-br-251-em-salinas","tag-br-251","tag-br-251-em-salinas","tag-colisao-entre-carros-na-br-251-em-salinas","tag-colisao-entre-veiculos-deixa-tres-mortos-na-br-251","tag-colisao-entre-veiculos-deixa-tres-mortos-na-br-251-em-salinas","tag-em-salinas","tag-salinas"],"_links":{"self":[{"href":"https:\/\/aconteceunovale.com.br\/portal\/index.php?rest_route=\/wp\/v2\/posts\/119588","targetHints":{"allow":["GET"]}}],"collection":[{"href":"https:\/\/aconteceunovale.com.br\/portal\/index.php?rest_route=\/wp\/v2\/posts"}],"about":[{"href":"https:\/\/aconteceunovale.com.br\/portal\/index.php?rest_route=\/wp\/v2\/types\/post"}],"author":[{"embeddable":true,"href":"https:\/\/aconteceunovale.com.br\/portal\/index.php?rest_route=\/wp\/v2\/users\/1"}],"replies":[{"embeddable":true,"href":"https:\/\/aconteceunovale.com.br\/portal\/index.php?rest_route=%2Fwp%2Fv2%2Fcomments&post=119588"}],"version-history":[{"count":0,"href":"https:\/\/aconteceunovale.com.br\/portal\/index.php?rest_route=\/wp\/v2\/posts\/119588\/revisions"}],"wp:featuredmedia":[{"embeddable":true,"href":"https:\/\/aconteceunovale.com.br\/portal\/index.php?rest_route=\/wp\/v2\/media\/119589"}],"wp:attachment":[{"href":"https:\/\/aconteceunovale.com.br\/portal\/index.php?rest_route=%2Fwp%2Fv2%2Fmedia&parent=119588"}],"wp:term":[{"taxonomy":"category","embeddable":true,"href":"https:\/\/aconteceunovale.com.br\/portal\/index.php?rest_route=%2Fwp%2Fv2%2Fcategories&post=119588"},{"taxonomy":"post_tag","embeddable":true,"href":"https:\/\/aconteceunovale.com.br\/portal\/index.php?rest_route=%2Fwp%2Fv2%2Ftags&post=119588"}],"curies":[{"name":"wp","href":"https:\/\/api.w.org\/{rel}","templated":true}]}}