{"id":119569,"date":"2017-08-01T15:17:28","date_gmt":"2017-08-01T17:17:28","guid":{"rendered":"http:\/\/aconteceunovale.com.br\/portal\/?p=119569"},"modified":"2017-08-01T15:17:28","modified_gmt":"2017-08-01T17:17:28","slug":"rosarinha-pimentinha-estreia-na-etapa-estadual-do-jemg-contra-o-colegio-equipe-de-vicosa","status":"publish","type":"post","link":"https:\/\/aconteceunovale.com.br\/portal\/?p=119569","title":{"rendered":"Rosarinha Pimentinha estreia na etapa estadual do JEMG contra o Col\u00e9gio Equipe de Vi\u00e7osa"},"content":{"rendered":"<p>O futsal feminino m\u00f3dulo I da Escola Estadual Professora Rosarinha Pimentinha estreia nesta quarta-feira (02\/08), \u00e0s 11h, na etapa estadual dos Jogos Escolares de Minas Gerais (JEMG). A partida, contra a equipe do Col\u00e9gio Equipe, de Vi\u00e7osa, ser\u00e1 disputada no Gin\u00e1sio do Nacional Futebol Clube.<\/p>\n<p>Nesta ter\u00e7a-feira, a equipe capelinhense treinar\u00e1 firme para fazer bonito na estreia. Em seguida, toda a delega\u00e7\u00e3o participar\u00e1 da abertura oficial da Etapa Estadual do JEMG, que acontecer\u00e1 \u00c0s 20h no Gin\u00e1sio Centro Ol\u00edmpico.<\/p>\n<p>A equipe do Rosarinha Pimentinha \u00e9 formada pelas atletas Aline Gomes, Amanda Gomes, Ingrid Aparecida Guimar\u00e3es, Lorrany Nunes, Rayanny Pereira, Thaynara Oliveira, Vit\u00f3ria Santos e Lays Silva. Elas s\u00e3o treinadas pelo professor-t\u00e9cnico Ant\u00f4nio Abrantes com aux\u00edlio de Everton Ricardo.<\/p>\n<h4>Campe\u00e3 da etapa regional<\/h4>\n<p>A classifica\u00e7\u00e3o para a etapa estadual em Uberaba foi confirmada ap\u00f3s vit\u00f3ria por 3 a 0 sobre a equipe da Escola Estadual Dr. Carlos Albuquerque, de Montes Claros. A escola \u00e9 campe\u00e3 de todas as etapas do JEMG e a maior vencedora na hist\u00f3ria dos jogos na regi\u00e3o Norte de Minas.<\/p>\n<p><img decoding=\"async\" src=\"http:\/\/aconteceunovale.com.br\/portal\/wp-content\/uploads\/2017\/08\/equipe_rosarinha.jpg\" alt=\"\" \/><em>Equipe campe\u00e3 da etapa regional em Montes Claros (Foto: Divulga\u00e7\u00e3o)<\/em><br \/>\n<\/br><\/p>\n<p><strong>VER PRIMEIRO<\/strong><\/p>\n<p>Receba as not\u00edcias do Aconteceu no Vale em primeira m\u00e3o. Clique em curtir no endere\u00e7o <a href=\"https:\/\/www.facebook.com\/aconteceunovale\" target=\"_blank\"><font color=\"red\">www.facebook.com\/aconteceunovale<\/font><\/a> ou no box abaixo:<\/p>\n<div class=\"fb-like\" data-href=\"https:\/\/www.facebook.com\/aconteceunovale\" data-width=\"120\" data-layout=\"standard\" data-action=\"like\" data-size=\"small\" data-show-faces=\"true\" data-share=\"true\"><\/div>\n<p><\/br><\/p>\n","protected":false},"excerpt":{"rendered":"<p>O futsal feminino m\u00f3dulo I da Escola Estadual Professora Rosarinha Pimentinha estreia nesta quarta-feira (02\/08), \u00e0s 11h, na etapa estadual dos Jogos Escolares de Minas Gerais (JEMG). A partida, contra a equipe do Col\u00e9gio Equipe, de Vi\u00e7osa, ser\u00e1 disputada no Gin\u00e1sio do Nacional Futebol Clube. Nesta ter\u00e7a-feira, a equipe capelinhense treinar\u00e1 firme para fazer bonito [&hellip;]<\/p>\n","protected":false},"author":1,"featured_media":119570,"comment_status":"open","ping_status":"closed","sticky":false,"template":"","format":"standard","meta":{"amp_status":"","footnotes":""},"categories":[59],"tags":[132,156510,156511,80476,156512,561,156509,18771],"class_list":["post-119569","post","type-post","status-publish","format-standard","has-post-thumbnail","hentry","category-sports","tag-capelinha","tag-colegio-equipe","tag-colegio-equipe-de-vicosa","tag-escola-estadual-professora-rosarinha-pimentinha","tag-etapa-estadual-do-jemg","tag-rosarinha-pimentinha","tag-rosarinha-pimentinha-estreia-na-etapa-estadual-do-jemg-contra-o-colegio-equipe-de-vicosa","tag-vicosa"],"_links":{"self":[{"href":"https:\/\/aconteceunovale.com.br\/portal\/index.php?rest_route=\/wp\/v2\/posts\/119569","targetHints":{"allow":["GET"]}}],"collection":[{"href":"https:\/\/aconteceunovale.com.br\/portal\/index.php?rest_route=\/wp\/v2\/posts"}],"about":[{"href":"https:\/\/aconteceunovale.com.br\/portal\/index.php?rest_route=\/wp\/v2\/types\/post"}],"author":[{"embeddable":true,"href":"https:\/\/aconteceunovale.com.br\/portal\/index.php?rest_route=\/wp\/v2\/users\/1"}],"replies":[{"embeddable":true,"href":"https:\/\/aconteceunovale.com.br\/portal\/index.php?rest_route=%2Fwp%2Fv2%2Fcomments&post=119569"}],"version-history":[{"count":0,"href":"https:\/\/aconteceunovale.com.br\/portal\/index.php?rest_route=\/wp\/v2\/posts\/119569\/revisions"}],"wp:featuredmedia":[{"embeddable":true,"href":"https:\/\/aconteceunovale.com.br\/portal\/index.php?rest_route=\/wp\/v2\/media\/119570"}],"wp:attachment":[{"href":"https:\/\/aconteceunovale.com.br\/portal\/index.php?rest_route=%2Fwp%2Fv2%2Fmedia&parent=119569"}],"wp:term":[{"taxonomy":"category","embeddable":true,"href":"https:\/\/aconteceunovale.com.br\/portal\/index.php?rest_route=%2Fwp%2Fv2%2Fcategories&post=119569"},{"taxonomy":"post_tag","embeddable":true,"href":"https:\/\/aconteceunovale.com.br\/portal\/index.php?rest_route=%2Fwp%2Fv2%2Ftags&post=119569"}],"curies":[{"name":"wp","href":"https:\/\/api.w.org\/{rel}","templated":true}]}}