{"id":119567,"date":"2017-08-01T13:20:43","date_gmt":"2017-08-01T15:20:43","guid":{"rendered":"http:\/\/aconteceunovale.com.br\/portal\/?p=119567"},"modified":"2017-08-01T13:20:43","modified_gmt":"2017-08-01T15:20:43","slug":"mpf-denuncia-15-policiais-rodoviarios-federais-que-atuavam-em-rodovias-mineiras","status":"publish","type":"post","link":"https:\/\/aconteceunovale.com.br\/portal\/?p=119567","title":{"rendered":"MPF denuncia 15 policiais rodovi\u00e1rios federais que atuavam em rodovias mineiras"},"content":{"rendered":"<p>O Minist\u00e9rio P\u00fablico Federal (MPF) em Uberl\u00e2ndia (MG) ofereceu na quinta-feira (27\/07\/2017), 17 den\u00fancias contra 15 policiais rodovi\u00e1rios federais e outras cinco pessoas pela pr\u00e1tica de diversos crimes, entre os quais: inser\u00e7\u00e3o de dados falsos em sistema (CP, art. 313-A), concuss\u00e3o (CP, art. 316), corrup\u00e7\u00e3o passiva (CP, art. 317), prevarica\u00e7\u00e3o (CP, art. 319), viola\u00e7\u00e3o de sigilo funcional (CP, art. 325) e corrup\u00e7\u00e3o ativa (CP, art. 333).<\/p>\n<p>A atua\u00e7\u00e3o criminosa dos agentes p\u00fablicos foi interrompida no \u00faltimo dia 22 de junho com a realiza\u00e7\u00e3o da Opera\u00e7\u00e3o Domiciano, quando foram cumpridos 19 mandados de pris\u00e3o preventiva e 33 mandados de busca e apreens\u00e3o contra os policiais rodovi\u00e1rios federais, que at\u00e9 ent\u00e3o atuavam nas unidades operacionais de Uberl\u00e2ndia, Araguari e Monte Alegre, no Tri\u00e2ngulo Mineiro. Na ocasi\u00e3o, tamb\u00e9m foram presos quatro empres\u00e1rios e comerciantes da regi\u00e3o.<\/p>\n<p>De acordo com as den\u00fancias do MPF, a pr\u00e1tica dos atos de corrup\u00e7\u00e3o era sistem\u00e1tica e disseminada em um n\u00famero relevante de policiais rodovi\u00e1rios federais da 17\u00aa Delegacia da PRF (cerca de 1\/4 do efetivo total da unidade), que tem sede em Uberl\u00e2ndia. Os crimes geralmente ocorriam quando os policiais denunciados eram escalados para trabalhar em conjunto e, durante sua jornada, surgiam oportunidades de obten\u00e7\u00e3o de vantagens indevidas.<\/p>\n<p><strong>Crimes <\/strong><\/p>\n<p>Al\u00e9m de solicitarem propina para n\u00e3o lavrar autos de infra\u00e7\u00e3o a motoristas que eram flagrados em situa\u00e7\u00e3o ilegal, eram comum tamb\u00e9m que os agentes fizessem &#8220;vista grossa&#8221; para o transporte irregular de maquin\u00e1rio agr\u00edcola que, por suas dimens\u00f5es, n\u00e3o poderiam trafegar na rodovia, e, em alguns casos, chegavam at\u00e9 a fazer a escolta dessas m\u00e1quinas, com utiliza\u00e7\u00e3o de intermedi\u00e1rios &#8211; guincheiros que tamb\u00e9m faziam parte do esquema.<\/p>\n<p>Outro crime apurado pelos investigadores foi o da inser\u00e7\u00e3o de informa\u00e7\u00f5es falsas nos sistemas da PRF. Alguns policiais, com a inten\u00e7\u00e3o de ludibriar a administra\u00e7\u00e3o da Delegacia da PRF em Uberl\u00e2ndia, realizavam testes de baf\u00f4metro em si mesmos e lan\u00e7avam as informa\u00e7\u00f5es como se tivessem efetuado os testes nos condutores abordados.<\/p>\n<p>O objetivo era o de cumprir as metas de fiscaliza\u00e7\u00e3o de tr\u00e2nsito estabelecidas pela gest\u00e3o e ganhar a pontua\u00e7\u00e3o correspondente na avalia\u00e7\u00e3o de desempenho individual (ADI), o que, entre outras vantagens, lhes favorecia na escolha do per\u00edodo de f\u00e9rias, na progress\u00e3o funcional e escolha de escala de trabalho. Para n\u00e3o despertar suspeitas, os acusados se preocupavam com a marca\u00e7\u00e3o de testes do equipamento de baf\u00f4metro e tamb\u00e9m com a quantidade de boquilhas utilizadas, fazendo uso de uma para cada teste. Ou seja, al\u00e9m do gasto de material com fim diverso do pretendido quando da compra pela Administra\u00e7\u00e3o P\u00fablica, tamb\u00e9m deixavam de executar as fiscaliza\u00e7\u00f5es que efetivamente deveriam ser realizadas ao longo das rodovias.<\/p>\n<p><strong>Pr\u00e1tica antiga<\/strong><\/p>\n<p>O MPF relata que, nos \u00faltimos quatro anos, a Corregedoria da PRF vinha recebendo in\u00fameros relatos de graves desvios de condutas por parte de policiais rodovi\u00e1rios federais da 17\u00aa DPRF, mas mesmo com a instaura\u00e7\u00e3o de procedimentos administrativos e dilig\u00eancias internas, n\u00e3o havia sido poss\u00edvel obter provas conclusivas, tanto pela pr\u00f3pria din\u00e2mica dos crimes (praticados de forma r\u00e1pida, sem deixar vest\u00edgios e em locais isolados), quanto pelo justo receio de repres\u00e1lias por parte das v\u00edtimas.<\/p>\n<p>Com a instaura\u00e7\u00e3o do inqu\u00e9rito policial e a forma\u00e7\u00e3o de uma for\u00e7a-tarefa, integrada por Pol\u00edcia Federal, agentes da pr\u00f3pria Corregedoria da PRF, Minist\u00e9rio P\u00fablico Federal e Controladoria-Geral da Uni\u00e3o, e com o monitoramento telef\u00f4nico e outras medidas autorizadas pela Justi\u00e7a Federal, foi poss\u00edvel obter provas indicando que as condutas  vinham ocorrendo de forma reiterada e sistem\u00e1tica: nos \u00faltimos seis meses, constatou-se o envolvimento de cada um dos investigados em, ao menos, tr\u00eas epis\u00f3dios delitivos.<\/p>\n<p>Para o Minist\u00e9rio P\u00fablico Federal, &#8221; os agentes p\u00fablicos corruptos demonstraram, ao longo da investiga\u00e7\u00e3o, que n\u00e3o possuem freios morais e nem se intimidam com as a\u00e7\u00f5es dos \u00f3rg\u00e3os de controle, prosseguindo com a atividade delitiva, de forma escancarada, a despeito das sucessivas den\u00fancias apresentadas \u00e0 Corregedoria da PRF&#8221;.<\/p>\n<p>Por isso, as den\u00fancias pediram a condena\u00e7\u00e3o dos acusados tamb\u00e9m por dano moral coletivo, na medida em que, na qualidade de agentes p\u00fablicos de seguran\u00e7a, al\u00e9m de &#8220;encarregados de zelar pelo cumprimento da lei, deles se esperava a observ\u00e2ncia dos mais r\u00edgidos padr\u00f5es de lisura e honestidade&#8221;. Ao praticarem os crimes, os policiais rodovi\u00e1rios federais &#8220;violaram a dignidade do cargo e tra\u00edram a confian\u00e7a da popula\u00e7\u00e3o, maculando gravemente a imagem e o prest\u00edgio da PRF, e causando um abalo moral \u00e0 coletividade, que n\u00e3o pode ficar sem repara\u00e7\u00e3o&#8221;.<\/p>\n<p>Por fim, foi requerida a manuten\u00e7\u00e3o da pris\u00e3o preventiva dos policiais, que se encontram custodiados desde a deflagra\u00e7\u00e3o da opera\u00e7\u00e3o. A medida \u00e9 necess\u00e1ria para evitar que continuem praticando crimes impunemente para e impedir que venham a amea\u00e7ar v\u00edtimas e testemunhas durante a instru\u00e7\u00e3o dos processos.<\/p>\n<p><strong>Confira abaixo a rela\u00e7\u00e3o de den\u00fancias, acusados, crimes e respectivas penas:<\/strong><\/p>\n<p>1\u00aa Den\u00fancia (IPL 441\/2017)<br \/>\nAcusados:<br \/>\nPRF Marco Ant\u00f4nio Domingues<br \/>\nPRF Jean Carlos de Morais<br \/>\n&#8211; Corrup\u00e7\u00e3o passiva (CP, art. 317, \u00a71\u00ba) &#8211; Pena: 1 a 8 anos, com aumento de 1\/3<br \/>\nAnt\u00f4nio Mendon\u00e7a dos Santos e Evaldo Macedo Arantes<br \/>\nCorrup\u00e7\u00e3o ativa (CP, art. 333, caput) &#8211; Pena: Pena: 1 a 8 anos, com aumento de 1\/3<\/p>\n<p>2\u00aa Den\u00fancia (IPL 442\/2017)<br \/>\nAcusados:<br \/>\nPRF Peter Albino<br \/>\nPRF Cristiano Ribeiro Ferreira<br \/>\n&#8211; Corrup\u00e7\u00e3o passiva (CP, art. 317, \u00a71\u00ba) &#8211; Pena: 1 a 8 anos, com aumento de 1\/3<br \/>\nPRF Gisdelson M\u00e1rio de Oliveira<br \/>\n&#8211; Viola\u00e7\u00e3o de sigilo funcional (CP, art. 325) &#8211; Pena: 6 meses a 2 anos ou se resultar dano \u00e0 Administra\u00e7\u00e3o P\u00fablica, pena de 2 a 6 anos<br \/>\nEvandro Martins Bento e Luciano M\u00e1ximo de Macedo<br \/>\nCorrup\u00e7\u00e3o ativa (CP, art. 333, caput) &#8211; Pena: Pena: 1 a 8 anos, com aumento de 1\/3<\/p>\n<p>3\u00aa Den\u00fancia (IPL 443\/2017)<br \/>\nAcusado:<br \/>\nPRF Jean Carlos de Morais<br \/>\nCorrup\u00e7\u00e3o passiva (CP, art. 317, \u00a71\u00ba) &#8211; Pena: 1 a 8 anos, com aumento de 1\/3<br \/>\nDione Aparecido Pereira Rosa, Evandro Martins Bento e Luciano M\u00e1ximo de Macedo<br \/>\nCorrup\u00e7\u00e3o ativa (CP, art. 333, caput) &#8211; Pena: Pena: 1 a 8 anos, com aumento de 1\/3<\/p>\n<p>4\u00aa Den\u00fancia (IPL 444\/2017)<br \/>\nAcusados:<br \/>\nPRF Abadio Jos\u00e9 Vital<br \/>\nPRF S\u00edlvio C\u00e9sar Vasconcelos Br\u00edgido<br \/>\n&#8211; Corrup\u00e7\u00e3o passiva (CP, art. 317, \u00a71\u00ba) &#8211; Pena: 1 a 8 anos, com aumento de 1\/3<\/p>\n<p>5\u00aa Den\u00fancia (IPL 445\/2017)<br \/>\nAcusados:<br \/>\nPRF Santiago Alves Assump\u00e7\u00e3o<br \/>\nPRF Vilmar Lu\u00eds de Azevedo<br \/>\n&#8211; Corrup\u00e7\u00e3o passiva (CP, art. 317, \u00a71\u00ba) por duas vezes &#8211; Pena: 1 a 8 anos, com aumento de 1\/3<\/p>\n<p>6\u00aa Den\u00fancia (IPL 446\/2017)<br \/>\nAcusados:<br \/>\nPRF Gisdelson M\u00e1rio de Oliveira<br \/>\nPRF Alexandre Mesquita Ciuffa<br \/>\n&#8211; Corrup\u00e7\u00e3o passiva (CP, art. 317, \u00a71\u00ba) por duas vezes &#8211; Pena: 1 a 8 anos, com aumento de 1\/3<\/p>\n<p>7\u00aa Den\u00fancia (IPL 447\/2017)<br \/>\nAcusados:<br \/>\nPRF Marco Ant\u00f4nio Domingues<br \/>\nPRF Jean Carlos de Morais<br \/>\n&#8211; Corrup\u00e7\u00e3o passiva (CP, art. 317, \u00a71\u00ba) por seis vezes &#8211; Pena: 1 a 8 anos, com aumento de 1\/3<br \/>\n&#8211; Concuss\u00e3o (CP, art. 316) por seis vezes &#8211; Pena: 2 a 8 anos<\/p>\n<p>8\u00aa Den\u00fancia (IPL 448\/2017)<br \/>\nAcusados:<br \/>\nPRF S\u00edlvio C\u00e9sar Vasconcelos Br\u00edgido<br \/>\nPRF Geraldo Alves Ribeiro J\u00fanior<br \/>\n&#8211; Corrup\u00e7\u00e3o passiva (CP, art. 317, \u00a71\u00ba) por 3 vezes &#8211; Pena: 1 a 8 anos, com aumento de 1\/3<br \/>\n&#8211; Prevarica\u00e7\u00e3o (CP, art. 319) por 3 vezes &#8211; Pena: 3 meses a 1 ano<\/p>\n<p>9\u00aa Den\u00fancia (IPL 449\/2017)<br \/>\nAcusados:<br \/>\nPRF S\u00edlvio C\u00e9sar Vasconcelos Br\u00edgido<br \/>\nPRF Jos\u00e9 Roque da Silva Filho<br \/>\n&#8211; Corrup\u00e7\u00e3o passiva (CP, art. 317, \u00a71\u00ba) por 2 vezes &#8211; Pena: 1 a 8 anos, com aumento de 1\/3<\/p>\n<p>10\u00aa Den\u00fancia (IPL 450\/2017)<br \/>\nAcusados:<br \/>\nPRF Antenor de Souza Leal Filho<br \/>\nPRF Tairone de Paula Sales<br \/>\n&#8211; Corrup\u00e7\u00e3o passiva (CP, art. 317, \u00a71\u00ba) por 2 vezes &#8211; Pena: 1 a 8 anos, com aumento de 1\/3<\/p>\n<p>11\u00aa Den\u00fancia (IPL 451\/2017 e IPL 462\/2017)<br \/>\nAcusados:<br \/>\nPRF S\u00edlvio C\u00e9sar Vasconcelos Br\u00edgido<br \/>\nPRF Cristiano Ribeiro Ferreira<br \/>\n&#8211; Corrup\u00e7\u00e3o passiva (CP, art. 317, \u00a71\u00ba) por 2 vezes &#8211; Pena: 1 a 8 anos, com aumento de 1\/3<br \/>\n&#8211; Inser\u00e7\u00e3o de dados falsos em sistema de informa\u00e7\u00f5es (CP, art. 313-A) por 2 vezes &#8211; Pena: 2 a 12 anos<\/p>\n<p>12\u00aa Den\u00fancia (IPL 452\/2017 e IPL 453\/2017)<br \/>\nAcusados:<br \/>\nPRF Marco Ant\u00f4nio Domingues<br \/>\nPRF Jean Carlos de Morais<br \/>\n&#8211; Corrup\u00e7\u00e3o passiva (CP, art. 317, \u00a71\u00ba) por 8 vezes &#8211; Pena: 1 a 8 anos, com aumento de 1\/3<\/p>\n<p>13\u00aa Den\u00fancia (IPL 454\/2017)<br \/>\nAcusados:<br \/>\nPRF Marco Ant\u00f4nio Domingues<br \/>\nPRF Jean Carlos de Morais<br \/>\n&#8211; Corrup\u00e7\u00e3o passiva (CP, art. 317, \u00a71\u00ba) &#8211; Pena: 1 a 8 anos, com aumento de 1\/3<\/p>\n<p>14\u00aa Den\u00fancia (IPL 459\/2017)<br \/>\nAcusados:<br \/>\nPRF Alexandre Mesquita Ciuffa<br \/>\nPRF Peter Albino<br \/>\n&#8211; Inser\u00e7\u00e3o de dados falsos em sistema de informa\u00e7\u00f5es (CP, art. 313-A) &#8211; Pena: 2 a 12 anos<\/p>\n<p>15\u00aa Den\u00fancia (IPL 460\/2017)<br \/>\nAcusados:<br \/>\nPRF Alexandre Mesquita Ciuffa<br \/>\nPRF Denis de Oliveira<br \/>\n&#8211; Corrup\u00e7\u00e3o passiva (CP, art. 317, \u00a71\u00ba) &#8211; Pena: 1 a 8 anos, com aumento de 1\/3<br \/>\n&#8211; Inser\u00e7\u00e3o de dados falsos em sistema de informa\u00e7\u00f5es (CP, art. 313-A) &#8211; Pena: 2 a 12 anos<\/p>\n<p>16\u00aa Den\u00fancia (IPL 461\/2017)<br \/>\nAcusados:<br \/>\nPRF S\u00edlvio C\u00e9sar Vasconcelos Br\u00edgido<br \/>\nPRF Jos\u00e9 Roque da Silva Filho<br \/>\n&#8211; Corrup\u00e7\u00e3o passiva (CP, art. 317, \u00a71\u00ba) &#8211; Pena: 1 a 8 anos, com aumento de 1\/3<br \/>\n&#8211; Inser\u00e7\u00e3o de dados falsos em sistema de informa\u00e7\u00f5es (CP, art. 313-A) &#8211; Pena: 2 a 12 anos<\/p>\n<p>17\u00aa Den\u00fancia (IPL 468\/2017)<br \/>\nAcusado:<br \/>\nPRF Marco Ant\u00f4nio Domingues<br \/>\n&#8211; Concuss\u00e3o (CP, art. 316) &#8211; Pena: 2 a 8 anos<\/p>\n<p><strong>VER PRIMEIRO<\/strong><\/p>\n<p>Receba as not\u00edcias do Aconteceu no Vale em primeira m\u00e3o. Clique em curtir no endere\u00e7o <a href=\"https:\/\/www.facebook.com\/aconteceunovale\" target=\"_blank\"><font color=\"red\">www.facebook.com\/aconteceunovale<\/font><\/a> ou no box abaixo:<\/p>\n<div class=\"fb-like\" data-href=\"https:\/\/www.facebook.com\/aconteceunovale\" data-width=\"120\" data-layout=\"standard\" data-action=\"like\" data-size=\"small\" data-show-faces=\"true\" data-share=\"true\"><\/div>\n<p><\/br><\/p>\n<p><em>(Fonte: MPF em Minas)<\/em><\/p>\n","protected":false},"excerpt":{"rendered":"<p>O Minist\u00e9rio P\u00fablico Federal (MPF) em Uberl\u00e2ndia (MG) ofereceu na quinta-feira (27\/07\/2017), 17 den\u00fancias contra 15 policiais rodovi\u00e1rios federais e outras cinco pessoas pela pr\u00e1tica de diversos crimes, entre os quais: inser\u00e7\u00e3o de dados falsos em sistema (CP, art. 313-A), concuss\u00e3o (CP, art. 316), corrup\u00e7\u00e3o passiva (CP, art. 317), prevarica\u00e7\u00e3o (CP, art. 319), viola\u00e7\u00e3o de [&hellip;]<\/p>\n","protected":false},"author":1,"featured_media":117870,"comment_status":"open","ping_status":"closed","sticky":false,"template":"","format":"standard","meta":{"amp_status":"","footnotes":""},"categories":[123],"tags":[1490,5667,143835,18887,156508,156507,153964,221],"class_list":["post-119567","post","type-post","status-publish","format-standard","has-post-thumbnail","hentry","category-gerais","tag-araguari","tag-ministerio-publico-federal","tag-monte-alegre","tag-mpf","tag-mpf-denuncia-15-policiais-rodoviarios-federais-que-atuavam-em-rodovias-mineiras","tag-mpf-em-uberlandia","tag-operacao-domiciano","tag-uberlandia"],"_links":{"self":[{"href":"https:\/\/aconteceunovale.com.br\/portal\/index.php?rest_route=\/wp\/v2\/posts\/119567","targetHints":{"allow":["GET"]}}],"collection":[{"href":"https:\/\/aconteceunovale.com.br\/portal\/index.php?rest_route=\/wp\/v2\/posts"}],"about":[{"href":"https:\/\/aconteceunovale.com.br\/portal\/index.php?rest_route=\/wp\/v2\/types\/post"}],"author":[{"embeddable":true,"href":"https:\/\/aconteceunovale.com.br\/portal\/index.php?rest_route=\/wp\/v2\/users\/1"}],"replies":[{"embeddable":true,"href":"https:\/\/aconteceunovale.com.br\/portal\/index.php?rest_route=%2Fwp%2Fv2%2Fcomments&post=119567"}],"version-history":[{"count":0,"href":"https:\/\/aconteceunovale.com.br\/portal\/index.php?rest_route=\/wp\/v2\/posts\/119567\/revisions"}],"wp:featuredmedia":[{"embeddable":true,"href":"https:\/\/aconteceunovale.com.br\/portal\/index.php?rest_route=\/wp\/v2\/media\/117870"}],"wp:attachment":[{"href":"https:\/\/aconteceunovale.com.br\/portal\/index.php?rest_route=%2Fwp%2Fv2%2Fmedia&parent=119567"}],"wp:term":[{"taxonomy":"category","embeddable":true,"href":"https:\/\/aconteceunovale.com.br\/portal\/index.php?rest_route=%2Fwp%2Fv2%2Fcategories&post=119567"},{"taxonomy":"post_tag","embeddable":true,"href":"https:\/\/aconteceunovale.com.br\/portal\/index.php?rest_route=%2Fwp%2Fv2%2Ftags&post=119567"}],"curies":[{"name":"wp","href":"https:\/\/api.w.org\/{rel}","templated":true}]}}