{"id":119257,"date":"2017-07-21T00:51:20","date_gmt":"2017-07-21T02:51:20","guid":{"rendered":"http:\/\/aconteceunovale.com.br\/portal\/?p=119257"},"modified":"2017-07-21T00:51:20","modified_gmt":"2017-07-21T02:51:20","slug":"prefeito-de-manga-e-novamente-condenado-com-perda-de-cargo-diz-tjmg","status":"publish","type":"post","link":"https:\/\/aconteceunovale.com.br\/portal\/?p=119257","title":{"rendered":"Prefeito de Manga \u00e9 novamente condenado com perda de cargo, diz TJMG"},"content":{"rendered":"<p>O juiz Jo\u00e3o Carneiro Duarte Neto, da 2\u00aa Vara, Criminal e de Execu\u00e7\u00f5es Penais da comarca de Manga, condenou o prefeito municipal Joaquim de Oliveira de S\u00e1 Filho e o escrit\u00f3rio Menezes Consultores e Advogados Associados por atos de improbidade administrativa.<\/p>\n<p>O prefeito de Manga, afastado por outra\u00a0senten\u00e7a, foi condenado por celebrar dois contratos, considerados irregulares, com a empresa de advocacia. Foram duas condena\u00e7\u00f5es associadas aos dois contratos.<\/p>\n<p>Para o primeiro contrato, o magistrado condenou Joaquim de Oliveira de S\u00e1 Filho a perda do cargo p\u00fablico que atualmente exerce, de prefeito municipal de Manga; suspens\u00e3o dos direitos pol\u00edticos por quatro anos; pagamento de 50% de multa civil fixada no patamar de 25 vezes a m\u00e9dia do valor bruto da remunera\u00e7\u00e3o recebida pelo agente pol\u00edtico quando foi prefeito entre 01 de janeiro de 2008 a 31 de dezembro de 2012, corrigidos monetariamente, e proibi\u00e7\u00e3o de contratar com o Poder P\u00fablico.<\/p>\n<p>Para o segundo contrato, Joaquim de Oliveira de S\u00e1 Filho foi condenado \u00e0 suspens\u00e3o dos direitos pol\u00edticos por seis anos; perda do cargo de prefeito municipal, pagamento de multa civil de uma vez e meia o valor do dano causado ao er\u00e1rio, corrigidos monetariamente, e proibi\u00e7\u00e3o de contrata\u00e7\u00e3o com o Poder P\u00fablico.<\/p>\n<p>Segundo a den\u00fancia, foram celebrados dois contratos: o 23\/2012 cujo objeto seria a realiza\u00e7\u00e3o de um semin\u00e1rio sobre condutas vedadas aos agentes pol\u00edticos em \u00faltimo ano de mandato e o 24\/2012 que trata do assessoramento jur\u00eddico amplo, especialmente, em mat\u00e9rias relativas ao exerc\u00edcio de ano eleitoral.\u00a0 Para os autores da a\u00e7\u00e3o, n\u00e3o h\u00e1 provas de que o primeiro contrato tenha sido realmente realizado.<\/p>\n<p>J\u00e1 em rela\u00e7\u00e3o ao segundo contrato, n\u00e3o houve licita\u00e7\u00e3o para contrata\u00e7\u00e3o do servi\u00e7o, al\u00e9m de irregularidades nos pagamentos dos valores.<\/p>\n<p>O juiz Jo\u00e3o Carneiro Duarte Neto entendeu que houve supremacia dos interesses privados sobre o p\u00fablico. Para o magistrado, o prefeito e os representantes do escrit\u00f3rio de advocacia buscaram apenas o proveito econ\u00f4mico pr\u00f3prio, sem observar as regras b\u00e1sicas da Administra\u00e7\u00e3o P\u00fablica. \u201cEspecialmente o prefeito, que na condi\u00e7\u00e3o de gestor p\u00fablico, tem o dever legal de zelar pela economia do patrim\u00f4nio p\u00fablico e manter conduta compat\u00edvel com a moralidade administrativa\u201d.<\/p>\n<p>O escrit\u00f3rio Menezes Consultores e Advogados Associados foi condenado pelo primeiro contrato ao pagamento de 50% de multa civil fixada no patamar de 25 vezes a m\u00e9dia do valor bruto da remunera\u00e7\u00e3o recebida pelo agente pol\u00edtico quando foi prefeito entre 01 de janeiro de 2008 a 31 de dezembro de 2012, corrigidos monetariamente, e proibi\u00e7\u00e3o de contratar com o Poder P\u00fablico.<\/p>\n<p>Para o segundo contrato, o escrit\u00f3rio foi condenado ao pagamento de multa civil de uma vez e meia o valor do dano causado ao er\u00e1rio, a ser apurado, corrigidos monetariamente, e proibi\u00e7\u00e3o de contrata\u00e7\u00e3o com o Poder P\u00fablico.<\/p>\n<p>Veja a\u00a0<span style=\"color: #ff0000;\"><a href=\"http:\/\/www4.tjmg.jus.br\/juridico\/sf\/proc_peca_movimentacao.jsp?id=16707719&amp;hash=7c10bf28a4b145b355658df3d2397278\" target=\"_blank\"><span style=\"color: #ff0000;\">senten\u00e7a<\/span><\/a> <\/span>-|- Acompanhe a\u00a0<span style=\"color: #ff0000;\"><a href=\"http:\/\/www4.tjmg.jus.br\/juridico\/sf\/proc_movimentacoes.jsp?comrCodigo=393&amp;numero=1&amp;listaProcessos=13001251\" target=\"_blank\"><span style=\"color: #ff0000;\">movimenta\u00e7\u00e3o processual<\/span><\/a><\/span>.<\/p>\n<p><strong>VER PRIMEIRO<\/strong><\/p>\n<p>Receba as not\u00edcias do Aconteceu no Vale em primeira m\u00e3o. Clique em curtir no endere\u00e7o <a href=\"https:\/\/www.facebook.com\/aconteceunovale\" target=\"_blank\"><font color=\"red\">www.facebook.com\/aconteceunovale<\/font><\/a> ou no box abaixo:<\/p>\n<div class=\"fb-like\" data-href=\"https:\/\/www.facebook.com\/aconteceunovale\" data-width=\"120\" data-layout=\"standard\" data-action=\"like\" data-size=\"small\" data-show-faces=\"true\" data-share=\"true\"><\/div>\n<p><\/br><\/p>\n<p><em>(Fonte: TJMG)<\/em><\/p>\n","protected":false},"excerpt":{"rendered":"<p>O juiz Jo\u00e3o Carneiro Duarte Neto, da 2\u00aa Vara, Criminal e de Execu\u00e7\u00f5es Penais da comarca de Manga, condenou o prefeito municipal Joaquim de Oliveira de S\u00e1 Filho e o escrit\u00f3rio Menezes Consultores e Advogados Associados por atos de improbidade administrativa. O prefeito de Manga, afastado por outra\u00a0senten\u00e7a, foi condenado por celebrar dois contratos, considerados [&hellip;]<\/p>\n","protected":false},"author":1,"featured_media":119258,"comment_status":"open","ping_status":"closed","sticky":false,"template":"","format":"standard","meta":{"amp_status":"","footnotes":""},"categories":[1236,40240],"tags":[156127,156270,45380,156269,156268,270],"class_list":["post-119257","post","type-post","status-publish","format-standard","has-post-thumbnail","hentry","category-norte_de_minas","category-politica-2","tag-condenacao-prefeito-de-manga","tag-joaquim-de-oliveira-de-sa-filho","tag-prefeito-de-manga","tag-prefeito-de-manga-e-condenado","tag-prefeito-de-manga-e-novamente-condenado-com-perda-de-cargo","tag-tjmg"],"_links":{"self":[{"href":"https:\/\/aconteceunovale.com.br\/portal\/index.php?rest_route=\/wp\/v2\/posts\/119257","targetHints":{"allow":["GET"]}}],"collection":[{"href":"https:\/\/aconteceunovale.com.br\/portal\/index.php?rest_route=\/wp\/v2\/posts"}],"about":[{"href":"https:\/\/aconteceunovale.com.br\/portal\/index.php?rest_route=\/wp\/v2\/types\/post"}],"author":[{"embeddable":true,"href":"https:\/\/aconteceunovale.com.br\/portal\/index.php?rest_route=\/wp\/v2\/users\/1"}],"replies":[{"embeddable":true,"href":"https:\/\/aconteceunovale.com.br\/portal\/index.php?rest_route=%2Fwp%2Fv2%2Fcomments&post=119257"}],"version-history":[{"count":0,"href":"https:\/\/aconteceunovale.com.br\/portal\/index.php?rest_route=\/wp\/v2\/posts\/119257\/revisions"}],"wp:featuredmedia":[{"embeddable":true,"href":"https:\/\/aconteceunovale.com.br\/portal\/index.php?rest_route=\/wp\/v2\/media\/119258"}],"wp:attachment":[{"href":"https:\/\/aconteceunovale.com.br\/portal\/index.php?rest_route=%2Fwp%2Fv2%2Fmedia&parent=119257"}],"wp:term":[{"taxonomy":"category","embeddable":true,"href":"https:\/\/aconteceunovale.com.br\/portal\/index.php?rest_route=%2Fwp%2Fv2%2Fcategories&post=119257"},{"taxonomy":"post_tag","embeddable":true,"href":"https:\/\/aconteceunovale.com.br\/portal\/index.php?rest_route=%2Fwp%2Fv2%2Ftags&post=119257"}],"curies":[{"name":"wp","href":"https:\/\/api.w.org\/{rel}","templated":true}]}}