{"id":119193,"date":"2017-07-19T22:34:48","date_gmt":"2017-07-20T00:34:48","guid":{"rendered":"http:\/\/aconteceunovale.com.br\/portal\/?p=119193"},"modified":"2017-07-19T22:34:48","modified_gmt":"2017-07-20T00:34:48","slug":"projeto-que-libera-r-102-milhoes-para-emissao-de-passaportes-e-sancionado","status":"publish","type":"post","link":"https:\/\/aconteceunovale.com.br\/portal\/?p=119193","title":{"rendered":"Projeto que libera R$ 102 milh\u00f5es para emiss\u00e3o de passaportes \u00e9 sancionado"},"content":{"rendered":"<p>O presidente Michel Temer sancionou hoje (19\/07\/2017) projeto que libera recursos para emiss\u00e3o de passaportes. A autoriza\u00e7\u00e3o de cr\u00e9dito extra de R$ 102 milh\u00f5es para o Minist\u00e9rio da Justi\u00e7a foi aprovada semana passada pelo Congresso Nacional.<\/p>\n<p>Segundo a Casa Civil da Presid\u00eancia da Rep\u00fablica, a san\u00e7\u00e3o ser\u00e1 publicada amanh\u00e3 (20) no Di\u00e1rio Oficial da Uni\u00e3o. Depois da publica\u00e7\u00e3o, a verba ser\u00e1 liberada assim que Minist\u00e9rio do Planejamento abrir o empenho de recursos e autorizar o repasse ao Minist\u00e9rio da Justi\u00e7a, que o destinar\u00e1 \u00e0 Pol\u00edcia Federal (PF).<\/p>\n<p><strong>Paralisa\u00e7\u00e3o<\/strong><\/p>\n<p>De acordo com a Pol\u00edcia Federal, s\u00e3o realizados 11 mil atendimentos por dia \u00fatil para a requisi\u00e7\u00e3o do documento em todo o pa\u00eds. Como a paralisa\u00e7\u00e3o j\u00e1 dura tr\u00eas semanas, a demanda n\u00e3o atendida pode superar 150 mil pedidos.<\/p>\n<p>Com or\u00e7amento insuficiente para as atividades de controle migrat\u00f3rio e emiss\u00e3o de documentos de viagem, a Pol\u00edcia Federal suspendeu a emiss\u00e3o de novos passaportes na noite do dia 27 de juno. Segundo a PF, o setor atingiu o limite de gastos previstos na Lei Or\u00e7ament\u00e1ria da Uni\u00e3o.<\/p>\n<p><strong>VER PRIMEIRO<\/strong><\/p>\n<p>Receba as not\u00edcias do Aconteceu no Vale em primeira m\u00e3o. Clique em curtir no endere\u00e7o <a href=\"https:\/\/www.facebook.com\/aconteceunovale\" target=\"_blank\"><font color=\"red\">www.facebook.com\/aconteceunovale<\/font><\/a> ou no box abaixo:<\/p>\n<div class=\"fb-like\" data-href=\"https:\/\/www.facebook.com\/aconteceunovale\" data-width=\"120\" data-layout=\"standard\" data-action=\"like\" data-size=\"small\" data-show-faces=\"true\" data-share=\"true\"><\/div>\n<p><\/br><\/p>\n<p><em>(Fonte: Ag\u00eancia Brasil)<\/em><\/p>\n","protected":false},"excerpt":{"rendered":"<p>O presidente Michel Temer sancionou hoje (19\/07\/2017) projeto que libera recursos para emiss\u00e3o de passaportes. A autoriza\u00e7\u00e3o de cr\u00e9dito extra de R$ 102 milh\u00f5es para o Minist\u00e9rio da Justi\u00e7a foi aprovada semana passada pelo Congresso Nacional. Segundo a Casa Civil da Presid\u00eancia da Rep\u00fablica, a san\u00e7\u00e3o ser\u00e1 publicada amanh\u00e3 (20) no Di\u00e1rio Oficial da Uni\u00e3o. [&hellip;]<\/p>\n","protected":false},"author":1,"featured_media":63181,"comment_status":"open","ping_status":"closed","sticky":false,"template":"","format":"standard","meta":{"amp_status":"","footnotes":""},"categories":[6],"tags":[156169,154594,20181,26565,20966,772,39248,156166,156165,156168,156167,121300],"class_list":["post-119193","post","type-post","status-publish","format-standard","has-post-thumbnail","hentry","category-br","tag-casa-civil-da-presidencia-da-republica","tag-emissao-de-passaportes","tag-michel-temer","tag-passaportes","tag-pf","tag-policia-federal","tag-projeto","tag-projeto-que-libera-r-102-milhoes-para-emissao-de-passaportes","tag-projeto-que-libera-r-102-milhoes-para-emissao-de-passaportes-e-sancionado","tag-projeto-que-libera-recursos-para-emissao-de-passaportes","tag-r-102-milhoes-para-emissao-de-passaportes","tag-verba"],"_links":{"self":[{"href":"https:\/\/aconteceunovale.com.br\/portal\/index.php?rest_route=\/wp\/v2\/posts\/119193","targetHints":{"allow":["GET"]}}],"collection":[{"href":"https:\/\/aconteceunovale.com.br\/portal\/index.php?rest_route=\/wp\/v2\/posts"}],"about":[{"href":"https:\/\/aconteceunovale.com.br\/portal\/index.php?rest_route=\/wp\/v2\/types\/post"}],"author":[{"embeddable":true,"href":"https:\/\/aconteceunovale.com.br\/portal\/index.php?rest_route=\/wp\/v2\/users\/1"}],"replies":[{"embeddable":true,"href":"https:\/\/aconteceunovale.com.br\/portal\/index.php?rest_route=%2Fwp%2Fv2%2Fcomments&post=119193"}],"version-history":[{"count":0,"href":"https:\/\/aconteceunovale.com.br\/portal\/index.php?rest_route=\/wp\/v2\/posts\/119193\/revisions"}],"wp:featuredmedia":[{"embeddable":true,"href":"https:\/\/aconteceunovale.com.br\/portal\/index.php?rest_route=\/wp\/v2\/media\/63181"}],"wp:attachment":[{"href":"https:\/\/aconteceunovale.com.br\/portal\/index.php?rest_route=%2Fwp%2Fv2%2Fmedia&parent=119193"}],"wp:term":[{"taxonomy":"category","embeddable":true,"href":"https:\/\/aconteceunovale.com.br\/portal\/index.php?rest_route=%2Fwp%2Fv2%2Fcategories&post=119193"},{"taxonomy":"post_tag","embeddable":true,"href":"https:\/\/aconteceunovale.com.br\/portal\/index.php?rest_route=%2Fwp%2Fv2%2Ftags&post=119193"}],"curies":[{"name":"wp","href":"https:\/\/api.w.org\/{rel}","templated":true}]}}