{"id":119178,"date":"2017-07-19T17:37:07","date_gmt":"2017-07-19T19:37:07","guid":{"rendered":"http:\/\/aconteceunovale.com.br\/portal\/?p=119178"},"modified":"2026-08-31T23:15:03","modified_gmt":"2026-09-01T02:15:03","slug":"jovem-morre-em-acidente-entre-moto-e-carro-em-capelinha","status":"publish","type":"post","link":"https:\/\/aconteceunovale.com.br\/portal\/?p=119178","title":{"rendered":"Jovem morre em acidente entre moto e carro em Capelinha"},"content":{"rendered":"<p>Um jovem de 18 anos morreu em um grave acidente na tarde desta quarta-feira (19\/07\/2017) no cruzamento da Rua Minas Novas com Avenida Aeroporto, no Bairro Jardim Aeroporto, em Capelinha (MG). Informa\u00e7\u00f5es iniciais indicam que a colis\u00e3o entre uma motocicleta e um autom\u00f3vel aconteceu por volta das 14h.<\/p>\n<p>Conforme relatos de testemunhas, o condutor da moto, de iniciais Cledson J.S.S, seguia pela Rua Minas Novas, quando colidiu violentamente contra o VW\/Fox. Com o impacto, o motoqueiro foi arremessado ao solo e veio a \u00f3bito no local devido \u00e0 gravidade dos ferimentos. A v\u00edtima, segundo a Pol\u00edcia, n\u00e3o possu\u00eda Carteira Nacional de Habilita\u00e7\u00e3o (CNH).<\/p>\n<p>O Servi\u00e7o de Atendimento M\u00f3vel de Urg\u00eancia (SAMU) compareceu ao local, mas a v\u00edtima j\u00e1 estava sem vida. O m\u00e9dico confirmou o \u00f3bito.<\/p>\n<p>A Per\u00edcia T\u00e9cnica da Pol\u00edcia Civil foi acionada para os trabalhos de praxe. As causas do acidente ser\u00e3o investigadas.<\/p>\n<p><img decoding=\"async\" src=\"http:\/\/aconteceunovale.com.br\/portal\/wp-content\/uploads\/2017\/07\/acidente_capelinha_2.jpg\" alt=\"\" \/><em>Moto colidiu violentamente contra carro (Foto: Reprodu\u00e7\u00e3o\/WhatsApp)<\/em><br \/>\n<\/br><\/p>\n<p><strong>VER PRIMEIRO<\/strong><\/p>\n<p>Receba as not\u00edcias do Aconteceu no Vale em primeira m\u00e3o. Clique em curtir no endere\u00e7o <a href=\"https:\/\/www.facebook.com\/aconteceunovale\" target=\"_blank\"><font color=\"red\">www.facebook.com\/aconteceunovale<\/font><\/a> ou no box abaixo:<\/p>\n<div class=\"fb-like\" data-href=\"https:\/\/www.facebook.com\/aconteceunovale\" data-width=\"120\" data-layout=\"standard\" data-action=\"like\" data-size=\"small\" data-show-faces=\"true\" data-share=\"true\"><\/div>\n<p><\/br><\/p>\n","protected":false},"excerpt":{"rendered":"<p>Um jovem de 18 anos morreu em um grave acidente na tarde desta quarta-feira (19\/07\/2017) no cruzamento da Rua Minas Novas com Avenida Aeroporto, no Bairro Jardim Aeroporto, em Capelinha (MG). Informa\u00e7\u00f5es iniciais indicam que a colis\u00e3o entre uma motocicleta e um autom\u00f3vel aconteceu por volta das 14h. Conforme relatos de testemunhas, o condutor da [&hellip;]<\/p>\n","protected":false},"author":1,"featured_media":119179,"comment_status":"open","ping_status":"closed","sticky":false,"template":"","format":"standard","meta":{"amp_status":"","footnotes":""},"categories":[272535,120],"tags":[49201,156145,156148,4598,146425,156144,156147,12454,156146,132,156213,156143,137],"class_list":["post-119178","post","type-post","status-publish","format-standard","has-post-thumbnail","hentry","category-capelinha","category-jequi","tag-acidente-capelinha","tag-acidente-com-jovem-de-minas-novas-em-capelinha","tag-acidente-de-transito-em-capelinha","tag-acidente-em-capelinha","tag-acidente-entre-carro-e-moto-em-capelinha","tag-acidente-entre-moto-e-carro-em-capelinha","tag-acidente-moto-em-capelinha","tag-acidente-no-bairro-jardim-aeroporto-em-capelinha","tag-acidente-no-jardim-aeroporto-em-capelinha","tag-capelinha","tag-cledson-junior-de-souza-silva","tag-jovem-morre-em-acidente-entre-moto-e-carro-em-capelinha","tag-minas-novas"],"yoast_head":"<!-- This site is optimized with the Yoast SEO plugin v28.3 - https:\/\/yoast.com\/product\/yoast-seo-wordpress\/ -->\n<title>Jovem morre em acidente entre moto e carro em Capelinha - Aconteceu no Vale<\/title>\n<meta name=\"robots\" content=\"index, follow, max-snippet:-1, max-image-preview:large, max-video-preview:-1\" \/>\n<link rel=\"canonical\" href=\"https:\/\/aconteceunovale.com.br\/portal\/?p=119178\" \/>\n<meta property=\"og:locale\" content=\"pt_BR\" \/>\n<meta property=\"og:type\" content=\"article\" \/>\n<meta property=\"og:title\" content=\"Jovem morre em acidente entre moto e carro em Capelinha - Aconteceu no Vale\" \/>\n<meta property=\"og:description\" content=\"Um jovem de 18 anos morreu em um grave acidente na tarde desta quarta-feira (19\/07\/2017) no cruzamento da Rua Minas Novas com Avenida Aeroporto, no Bairro Jardim Aeroporto, em Capelinha (MG). Informa\u00e7\u00f5es iniciais indicam que a colis\u00e3o entre uma motocicleta e um autom\u00f3vel aconteceu por volta das 14h. Conforme relatos de testemunhas, o condutor da [&hellip;]\" \/>\n<meta property=\"og:url\" content=\"https:\/\/aconteceunovale.com.br\/portal\/?p=119178\" \/>\n<meta property=\"og:site_name\" content=\"Aconteceu no Vale\" \/>\n<meta property=\"article:publisher\" content=\"https:\/\/www.facebook.com\/aconteceunovale\/\" \/>\n<meta property=\"article:published_time\" content=\"2017-07-19T19:37:07+00:00\" \/>\n<meta property=\"article:modified_time\" content=\"2026-09-01T02:15:03+00:00\" \/>\n<meta property=\"og:image\" content=\"https:\/\/aconteceunovale.com.br\/portal\/wp-content\/uploads\/2017\/07\/acidente_capelinha_2.jpg\" \/>\n\t<meta property=\"og:image:width\" content=\"662\" \/>\n\t<meta property=\"og:image:height\" content=\"388\" \/>\n\t<meta property=\"og:image:type\" content=\"image\/jpeg\" \/>\n<meta name=\"author\" content=\"Aconteceu no Vale\" \/>\n<meta name=\"twitter:card\" content=\"summary_large_image\" \/>\n<meta name=\"twitter:creator\" content=\"@noticiadosvales\" \/>\n<meta name=\"twitter:site\" content=\"@noticiadosvales\" \/>\n<meta name=\"twitter:label1\" content=\"Escrito por\" \/>\n\t<meta name=\"twitter:data1\" content=\"Aconteceu no Vale\" \/>\n\t<meta name=\"twitter:label2\" content=\"Est. tempo de leitura\" \/>\n\t<meta name=\"twitter:data2\" content=\"1 minuto\" \/>\n<script type=\"application\/ld+json\" class=\"yoast-schema-graph\">{\"@context\":\"https:\\\/\\\/schema.org\",\"@graph\":[{\"@type\":\"Article\",\"@id\":\"https:\\\/\\\/aconteceunovale.com.br\\\/portal\\\/?p=119178#article\",\"isPartOf\":{\"@id\":\"https:\\\/\\\/aconteceunovale.com.br\\\/portal\\\/?p=119178\"},\"author\":{\"name\":\"Aconteceu no Vale\",\"@id\":\"https:\\\/\\\/aconteceunovale.com.br\\\/portal\\\/#\\\/schema\\\/person\\\/633529146f2c94272bef50ac2953d589\"},\"headline\":\"Jovem morre em acidente entre moto e carro em Capelinha\",\"datePublished\":\"2017-07-19T19:37:07+00:00\",\"dateModified\":\"2026-09-01T02:15:03+00:00\",\"mainEntityOfPage\":{\"@id\":\"https:\\\/\\\/aconteceunovale.com.br\\\/portal\\\/?p=119178\"},\"wordCount\":209,\"commentCount\":0,\"image\":{\"@id\":\"https:\\\/\\\/aconteceunovale.com.br\\\/portal\\\/?p=119178#primaryimage\"},\"thumbnailUrl\":\"https:\\\/\\\/aconteceunovale.com.br\\\/portal\\\/wp-content\\\/uploads\\\/2017\\\/07\\\/acidente_capelinha_2.jpg\",\"keywords\":[\"acidente capelinha\",\"Acidente com jovem de Minas Novas em Capelinha\",\"Acidente de tr\u00e2nsito em Capelinha\",\"Acidente em Capelinha\",\"Acidente entre carro e moto em Capelinha\",\"Acidente entre moto e carro em Capelinha\",\"Acidente moto em Capelinha\",\"acidente no bairro Jardim Aeroporto em Capelinha\",\"Acidente no Jardim Aeroporto em Capelinha\",\"Capelinha\",\"Cledson Junior de Souza Silva\",\"Jovem morre em acidente entre moto e carro em Capelinha\",\"Minas Novas\"],\"articleSection\":[\"Capelinha\",\"Vale do Jequitinhonha\"],\"inLanguage\":\"pt-BR\",\"potentialAction\":[{\"@type\":\"CommentAction\",\"name\":\"Comment\",\"target\":[\"https:\\\/\\\/aconteceunovale.com.br\\\/portal\\\/?p=119178#respond\"]}]},{\"@type\":\"WebPage\",\"@id\":\"https:\\\/\\\/aconteceunovale.com.br\\\/portal\\\/?p=119178\",\"url\":\"https:\\\/\\\/aconteceunovale.com.br\\\/portal\\\/?p=119178\",\"name\":\"Jovem morre em acidente entre moto e carro em Capelinha - Aconteceu no Vale\",\"isPartOf\":{\"@id\":\"https:\\\/\\\/aconteceunovale.com.br\\\/portal\\\/#website\"},\"primaryImageOfPage\":{\"@id\":\"https:\\\/\\\/aconteceunovale.com.br\\\/portal\\\/?p=119178#primaryimage\"},\"image\":{\"@id\":\"https:\\\/\\\/aconteceunovale.com.br\\\/portal\\\/?p=119178#primaryimage\"},\"thumbnailUrl\":\"https:\\\/\\\/aconteceunovale.com.br\\\/portal\\\/wp-content\\\/uploads\\\/2017\\\/07\\\/acidente_capelinha_2.jpg\",\"datePublished\":\"2017-07-19T19:37:07+00:00\",\"dateModified\":\"2026-09-01T02:15:03+00:00\",\"author\":{\"@id\":\"https:\\\/\\\/aconteceunovale.com.br\\\/portal\\\/#\\\/schema\\\/person\\\/633529146f2c94272bef50ac2953d589\"},\"breadcrumb\":{\"@id\":\"https:\\\/\\\/aconteceunovale.com.br\\\/portal\\\/?p=119178#breadcrumb\"},\"inLanguage\":\"pt-BR\",\"potentialAction\":[{\"@type\":\"ReadAction\",\"target\":[\"https:\\\/\\\/aconteceunovale.com.br\\\/portal\\\/?p=119178\"]}]},{\"@type\":\"ImageObject\",\"inLanguage\":\"pt-BR\",\"@id\":\"https:\\\/\\\/aconteceunovale.com.br\\\/portal\\\/?p=119178#primaryimage\",\"url\":\"https:\\\/\\\/aconteceunovale.com.br\\\/portal\\\/wp-content\\\/uploads\\\/2017\\\/07\\\/acidente_capelinha_2.jpg\",\"contentUrl\":\"https:\\\/\\\/aconteceunovale.com.br\\\/portal\\\/wp-content\\\/uploads\\\/2017\\\/07\\\/acidente_capelinha_2.jpg\",\"width\":662,\"height\":388},{\"@type\":\"BreadcrumbList\",\"@id\":\"https:\\\/\\\/aconteceunovale.com.br\\\/portal\\\/?p=119178#breadcrumb\",\"itemListElement\":[{\"@type\":\"ListItem\",\"position\":1,\"name\":\"In\u00edcio\",\"item\":\"https:\\\/\\\/aconteceunovale.com.br\\\/portal\\\/\"},{\"@type\":\"ListItem\",\"position\":2,\"name\":\"Jovem morre em acidente entre moto e carro em Capelinha\"}]},{\"@type\":\"WebSite\",\"@id\":\"https:\\\/\\\/aconteceunovale.com.br\\\/portal\\\/#website\",\"url\":\"https:\\\/\\\/aconteceunovale.com.br\\\/portal\\\/\",\"name\":\"Aconteceu no Vale\",\"description\":\"Portal de Not\u00edcias\",\"potentialAction\":[{\"@type\":\"SearchAction\",\"target\":{\"@type\":\"EntryPoint\",\"urlTemplate\":\"https:\\\/\\\/aconteceunovale.com.br\\\/portal\\\/?s={search_term_string}\"},\"query-input\":{\"@type\":\"PropertyValueSpecification\",\"valueRequired\":true,\"valueName\":\"search_term_string\"}}],\"inLanguage\":\"pt-BR\"},{\"@type\":\"Person\",\"@id\":\"https:\\\/\\\/aconteceunovale.com.br\\\/portal\\\/#\\\/schema\\\/person\\\/633529146f2c94272bef50ac2953d589\",\"name\":\"Aconteceu no Vale\",\"description\":\"Equipe de reportagem do Aconteceu no Vale, portal de not\u00edcias do Vale do Jequitinhonha, em Minas Gerais. Cobrimos as 51 cidades do Vale desde 2013. Sugest\u00f5es de pauta e pedidos de corre\u00e7\u00e3o: contato@aconteceunovale.com.br\",\"sameAs\":[\"http:\\\/\\\/www.aconteceunovale.com.br\"],\"url\":\"https:\\\/\\\/aconteceunovale.com.br\\\/portal\\\/?author=1\"}]}<\/script>\n<!-- \/ Yoast SEO plugin. -->","yoast_head_json":{"title":"Jovem morre em acidente entre moto e carro em Capelinha - Aconteceu no Vale","robots":{"index":"index","follow":"follow","max-snippet":"max-snippet:-1","max-image-preview":"max-image-preview:large","max-video-preview":"max-video-preview:-1"},"canonical":"https:\/\/aconteceunovale.com.br\/portal\/?p=119178","og_locale":"pt_BR","og_type":"article","og_title":"Jovem morre em acidente entre moto e carro em Capelinha - Aconteceu no Vale","og_description":"Um jovem de 18 anos morreu em um grave acidente na tarde desta quarta-feira (19\/07\/2017) no cruzamento da Rua Minas Novas com Avenida Aeroporto, no Bairro Jardim Aeroporto, em Capelinha (MG). Informa\u00e7\u00f5es iniciais indicam que a colis\u00e3o entre uma motocicleta e um autom\u00f3vel aconteceu por volta das 14h. Conforme relatos de testemunhas, o condutor da [&hellip;]","og_url":"https:\/\/aconteceunovale.com.br\/portal\/?p=119178","og_site_name":"Aconteceu no Vale","article_publisher":"https:\/\/www.facebook.com\/aconteceunovale\/","article_published_time":"2017-07-19T19:37:07+00:00","article_modified_time":"2026-09-01T02:15:03+00:00","og_image":[{"width":662,"height":388,"url":"https:\/\/aconteceunovale.com.br\/portal\/wp-content\/uploads\/2017\/07\/acidente_capelinha_2.jpg","type":"image\/jpeg"}],"author":"Aconteceu no Vale","twitter_card":"summary_large_image","twitter_creator":"@noticiadosvales","twitter_site":"@noticiadosvales","twitter_misc":{"Escrito por":"Aconteceu no Vale","Est. tempo de leitura":"1 minuto"},"schema":{"@context":"https:\/\/schema.org","@graph":[{"@type":"Article","@id":"https:\/\/aconteceunovale.com.br\/portal\/?p=119178#article","isPartOf":{"@id":"https:\/\/aconteceunovale.com.br\/portal\/?p=119178"},"author":{"name":"Aconteceu no Vale","@id":"https:\/\/aconteceunovale.com.br\/portal\/#\/schema\/person\/633529146f2c94272bef50ac2953d589"},"headline":"Jovem morre em acidente entre moto e carro em Capelinha","datePublished":"2017-07-19T19:37:07+00:00","dateModified":"2026-09-01T02:15:03+00:00","mainEntityOfPage":{"@id":"https:\/\/aconteceunovale.com.br\/portal\/?p=119178"},"wordCount":209,"commentCount":0,"image":{"@id":"https:\/\/aconteceunovale.com.br\/portal\/?p=119178#primaryimage"},"thumbnailUrl":"https:\/\/aconteceunovale.com.br\/portal\/wp-content\/uploads\/2017\/07\/acidente_capelinha_2.jpg","keywords":["acidente capelinha","Acidente com jovem de Minas Novas em Capelinha","Acidente de tr\u00e2nsito em Capelinha","Acidente em Capelinha","Acidente entre carro e moto em Capelinha","Acidente entre moto e carro em Capelinha","Acidente moto em Capelinha","acidente no bairro Jardim Aeroporto em Capelinha","Acidente no Jardim Aeroporto em Capelinha","Capelinha","Cledson Junior de Souza Silva","Jovem morre em acidente entre moto e carro em Capelinha","Minas Novas"],"articleSection":["Capelinha","Vale do Jequitinhonha"],"inLanguage":"pt-BR","potentialAction":[{"@type":"CommentAction","name":"Comment","target":["https:\/\/aconteceunovale.com.br\/portal\/?p=119178#respond"]}]},{"@type":"WebPage","@id":"https:\/\/aconteceunovale.com.br\/portal\/?p=119178","url":"https:\/\/aconteceunovale.com.br\/portal\/?p=119178","name":"Jovem morre em acidente entre moto e carro em Capelinha - Aconteceu no Vale","isPartOf":{"@id":"https:\/\/aconteceunovale.com.br\/portal\/#website"},"primaryImageOfPage":{"@id":"https:\/\/aconteceunovale.com.br\/portal\/?p=119178#primaryimage"},"image":{"@id":"https:\/\/aconteceunovale.com.br\/portal\/?p=119178#primaryimage"},"thumbnailUrl":"https:\/\/aconteceunovale.com.br\/portal\/wp-content\/uploads\/2017\/07\/acidente_capelinha_2.jpg","datePublished":"2017-07-19T19:37:07+00:00","dateModified":"2026-09-01T02:15:03+00:00","author":{"@id":"https:\/\/aconteceunovale.com.br\/portal\/#\/schema\/person\/633529146f2c94272bef50ac2953d589"},"breadcrumb":{"@id":"https:\/\/aconteceunovale.com.br\/portal\/?p=119178#breadcrumb"},"inLanguage":"pt-BR","potentialAction":[{"@type":"ReadAction","target":["https:\/\/aconteceunovale.com.br\/portal\/?p=119178"]}]},{"@type":"ImageObject","inLanguage":"pt-BR","@id":"https:\/\/aconteceunovale.com.br\/portal\/?p=119178#primaryimage","url":"https:\/\/aconteceunovale.com.br\/portal\/wp-content\/uploads\/2017\/07\/acidente_capelinha_2.jpg","contentUrl":"https:\/\/aconteceunovale.com.br\/portal\/wp-content\/uploads\/2017\/07\/acidente_capelinha_2.jpg","width":662,"height":388},{"@type":"BreadcrumbList","@id":"https:\/\/aconteceunovale.com.br\/portal\/?p=119178#breadcrumb","itemListElement":[{"@type":"ListItem","position":1,"name":"In\u00edcio","item":"https:\/\/aconteceunovale.com.br\/portal\/"},{"@type":"ListItem","position":2,"name":"Jovem morre em acidente entre moto e carro em Capelinha"}]},{"@type":"WebSite","@id":"https:\/\/aconteceunovale.com.br\/portal\/#website","url":"https:\/\/aconteceunovale.com.br\/portal\/","name":"Aconteceu no Vale","description":"Portal de Not\u00edcias","potentialAction":[{"@type":"SearchAction","target":{"@type":"EntryPoint","urlTemplate":"https:\/\/aconteceunovale.com.br\/portal\/?s={search_term_string}"},"query-input":{"@type":"PropertyValueSpecification","valueRequired":true,"valueName":"search_term_string"}}],"inLanguage":"pt-BR"},{"@type":"Person","@id":"https:\/\/aconteceunovale.com.br\/portal\/#\/schema\/person\/633529146f2c94272bef50ac2953d589","name":"Aconteceu no Vale","description":"Equipe de reportagem do Aconteceu no Vale, portal de not\u00edcias do Vale do Jequitinhonha, em Minas Gerais. Cobrimos as 51 cidades do Vale desde 2013. Sugest\u00f5es de pauta e pedidos de corre\u00e7\u00e3o: contato@aconteceunovale.com.br","sameAs":["http:\/\/www.aconteceunovale.com.br"],"url":"https:\/\/aconteceunovale.com.br\/portal\/?author=1"}]}},"_links":{"self":[{"href":"https:\/\/aconteceunovale.com.br\/portal\/index.php?rest_route=\/wp\/v2\/posts\/119178","targetHints":{"allow":["GET"]}}],"collection":[{"href":"https:\/\/aconteceunovale.com.br\/portal\/index.php?rest_route=\/wp\/v2\/posts"}],"about":[{"href":"https:\/\/aconteceunovale.com.br\/portal\/index.php?rest_route=\/wp\/v2\/types\/post"}],"author":[{"embeddable":true,"href":"https:\/\/aconteceunovale.com.br\/portal\/index.php?rest_route=\/wp\/v2\/users\/1"}],"replies":[{"embeddable":true,"href":"https:\/\/aconteceunovale.com.br\/portal\/index.php?rest_route=%2Fwp%2Fv2%2Fcomments&post=119178"}],"version-history":[{"count":1,"href":"https:\/\/aconteceunovale.com.br\/portal\/index.php?rest_route=\/wp\/v2\/posts\/119178\/revisions"}],"predecessor-version":[{"id":198374,"href":"https:\/\/aconteceunovale.com.br\/portal\/index.php?rest_route=\/wp\/v2\/posts\/119178\/revisions\/198374"}],"wp:featuredmedia":[{"embeddable":true,"href":"https:\/\/aconteceunovale.com.br\/portal\/index.php?rest_route=\/wp\/v2\/media\/119179"}],"wp:attachment":[{"href":"https:\/\/aconteceunovale.com.br\/portal\/index.php?rest_route=%2Fwp%2Fv2%2Fmedia&parent=119178"}],"wp:term":[{"taxonomy":"category","embeddable":true,"href":"https:\/\/aconteceunovale.com.br\/portal\/index.php?rest_route=%2Fwp%2Fv2%2Fcategories&post=119178"},{"taxonomy":"post_tag","embeddable":true,"href":"https:\/\/aconteceunovale.com.br\/portal\/index.php?rest_route=%2Fwp%2Fv2%2Ftags&post=119178"}],"curies":[{"name":"wp","href":"https:\/\/api.w.org\/{rel}","templated":true}]}}