{"id":119173,"date":"2017-07-18T23:02:12","date_gmt":"2017-07-19T01:02:12","guid":{"rendered":"http:\/\/aconteceunovale.com.br\/portal\/?p=119173"},"modified":"2026-09-02T12:14:53","modified_gmt":"2026-09-02T15:14:53","slug":"propriedade-em-aracuai-vira-modelo-de-praticas-sustentaveis","status":"publish","type":"post","link":"https:\/\/aconteceunovale.com.br\/portal\/?p=119173","title":{"rendered":"Propriedade em Ara\u00e7ua\u00ed vira modelo de pr\u00e1ticas sustent\u00e1veis"},"content":{"rendered":"<p>Uma propriedade de Ara\u00e7ua\u00ed, no Vale do Jequitinhonha, est\u00e1 se tornando exemplo de produ\u00e7\u00e3o sustent\u00e1vel na regi\u00e3o. A preocupa\u00e7\u00e3o ambiental do produtor Selino Freire, da Fazenda Calhauzinho, foi fundamental para que uma \u00e1rea degradada de quase quatro hectares se transformasse em modelo de preserva\u00e7\u00e3o. O resultado j\u00e1 obtido pelo agricultor chamou tanta aten\u00e7\u00e3o que a fazenda foi selecionada por um projeto internacional de incentivo \u00e0 melhoria de pr\u00e1ticas de uso da terra e manejo florestal.<\/p>\n<p>Tudo come\u00e7ou quando produtor Selino Freire resolveu investir na recupera\u00e7\u00e3o de uma \u00e1rea que\u00a0 estava com solo descoberto de vegeta\u00e7\u00e3o e aflora\u00e7\u00e3o de cascalho.\u00a0Para piorar, tamb\u00e9m j\u00e1 apresentava pontos de eros\u00e3o causados por enxurradas.<\/p>\n<p>\u201cEra uma \u00e1rea de pastagem. J\u00e1 estavam surgindo pequenas vo\u00e7orocas por causa da falta de cobertura vegetal\u201d, explica o produtor, que mora na fazenda que pertence \u00e0 fam\u00edlia.<\/p>\n<p>A solu\u00e7\u00e3o encontrada foi o cercamento da \u00e1rea a ser recuperada. Tamb\u00e9m foram constru\u00eddas bacias de capta\u00e7\u00e3o de \u00e1gua de chuva e curvas de n\u00edvel.<\/p>\n<p>\u201cO pr\u00f3prio agricultor decidiu realizar algumas a\u00e7\u00f5es de recupera\u00e7\u00e3o da \u00e1rea, mantendo as esp\u00e9cies nativas l\u00e1 existentes, como aroeira, carne de vaca, saca trapo e canel\u00e3o. Junto foram plantadas v\u00e1rias \u00e1rvores frut\u00edferas\u201d, explica o t\u00e9cnico da\u00a0Emater-MG em Ara\u00e7ua\u00ed, Paulo Edson.<\/p>\n<p>Al\u00e9m do plantio de p\u00e9s de goiaba, laranja, acerola, jambo, pitanga,\u00a0 urucum, manga e outras frutas, o produtor cultivou milho e o feij\u00e3o irrigados, entre as fileiras das \u00e1rvores. Para isso, foi instalado um sistema simples de irriga\u00e7\u00e3o por microaspers\u00e3o.<\/p>\n<p>O que se v\u00ea, tr\u00eas anos depois do in\u00edcio dos trabalhos,\u00a0\u00e9 uma \u00e1rea totalmente coberta de vegeta\u00e7\u00e3o e com o solo rico em mat\u00e9ria org\u00e2nica.\u00a0At\u00e9 a fauna do local mudou, com o aparecimento p\u00e1ssaros e macacos,\u00a0conhecidos na regi\u00e3o como &#8216;soinhos&#8217;. \u201cHoje, 80% da \u00e1rea \u00e9 com frutas.\u00a0Est\u00e1 bem arborizada\u201d, comemora Selino.<\/p>\n<p>Na Fazenda Calhauzinho, a principal atividade \u00e9 a pecu\u00e1ria leiteira. S\u00e3o aproximadamente 25 matrizes que utilizam o sistema de pastejo rotacionado. A produ\u00e7\u00e3o anual \u00e9 de aproximadamente 18 mil litros. Outra trabalho desenvolvido por Selino \u00e9 a produ\u00e7\u00e3o de cacha\u00e7a, vendida na regi\u00e3o. S\u00e3o cerca de 14 mil litros por ano. E, para isso, ele conta com um canavial onde usa apenas adubo org\u00e2nico.<\/p>\n<p><img decoding=\"async\" src=\"http:\/\/aconteceunovale.com.br\/portal\/wp-content\/uploads\/2017\/07\/AnteseDepois.jpg\" alt=\"\" \/><em>O antes e o depois da \u00e1rea degradada e, agora, recuperada em Ara\u00e7ua\u00ed (Divulga\u00e7\u00e3o\/Emater-MG)<\/em><br \/>\n<\/br><\/p>\n<p><strong>Projeto internacional<\/strong><\/p>\n<p>Em 2016, o produtor Senilo Freire e os t\u00e9cnicos da Emater-MG cadastraram a propriedade em uma\u00a0 chamada p\u00fablica do Projeto Rural Sustent\u00e1vel. O projeto tem o objetivo de incentivar pr\u00e1ticas de uso da terra e manejo florestal pelos produtores nos biomas da Amaz\u00f4nia e da Mata Atl\u00e2ntica.<\/p>\n<p>\u201cFizemos uma visita \u00e0 propriedade para constata\u00e7\u00e3o das interven\u00e7\u00f5es de recupera\u00e7\u00e3o da \u00e1rea degradada. Neste caso, o cadastro foi feito para que a propriedade sirva de apoio \u00e0 utiliza\u00e7\u00e3o de\u00a0 tecnologia de \u00e1rea degradada.\u00a0 Ap\u00f3s o envio de relato dos trabalho desenvolvidos, fotos e documentos, o projeto foi aprovado, com a Emater-MG sendo a respons\u00e1vel t\u00e9cnica\u201d, explica Paulo Edson.<\/p>\n<p>A ideia do projeto \u00e9 promover o desenvolvimento sustent\u00e1vel, reduzir a pobreza, incentivar a conserva\u00e7\u00e3o da biodiversidade e a prote\u00e7\u00e3o do clima. Os recursos do Rural Sustent\u00e1vel s\u00e3o doados pelo governo do Reino Unido, para execu\u00e7\u00e3o pelo Banco Interamericano de Desenvolvimento (BID) e tem como benefici\u00e1rio o Minist\u00e9rio da Agricultura, Pecu\u00e1ria e Abastecimento.<\/p>\n<p>A Fazenda Calhauzinho foi contemplada com R$ 20 mil do Rural Sustent\u00e1vel. Os recursos ser\u00e3o utilizados para novas a\u00e7\u00f5es de conserva\u00e7\u00e3o. \u201cJ\u00e1 separei uma nova \u00e1rea degradada para tamb\u00e9m fazer a recupera\u00e7\u00e3o.\u00a0Fizemos curva de n\u00edvel e tr\u00eas barraginhas para capta\u00e7\u00e3o de \u00e1gua da chuva. Tiramos os animais da \u00e1rea, vamos cercar e arborizar.\u00a0A inten\u00e7\u00e3o \u00e9 tamb\u00e9m plantar frut\u00edferas com irriga\u00e7\u00e3o\u201d, explica o produtor.<\/p>\n<p>Outra a\u00e7\u00e3o que ser\u00e1 desenvolvida na fazenda \u00e9 a utiliza\u00e7\u00e3o do local para a promo\u00e7\u00e3o de tr\u00eas dias de campo, em conjunto com os coordenadores do projeto. Desta forma, outros produtores da regi\u00e3o poder\u00e3o conhecer as tecnologias utilizada e adot\u00e1-las em outras propriedades.<\/p>\n<p><strong>VER PRIMEIRO<\/strong><\/p>\n<p>Receba as not\u00edcias do Aconteceu no Vale em primeira m\u00e3o. Clique em curtir no endere\u00e7o <a href=\"https:\/\/www.facebook.com\/aconteceunovale\" target=\"_blank\"><font color=\"red\">www.facebook.com\/aconteceunovale<\/font><\/a> ou no box abaixo:<\/p>\n<div class=\"fb-like\" data-href=\"https:\/\/www.facebook.com\/aconteceunovale\" data-width=\"120\" data-layout=\"standard\" data-action=\"like\" data-size=\"small\" data-show-faces=\"true\" data-share=\"true\"><\/div>\n<p><\/br><\/p>\n<p><em>(Fonte: Ag\u00eancia Minas)<\/em><\/p>\n","protected":false},"excerpt":{"rendered":"<p>Uma propriedade de Ara\u00e7ua\u00ed, no Vale do Jequitinhonha, est\u00e1 se tornando exemplo de produ\u00e7\u00e3o sustent\u00e1vel na regi\u00e3o. A preocupa\u00e7\u00e3o ambiental do produtor Selino Freire, da Fazenda Calhauzinho, foi fundamental para que uma \u00e1rea degradada de quase quatro hectares se transformasse em modelo de preserva\u00e7\u00e3o. O resultado j\u00e1 obtido pelo agricultor chamou tanta aten\u00e7\u00e3o que a [&hellip;]<\/p>\n","protected":false},"author":1,"featured_media":119174,"comment_status":"open","ping_status":"closed","sticky":false,"template":"","format":"standard","meta":{"amp_status":"","footnotes":""},"categories":[272530,120],"tags":[186,25775,156136,156130,156131,156135,156137,156133,155168,156138,156132,156134],"class_list":["post-119173","post","type-post","status-publish","format-standard","has-post-thumbnail","hentry","category-aracuai","category-jequi","tag-aracuai","tag-emater-mg","tag-emater-mg-em-aracuai","tag-exemplo-de-producao-sustentavel","tag-exemplo-de-producao-sustentavel-em-aracuai","tag-fazenda-calhauzinho","tag-paulo-edson","tag-producao-sustentavel-em-aracuai","tag-projeto-rural-sustentavel","tag-propriedade-em-aracuai-vira-modelo-de-praticas-sustentaveis","tag-propriedade-exemplo-de-producao-sustentavel-em-aracuai","tag-selino-freire"],"yoast_head":"<!-- This site is optimized with the Yoast SEO plugin v28.3 - https:\/\/yoast.com\/product\/yoast-seo-wordpress\/ -->\n<title>Propriedade em Ara\u00e7ua\u00ed vira modelo de pr\u00e1ticas sustent\u00e1veis - Aconteceu no Vale<\/title>\n<meta name=\"robots\" content=\"index, follow, max-snippet:-1, max-image-preview:large, max-video-preview:-1\" \/>\n<link rel=\"canonical\" href=\"https:\/\/aconteceunovale.com.br\/portal\/?p=119173\" \/>\n<meta property=\"og:locale\" content=\"pt_BR\" \/>\n<meta property=\"og:type\" content=\"article\" \/>\n<meta property=\"og:title\" content=\"Propriedade em Ara\u00e7ua\u00ed vira modelo de pr\u00e1ticas sustent\u00e1veis - Aconteceu no Vale\" \/>\n<meta property=\"og:description\" content=\"Uma propriedade de Ara\u00e7ua\u00ed, no Vale do Jequitinhonha, est\u00e1 se tornando exemplo de produ\u00e7\u00e3o sustent\u00e1vel na regi\u00e3o. A preocupa\u00e7\u00e3o ambiental do produtor Selino Freire, da Fazenda Calhauzinho, foi fundamental para que uma \u00e1rea degradada de quase quatro hectares se transformasse em modelo de preserva\u00e7\u00e3o. O resultado j\u00e1 obtido pelo agricultor chamou tanta aten\u00e7\u00e3o que a [&hellip;]\" \/>\n<meta property=\"og:url\" content=\"https:\/\/aconteceunovale.com.br\/portal\/?p=119173\" \/>\n<meta property=\"og:site_name\" content=\"Aconteceu no Vale\" \/>\n<meta property=\"article:publisher\" content=\"https:\/\/www.facebook.com\/aconteceunovale\/\" \/>\n<meta property=\"article:published_time\" content=\"2017-07-19T01:02:12+00:00\" \/>\n<meta property=\"article:modified_time\" content=\"2026-09-02T15:14:53+00:00\" \/>\n<meta property=\"og:image\" content=\"https:\/\/aconteceunovale.com.br\/portal\/wp-content\/uploads\/2017\/07\/AnteseDepois.jpg\" \/>\n\t<meta property=\"og:image:width\" content=\"678\" \/>\n\t<meta property=\"og:image:height\" content=\"333\" \/>\n\t<meta property=\"og:image:type\" content=\"image\/jpeg\" \/>\n<meta name=\"author\" content=\"Aconteceu no Vale\" \/>\n<meta name=\"twitter:card\" content=\"summary_large_image\" \/>\n<meta name=\"twitter:creator\" content=\"@noticiadosvales\" \/>\n<meta name=\"twitter:site\" content=\"@noticiadosvales\" \/>\n<meta name=\"twitter:label1\" content=\"Escrito por\" \/>\n\t<meta name=\"twitter:data1\" content=\"Aconteceu no Vale\" \/>\n\t<meta name=\"twitter:label2\" content=\"Est. tempo de leitura\" \/>\n\t<meta name=\"twitter:data2\" content=\"4 minutos\" \/>\n<script type=\"application\/ld+json\" class=\"yoast-schema-graph\">{\"@context\":\"https:\\\/\\\/schema.org\",\"@graph\":[{\"@type\":\"Article\",\"@id\":\"https:\\\/\\\/aconteceunovale.com.br\\\/portal\\\/?p=119173#article\",\"isPartOf\":{\"@id\":\"https:\\\/\\\/aconteceunovale.com.br\\\/portal\\\/?p=119173\"},\"author\":{\"name\":\"Aconteceu no Vale\",\"@id\":\"https:\\\/\\\/aconteceunovale.com.br\\\/portal\\\/#\\\/schema\\\/person\\\/633529146f2c94272bef50ac2953d589\"},\"headline\":\"Propriedade em Ara\u00e7ua\u00ed vira modelo de pr\u00e1ticas sustent\u00e1veis\",\"datePublished\":\"2017-07-19T01:02:12+00:00\",\"dateModified\":\"2026-09-02T15:14:53+00:00\",\"mainEntityOfPage\":{\"@id\":\"https:\\\/\\\/aconteceunovale.com.br\\\/portal\\\/?p=119173\"},\"wordCount\":766,\"commentCount\":0,\"image\":{\"@id\":\"https:\\\/\\\/aconteceunovale.com.br\\\/portal\\\/?p=119173#primaryimage\"},\"thumbnailUrl\":\"https:\\\/\\\/aconteceunovale.com.br\\\/portal\\\/wp-content\\\/uploads\\\/2017\\\/07\\\/AnteseDepois.jpg\",\"keywords\":[\"Ara\u00e7ua\u00ed\",\"Emater-MG\",\"Emater-MG em Ara\u00e7ua\u00ed\",\"exemplo de produ\u00e7\u00e3o sustent\u00e1vel\",\"exemplo de produ\u00e7\u00e3o sustent\u00e1vel em Ara\u00e7ua\u00ed\",\"Fazenda Calhauzinho\",\"Paulo Edson\",\"Produ\u00e7\u00e3o sustent\u00e1vel em Ara\u00e7ua\u00ed\",\"Projeto Rural Sustent\u00e1vel\",\"Propriedade em Ara\u00e7ua\u00ed vira modelo de pr\u00e1ticas sustent\u00e1veis\",\"Propriedade exemplo de produ\u00e7\u00e3o sustent\u00e1vel em Ara\u00e7ua\u00ed\",\"Selino Freire\"],\"articleSection\":[\"Ara\u00e7ua\u00ed\",\"Vale do Jequitinhonha\"],\"inLanguage\":\"pt-BR\",\"potentialAction\":[{\"@type\":\"CommentAction\",\"name\":\"Comment\",\"target\":[\"https:\\\/\\\/aconteceunovale.com.br\\\/portal\\\/?p=119173#respond\"]}]},{\"@type\":\"WebPage\",\"@id\":\"https:\\\/\\\/aconteceunovale.com.br\\\/portal\\\/?p=119173\",\"url\":\"https:\\\/\\\/aconteceunovale.com.br\\\/portal\\\/?p=119173\",\"name\":\"Propriedade em Ara\u00e7ua\u00ed vira modelo de pr\u00e1ticas sustent\u00e1veis - Aconteceu no Vale\",\"isPartOf\":{\"@id\":\"https:\\\/\\\/aconteceunovale.com.br\\\/portal\\\/#website\"},\"primaryImageOfPage\":{\"@id\":\"https:\\\/\\\/aconteceunovale.com.br\\\/portal\\\/?p=119173#primaryimage\"},\"image\":{\"@id\":\"https:\\\/\\\/aconteceunovale.com.br\\\/portal\\\/?p=119173#primaryimage\"},\"thumbnailUrl\":\"https:\\\/\\\/aconteceunovale.com.br\\\/portal\\\/wp-content\\\/uploads\\\/2017\\\/07\\\/AnteseDepois.jpg\",\"datePublished\":\"2017-07-19T01:02:12+00:00\",\"dateModified\":\"2026-09-02T15:14:53+00:00\",\"author\":{\"@id\":\"https:\\\/\\\/aconteceunovale.com.br\\\/portal\\\/#\\\/schema\\\/person\\\/633529146f2c94272bef50ac2953d589\"},\"breadcrumb\":{\"@id\":\"https:\\\/\\\/aconteceunovale.com.br\\\/portal\\\/?p=119173#breadcrumb\"},\"inLanguage\":\"pt-BR\",\"potentialAction\":[{\"@type\":\"ReadAction\",\"target\":[\"https:\\\/\\\/aconteceunovale.com.br\\\/portal\\\/?p=119173\"]}]},{\"@type\":\"ImageObject\",\"inLanguage\":\"pt-BR\",\"@id\":\"https:\\\/\\\/aconteceunovale.com.br\\\/portal\\\/?p=119173#primaryimage\",\"url\":\"https:\\\/\\\/aconteceunovale.com.br\\\/portal\\\/wp-content\\\/uploads\\\/2017\\\/07\\\/AnteseDepois.jpg\",\"contentUrl\":\"https:\\\/\\\/aconteceunovale.com.br\\\/portal\\\/wp-content\\\/uploads\\\/2017\\\/07\\\/AnteseDepois.jpg\",\"width\":678,\"height\":333},{\"@type\":\"BreadcrumbList\",\"@id\":\"https:\\\/\\\/aconteceunovale.com.br\\\/portal\\\/?p=119173#breadcrumb\",\"itemListElement\":[{\"@type\":\"ListItem\",\"position\":1,\"name\":\"In\u00edcio\",\"item\":\"https:\\\/\\\/aconteceunovale.com.br\\\/portal\\\/\"},{\"@type\":\"ListItem\",\"position\":2,\"name\":\"Propriedade em Ara\u00e7ua\u00ed vira modelo de pr\u00e1ticas sustent\u00e1veis\"}]},{\"@type\":\"WebSite\",\"@id\":\"https:\\\/\\\/aconteceunovale.com.br\\\/portal\\\/#website\",\"url\":\"https:\\\/\\\/aconteceunovale.com.br\\\/portal\\\/\",\"name\":\"Aconteceu no Vale\",\"description\":\"Portal de Not\u00edcias\",\"potentialAction\":[{\"@type\":\"SearchAction\",\"target\":{\"@type\":\"EntryPoint\",\"urlTemplate\":\"https:\\\/\\\/aconteceunovale.com.br\\\/portal\\\/?s={search_term_string}\"},\"query-input\":{\"@type\":\"PropertyValueSpecification\",\"valueRequired\":true,\"valueName\":\"search_term_string\"}}],\"inLanguage\":\"pt-BR\"},{\"@type\":\"Person\",\"@id\":\"https:\\\/\\\/aconteceunovale.com.br\\\/portal\\\/#\\\/schema\\\/person\\\/633529146f2c94272bef50ac2953d589\",\"name\":\"Aconteceu no Vale\",\"description\":\"Equipe de reportagem do Aconteceu no Vale, portal de not\u00edcias do Vale do Jequitinhonha, em Minas Gerais. Cobrimos as 51 cidades do Vale desde 2013. Sugest\u00f5es de pauta e pedidos de corre\u00e7\u00e3o: contato@aconteceunovale.com.br\",\"sameAs\":[\"http:\\\/\\\/www.aconteceunovale.com.br\"],\"url\":\"https:\\\/\\\/aconteceunovale.com.br\\\/portal\\\/?author=1\"}]}<\/script>\n<!-- \/ Yoast SEO plugin. -->","yoast_head_json":{"title":"Propriedade em Ara\u00e7ua\u00ed vira modelo de pr\u00e1ticas sustent\u00e1veis - Aconteceu no Vale","robots":{"index":"index","follow":"follow","max-snippet":"max-snippet:-1","max-image-preview":"max-image-preview:large","max-video-preview":"max-video-preview:-1"},"canonical":"https:\/\/aconteceunovale.com.br\/portal\/?p=119173","og_locale":"pt_BR","og_type":"article","og_title":"Propriedade em Ara\u00e7ua\u00ed vira modelo de pr\u00e1ticas sustent\u00e1veis - Aconteceu no Vale","og_description":"Uma propriedade de Ara\u00e7ua\u00ed, no Vale do Jequitinhonha, est\u00e1 se tornando exemplo de produ\u00e7\u00e3o sustent\u00e1vel na regi\u00e3o. A preocupa\u00e7\u00e3o ambiental do produtor Selino Freire, da Fazenda Calhauzinho, foi fundamental para que uma \u00e1rea degradada de quase quatro hectares se transformasse em modelo de preserva\u00e7\u00e3o. O resultado j\u00e1 obtido pelo agricultor chamou tanta aten\u00e7\u00e3o que a [&hellip;]","og_url":"https:\/\/aconteceunovale.com.br\/portal\/?p=119173","og_site_name":"Aconteceu no Vale","article_publisher":"https:\/\/www.facebook.com\/aconteceunovale\/","article_published_time":"2017-07-19T01:02:12+00:00","article_modified_time":"2026-09-02T15:14:53+00:00","og_image":[{"width":678,"height":333,"url":"https:\/\/aconteceunovale.com.br\/portal\/wp-content\/uploads\/2017\/07\/AnteseDepois.jpg","type":"image\/jpeg"}],"author":"Aconteceu no Vale","twitter_card":"summary_large_image","twitter_creator":"@noticiadosvales","twitter_site":"@noticiadosvales","twitter_misc":{"Escrito por":"Aconteceu no Vale","Est. tempo de leitura":"4 minutos"},"schema":{"@context":"https:\/\/schema.org","@graph":[{"@type":"Article","@id":"https:\/\/aconteceunovale.com.br\/portal\/?p=119173#article","isPartOf":{"@id":"https:\/\/aconteceunovale.com.br\/portal\/?p=119173"},"author":{"name":"Aconteceu no Vale","@id":"https:\/\/aconteceunovale.com.br\/portal\/#\/schema\/person\/633529146f2c94272bef50ac2953d589"},"headline":"Propriedade em Ara\u00e7ua\u00ed vira modelo de pr\u00e1ticas sustent\u00e1veis","datePublished":"2017-07-19T01:02:12+00:00","dateModified":"2026-09-02T15:14:53+00:00","mainEntityOfPage":{"@id":"https:\/\/aconteceunovale.com.br\/portal\/?p=119173"},"wordCount":766,"commentCount":0,"image":{"@id":"https:\/\/aconteceunovale.com.br\/portal\/?p=119173#primaryimage"},"thumbnailUrl":"https:\/\/aconteceunovale.com.br\/portal\/wp-content\/uploads\/2017\/07\/AnteseDepois.jpg","keywords":["Ara\u00e7ua\u00ed","Emater-MG","Emater-MG em Ara\u00e7ua\u00ed","exemplo de produ\u00e7\u00e3o sustent\u00e1vel","exemplo de produ\u00e7\u00e3o sustent\u00e1vel em Ara\u00e7ua\u00ed","Fazenda Calhauzinho","Paulo Edson","Produ\u00e7\u00e3o sustent\u00e1vel em Ara\u00e7ua\u00ed","Projeto Rural Sustent\u00e1vel","Propriedade em Ara\u00e7ua\u00ed vira modelo de pr\u00e1ticas sustent\u00e1veis","Propriedade exemplo de produ\u00e7\u00e3o sustent\u00e1vel em Ara\u00e7ua\u00ed","Selino Freire"],"articleSection":["Ara\u00e7ua\u00ed","Vale do Jequitinhonha"],"inLanguage":"pt-BR","potentialAction":[{"@type":"CommentAction","name":"Comment","target":["https:\/\/aconteceunovale.com.br\/portal\/?p=119173#respond"]}]},{"@type":"WebPage","@id":"https:\/\/aconteceunovale.com.br\/portal\/?p=119173","url":"https:\/\/aconteceunovale.com.br\/portal\/?p=119173","name":"Propriedade em Ara\u00e7ua\u00ed vira modelo de pr\u00e1ticas sustent\u00e1veis - Aconteceu no Vale","isPartOf":{"@id":"https:\/\/aconteceunovale.com.br\/portal\/#website"},"primaryImageOfPage":{"@id":"https:\/\/aconteceunovale.com.br\/portal\/?p=119173#primaryimage"},"image":{"@id":"https:\/\/aconteceunovale.com.br\/portal\/?p=119173#primaryimage"},"thumbnailUrl":"https:\/\/aconteceunovale.com.br\/portal\/wp-content\/uploads\/2017\/07\/AnteseDepois.jpg","datePublished":"2017-07-19T01:02:12+00:00","dateModified":"2026-09-02T15:14:53+00:00","author":{"@id":"https:\/\/aconteceunovale.com.br\/portal\/#\/schema\/person\/633529146f2c94272bef50ac2953d589"},"breadcrumb":{"@id":"https:\/\/aconteceunovale.com.br\/portal\/?p=119173#breadcrumb"},"inLanguage":"pt-BR","potentialAction":[{"@type":"ReadAction","target":["https:\/\/aconteceunovale.com.br\/portal\/?p=119173"]}]},{"@type":"ImageObject","inLanguage":"pt-BR","@id":"https:\/\/aconteceunovale.com.br\/portal\/?p=119173#primaryimage","url":"https:\/\/aconteceunovale.com.br\/portal\/wp-content\/uploads\/2017\/07\/AnteseDepois.jpg","contentUrl":"https:\/\/aconteceunovale.com.br\/portal\/wp-content\/uploads\/2017\/07\/AnteseDepois.jpg","width":678,"height":333},{"@type":"BreadcrumbList","@id":"https:\/\/aconteceunovale.com.br\/portal\/?p=119173#breadcrumb","itemListElement":[{"@type":"ListItem","position":1,"name":"In\u00edcio","item":"https:\/\/aconteceunovale.com.br\/portal\/"},{"@type":"ListItem","position":2,"name":"Propriedade em Ara\u00e7ua\u00ed vira modelo de pr\u00e1ticas sustent\u00e1veis"}]},{"@type":"WebSite","@id":"https:\/\/aconteceunovale.com.br\/portal\/#website","url":"https:\/\/aconteceunovale.com.br\/portal\/","name":"Aconteceu no Vale","description":"Portal de Not\u00edcias","potentialAction":[{"@type":"SearchAction","target":{"@type":"EntryPoint","urlTemplate":"https:\/\/aconteceunovale.com.br\/portal\/?s={search_term_string}"},"query-input":{"@type":"PropertyValueSpecification","valueRequired":true,"valueName":"search_term_string"}}],"inLanguage":"pt-BR"},{"@type":"Person","@id":"https:\/\/aconteceunovale.com.br\/portal\/#\/schema\/person\/633529146f2c94272bef50ac2953d589","name":"Aconteceu no Vale","description":"Equipe de reportagem do Aconteceu no Vale, portal de not\u00edcias do Vale do Jequitinhonha, em Minas Gerais. Cobrimos as 51 cidades do Vale desde 2013. Sugest\u00f5es de pauta e pedidos de corre\u00e7\u00e3o: contato@aconteceunovale.com.br","sameAs":["http:\/\/www.aconteceunovale.com.br"],"url":"https:\/\/aconteceunovale.com.br\/portal\/?author=1"}]}},"_links":{"self":[{"href":"https:\/\/aconteceunovale.com.br\/portal\/index.php?rest_route=\/wp\/v2\/posts\/119173","targetHints":{"allow":["GET"]}}],"collection":[{"href":"https:\/\/aconteceunovale.com.br\/portal\/index.php?rest_route=\/wp\/v2\/posts"}],"about":[{"href":"https:\/\/aconteceunovale.com.br\/portal\/index.php?rest_route=\/wp\/v2\/types\/post"}],"author":[{"embeddable":true,"href":"https:\/\/aconteceunovale.com.br\/portal\/index.php?rest_route=\/wp\/v2\/users\/1"}],"replies":[{"embeddable":true,"href":"https:\/\/aconteceunovale.com.br\/portal\/index.php?rest_route=%2Fwp%2Fv2%2Fcomments&post=119173"}],"version-history":[{"count":1,"href":"https:\/\/aconteceunovale.com.br\/portal\/index.php?rest_route=\/wp\/v2\/posts\/119173\/revisions"}],"predecessor-version":[{"id":199420,"href":"https:\/\/aconteceunovale.com.br\/portal\/index.php?rest_route=\/wp\/v2\/posts\/119173\/revisions\/199420"}],"wp:featuredmedia":[{"embeddable":true,"href":"https:\/\/aconteceunovale.com.br\/portal\/index.php?rest_route=\/wp\/v2\/media\/119174"}],"wp:attachment":[{"href":"https:\/\/aconteceunovale.com.br\/portal\/index.php?rest_route=%2Fwp%2Fv2%2Fmedia&parent=119173"}],"wp:term":[{"taxonomy":"category","embeddable":true,"href":"https:\/\/aconteceunovale.com.br\/portal\/index.php?rest_route=%2Fwp%2Fv2%2Fcategories&post=119173"},{"taxonomy":"post_tag","embeddable":true,"href":"https:\/\/aconteceunovale.com.br\/portal\/index.php?rest_route=%2Fwp%2Fv2%2Ftags&post=119173"}],"curies":[{"name":"wp","href":"https:\/\/api.w.org\/{rel}","templated":true}]}}