{"id":119169,"date":"2017-07-18T22:08:44","date_gmt":"2017-07-19T00:08:44","guid":{"rendered":"http:\/\/aconteceunovale.com.br\/portal\/?p=119169"},"modified":"2017-07-18T22:08:44","modified_gmt":"2017-07-19T00:08:44","slug":"justica-decreta-perda-de-cargo-do-prefeito-de-manga","status":"publish","type":"post","link":"https:\/\/aconteceunovale.com.br\/portal\/?p=119169","title":{"rendered":"Justi\u00e7a decreta perda de cargo do prefeito de Manga"},"content":{"rendered":"<p>O juiz da 2\u00aa Vara C\u00edvel, Criminal e de Execu\u00e7\u00f5es Penais da comarca de Manga, Jo\u00e3o Carneiro Duarte Neto, decretou a perda do cargo do atual prefeito do Munic\u00edpio, Joaquim de Oliveira S\u00e1 Filho, al\u00e9m da perda dos direitos pol\u00edticos por quatro anos. O prefeito de Manga tamb\u00e9m foi condenado ao pagamento de uma multa civil no valor de 25 vezes a m\u00e9dia do valor bruto de sua remunera\u00e7\u00e3o quando atuou como prefeito ou vice-prefeito durante o per\u00edodo de 01 de janeiro de 2008 a 31 de dezembro de 2012, com corre\u00e7\u00f5es e juros incidentes na data do pagamento.<\/p>\n<p>O Minist\u00e9rio P\u00fablico local alegou que Joaquim de Oliveira S\u00e1, na condi\u00e7\u00e3o de prefeito, entre 2008 e 2012, efetuou pagamentos para a empresa Transportes Fluviais, de sua propriedade, com dispensa de licita\u00e7\u00e3o.<\/p>\n<p>Segundo o MP, o transporte fluvial era realizado por mais de cinco balsas, fato que implicaria em n\u00edtido ato de improbidade administrativa causador de les\u00e3o ao patrim\u00f4nio p\u00fablico, al\u00e9m de violar os princ\u00edpios da administra\u00e7\u00e3o p\u00fablica.<\/p>\n<p>Notificado, o prefeito de Manga levanta tese de que era invi\u00e1vel a abertura de uma licita\u00e7\u00e3o e que as contrata\u00e7\u00f5es diretas j\u00e1 eram realizadas h\u00e1 anos e sempre foi assim. Houve, ainda, a alega\u00e7\u00e3o de que para o servi\u00e7o \u00e9 melhor para o interesse p\u00fablico pelos crit\u00e9rios de oportunidade e conveni\u00eancia.<\/p>\n<p>O juiz Jo\u00e3o Carneiro Duarte Neto entendeu que houve flagrante viola\u00e7\u00e3o direta dos princ\u00edpios administrativos constitucionais da moralidade, legalidade e impessoalidade. Segundo o magistrado, ainda que haja uma justificativa para dispensa de licita\u00e7\u00e3o, \u00e9 vedado aos agentes pol\u00edticos, na condi\u00e7\u00e3o de gestor p\u00fablico, contratar empresa de sua propriedade.<\/p>\n<p>O juiz argumenta que, diante da an\u00e1lise das provas contidas no processo, houve uma verdadeira confus\u00e3o entre o p\u00fablico e o privado, numa clara ofensa aos princ\u00edpios administrativos constitucionais.<\/p>\n<p>Leia a\u00a0<span style=\"color: #ff0000;\"><a href=\"http:\/\/www4.tjmg.jus.br\/juridico\/sf\/proc_peca_movimentacao.jsp?id=16426569&amp;hash=dc67f6e6f37d4713a66a35b66c1599f2\" target=\"_blank\"><span style=\"color: #ff0000;\">senten\u00e7a<\/span><\/a>\u00a0<\/span>na \u00edntegra -|- Veja o\u00a0<span style=\"color: #ff0000;\"><a href=\"http:\/\/www4.tjmg.jus.br\/juridico\/sf\/proc_resultado.jsp?comrCodigo=393&amp;numero=1&amp;listaProcessos=14002975&amp;btn_pesquisar=Pesquisar\" target=\"_blank\"><span style=\"color: #ff0000;\">andamento processual<\/span><\/a><\/span>.<\/p>\n<p><strong>VER PRIMEIRO<\/strong><\/p>\n<p>Receba as not\u00edcias do Aconteceu no Vale em primeira m\u00e3o. Clique em curtir no endere\u00e7o <a href=\"https:\/\/www.facebook.com\/aconteceunovale\" target=\"_blank\"><font color=\"red\">www.facebook.com\/aconteceunovale<\/font><\/a> ou no box abaixo:<\/p>\n<div class=\"fb-like\" data-href=\"https:\/\/www.facebook.com\/aconteceunovale\" data-width=\"120\" data-layout=\"standard\" data-action=\"like\" data-size=\"small\" data-show-faces=\"true\" data-share=\"true\"><\/div>\n<p><\/br><\/p>\n<p><em>(Fonte: TJMG)<\/em><\/p>\n","protected":false},"excerpt":{"rendered":"<p>O juiz da 2\u00aa Vara C\u00edvel, Criminal e de Execu\u00e7\u00f5es Penais da comarca de Manga, Jo\u00e3o Carneiro Duarte Neto, decretou a perda do cargo do atual prefeito do Munic\u00edpio, Joaquim de Oliveira S\u00e1 Filho, al\u00e9m da perda dos direitos pol\u00edticos por quatro anos. O prefeito de Manga tamb\u00e9m foi condenado ao pagamento de uma multa [&hellip;]<\/p>\n","protected":false},"author":1,"featured_media":119171,"comment_status":"open","ping_status":"closed","sticky":false,"template":"","format":"standard","meta":{"amp_status":"","footnotes":""},"categories":[1236,40240],"tags":[156127,156129,156126,1356,45380,156128],"class_list":["post-119169","post","type-post","status-publish","format-standard","has-post-thumbnail","hentry","category-norte_de_minas","category-politica","tag-condenacao-prefeito-de-manga","tag-joaquim-de-oliveira-sa-filho","tag-justica-decreta-perda-de-cargo-do-prefeito-de-manga","tag-manga","tag-prefeito-de-manga","tag-processo-prefeito-de-manga"],"yoast_head":"<!-- This site is optimized with the Yoast SEO plugin v28.3 - https:\/\/yoast.com\/product\/yoast-seo-wordpress\/ -->\n<title>Justi\u00e7a decreta perda de cargo do prefeito de Manga - Aconteceu no Vale<\/title>\n<meta name=\"robots\" content=\"index, follow, max-snippet:-1, max-image-preview:large, max-video-preview:-1\" \/>\n<link rel=\"canonical\" href=\"https:\/\/aconteceunovale.com.br\/portal\/?p=119169\" \/>\n<meta property=\"og:locale\" content=\"pt_BR\" \/>\n<meta property=\"og:type\" content=\"article\" \/>\n<meta property=\"og:title\" content=\"Justi\u00e7a decreta perda de cargo do prefeito de Manga - Aconteceu no Vale\" \/>\n<meta property=\"og:description\" content=\"O juiz da 2\u00aa Vara C\u00edvel, Criminal e de Execu\u00e7\u00f5es Penais da comarca de Manga, Jo\u00e3o Carneiro Duarte Neto, decretou a perda do cargo do atual prefeito do Munic\u00edpio, Joaquim de Oliveira S\u00e1 Filho, al\u00e9m da perda dos direitos pol\u00edticos por quatro anos. O prefeito de Manga tamb\u00e9m foi condenado ao pagamento de uma multa [&hellip;]\" \/>\n<meta property=\"og:url\" content=\"https:\/\/aconteceunovale.com.br\/portal\/?p=119169\" \/>\n<meta property=\"og:site_name\" content=\"Aconteceu no Vale\" \/>\n<meta property=\"article:publisher\" content=\"https:\/\/www.facebook.com\/aconteceunovale\/\" \/>\n<meta property=\"article:published_time\" content=\"2017-07-19T00:08:44+00:00\" \/>\n<meta property=\"og:image\" content=\"https:\/\/aconteceunovale.com.br\/portal\/wp-content\/uploads\/2017\/07\/manga_mg.jpg\" \/>\n\t<meta property=\"og:image:width\" content=\"533\" \/>\n\t<meta property=\"og:image:height\" content=\"400\" \/>\n\t<meta property=\"og:image:type\" content=\"image\/jpeg\" \/>\n<meta name=\"author\" content=\"Aconteceu no Vale\" \/>\n<meta name=\"twitter:card\" content=\"summary_large_image\" \/>\n<meta name=\"twitter:creator\" content=\"@noticiadosvales\" \/>\n<meta name=\"twitter:site\" content=\"@noticiadosvales\" \/>\n<meta name=\"twitter:label1\" content=\"Escrito por\" \/>\n\t<meta name=\"twitter:data1\" content=\"Aconteceu no Vale\" \/>\n\t<meta name=\"twitter:label2\" content=\"Est. tempo de leitura\" \/>\n\t<meta name=\"twitter:data2\" content=\"2 minutos\" \/>\n<script type=\"application\/ld+json\" class=\"yoast-schema-graph\">{\"@context\":\"https:\\\/\\\/schema.org\",\"@graph\":[{\"@type\":\"Article\",\"@id\":\"https:\\\/\\\/aconteceunovale.com.br\\\/portal\\\/?p=119169#article\",\"isPartOf\":{\"@id\":\"https:\\\/\\\/aconteceunovale.com.br\\\/portal\\\/?p=119169\"},\"author\":{\"name\":\"Aconteceu no Vale\",\"@id\":\"https:\\\/\\\/aconteceunovale.com.br\\\/portal\\\/#\\\/schema\\\/person\\\/633529146f2c94272bef50ac2953d589\"},\"headline\":\"Justi\u00e7a decreta perda de cargo do prefeito de Manga\",\"datePublished\":\"2017-07-19T00:08:44+00:00\",\"mainEntityOfPage\":{\"@id\":\"https:\\\/\\\/aconteceunovale.com.br\\\/portal\\\/?p=119169\"},\"wordCount\":379,\"commentCount\":0,\"image\":{\"@id\":\"https:\\\/\\\/aconteceunovale.com.br\\\/portal\\\/?p=119169#primaryimage\"},\"thumbnailUrl\":\"https:\\\/\\\/aconteceunovale.com.br\\\/portal\\\/wp-content\\\/uploads\\\/2017\\\/07\\\/manga_mg.jpg\",\"keywords\":[\"Condena\u00e7\u00e3o Prefeito de Manga\",\"Joaquim de Oliveira S\u00e1 Filho\",\"Justi\u00e7a decreta perda de cargo do prefeito de Manga\",\"manga\",\"prefeito de Manga\",\"Processo prefeito de Manga\"],\"articleSection\":[\"Norte de Minas\",\"Pol\u00edtica\"],\"inLanguage\":\"pt-BR\",\"potentialAction\":[{\"@type\":\"CommentAction\",\"name\":\"Comment\",\"target\":[\"https:\\\/\\\/aconteceunovale.com.br\\\/portal\\\/?p=119169#respond\"]}]},{\"@type\":\"WebPage\",\"@id\":\"https:\\\/\\\/aconteceunovale.com.br\\\/portal\\\/?p=119169\",\"url\":\"https:\\\/\\\/aconteceunovale.com.br\\\/portal\\\/?p=119169\",\"name\":\"Justi\u00e7a decreta perda de cargo do prefeito de Manga - Aconteceu no Vale\",\"isPartOf\":{\"@id\":\"https:\\\/\\\/aconteceunovale.com.br\\\/portal\\\/#website\"},\"primaryImageOfPage\":{\"@id\":\"https:\\\/\\\/aconteceunovale.com.br\\\/portal\\\/?p=119169#primaryimage\"},\"image\":{\"@id\":\"https:\\\/\\\/aconteceunovale.com.br\\\/portal\\\/?p=119169#primaryimage\"},\"thumbnailUrl\":\"https:\\\/\\\/aconteceunovale.com.br\\\/portal\\\/wp-content\\\/uploads\\\/2017\\\/07\\\/manga_mg.jpg\",\"datePublished\":\"2017-07-19T00:08:44+00:00\",\"author\":{\"@id\":\"https:\\\/\\\/aconteceunovale.com.br\\\/portal\\\/#\\\/schema\\\/person\\\/633529146f2c94272bef50ac2953d589\"},\"breadcrumb\":{\"@id\":\"https:\\\/\\\/aconteceunovale.com.br\\\/portal\\\/?p=119169#breadcrumb\"},\"inLanguage\":\"pt-BR\",\"potentialAction\":[{\"@type\":\"ReadAction\",\"target\":[\"https:\\\/\\\/aconteceunovale.com.br\\\/portal\\\/?p=119169\"]}]},{\"@type\":\"ImageObject\",\"inLanguage\":\"pt-BR\",\"@id\":\"https:\\\/\\\/aconteceunovale.com.br\\\/portal\\\/?p=119169#primaryimage\",\"url\":\"https:\\\/\\\/aconteceunovale.com.br\\\/portal\\\/wp-content\\\/uploads\\\/2017\\\/07\\\/manga_mg.jpg\",\"contentUrl\":\"https:\\\/\\\/aconteceunovale.com.br\\\/portal\\\/wp-content\\\/uploads\\\/2017\\\/07\\\/manga_mg.jpg\",\"width\":533,\"height\":400},{\"@type\":\"BreadcrumbList\",\"@id\":\"https:\\\/\\\/aconteceunovale.com.br\\\/portal\\\/?p=119169#breadcrumb\",\"itemListElement\":[{\"@type\":\"ListItem\",\"position\":1,\"name\":\"In\u00edcio\",\"item\":\"https:\\\/\\\/aconteceunovale.com.br\\\/portal\\\/\"},{\"@type\":\"ListItem\",\"position\":2,\"name\":\"Justi\u00e7a decreta perda de cargo do prefeito de Manga\"}]},{\"@type\":\"WebSite\",\"@id\":\"https:\\\/\\\/aconteceunovale.com.br\\\/portal\\\/#website\",\"url\":\"https:\\\/\\\/aconteceunovale.com.br\\\/portal\\\/\",\"name\":\"Aconteceu no Vale\",\"description\":\"Portal de Not\u00edcias\",\"potentialAction\":[{\"@type\":\"SearchAction\",\"target\":{\"@type\":\"EntryPoint\",\"urlTemplate\":\"https:\\\/\\\/aconteceunovale.com.br\\\/portal\\\/?s={search_term_string}\"},\"query-input\":{\"@type\":\"PropertyValueSpecification\",\"valueRequired\":true,\"valueName\":\"search_term_string\"}}],\"inLanguage\":\"pt-BR\"},{\"@type\":\"Person\",\"@id\":\"https:\\\/\\\/aconteceunovale.com.br\\\/portal\\\/#\\\/schema\\\/person\\\/633529146f2c94272bef50ac2953d589\",\"name\":\"Aconteceu no Vale\",\"description\":\"Equipe de reportagem do Aconteceu no Vale, portal de not\u00edcias do Vale do Jequitinhonha, em Minas Gerais. Cobrimos as 51 cidades do Vale desde 2013. Sugest\u00f5es de pauta e pedidos de corre\u00e7\u00e3o: contato@aconteceunovale.com.br\",\"sameAs\":[\"http:\\\/\\\/www.aconteceunovale.com.br\"],\"url\":\"https:\\\/\\\/aconteceunovale.com.br\\\/portal\\\/?author=1\"}]}<\/script>\n<!-- \/ Yoast SEO plugin. -->","yoast_head_json":{"title":"Justi\u00e7a decreta perda de cargo do prefeito de Manga - Aconteceu no Vale","robots":{"index":"index","follow":"follow","max-snippet":"max-snippet:-1","max-image-preview":"max-image-preview:large","max-video-preview":"max-video-preview:-1"},"canonical":"https:\/\/aconteceunovale.com.br\/portal\/?p=119169","og_locale":"pt_BR","og_type":"article","og_title":"Justi\u00e7a decreta perda de cargo do prefeito de Manga - Aconteceu no Vale","og_description":"O juiz da 2\u00aa Vara C\u00edvel, Criminal e de Execu\u00e7\u00f5es Penais da comarca de Manga, Jo\u00e3o Carneiro Duarte Neto, decretou a perda do cargo do atual prefeito do Munic\u00edpio, Joaquim de Oliveira S\u00e1 Filho, al\u00e9m da perda dos direitos pol\u00edticos por quatro anos. O prefeito de Manga tamb\u00e9m foi condenado ao pagamento de uma multa [&hellip;]","og_url":"https:\/\/aconteceunovale.com.br\/portal\/?p=119169","og_site_name":"Aconteceu no Vale","article_publisher":"https:\/\/www.facebook.com\/aconteceunovale\/","article_published_time":"2017-07-19T00:08:44+00:00","og_image":[{"width":533,"height":400,"url":"https:\/\/aconteceunovale.com.br\/portal\/wp-content\/uploads\/2017\/07\/manga_mg.jpg","type":"image\/jpeg"}],"author":"Aconteceu no Vale","twitter_card":"summary_large_image","twitter_creator":"@noticiadosvales","twitter_site":"@noticiadosvales","twitter_misc":{"Escrito por":"Aconteceu no Vale","Est. tempo de leitura":"2 minutos"},"schema":{"@context":"https:\/\/schema.org","@graph":[{"@type":"Article","@id":"https:\/\/aconteceunovale.com.br\/portal\/?p=119169#article","isPartOf":{"@id":"https:\/\/aconteceunovale.com.br\/portal\/?p=119169"},"author":{"name":"Aconteceu no Vale","@id":"https:\/\/aconteceunovale.com.br\/portal\/#\/schema\/person\/633529146f2c94272bef50ac2953d589"},"headline":"Justi\u00e7a decreta perda de cargo do prefeito de Manga","datePublished":"2017-07-19T00:08:44+00:00","mainEntityOfPage":{"@id":"https:\/\/aconteceunovale.com.br\/portal\/?p=119169"},"wordCount":379,"commentCount":0,"image":{"@id":"https:\/\/aconteceunovale.com.br\/portal\/?p=119169#primaryimage"},"thumbnailUrl":"https:\/\/aconteceunovale.com.br\/portal\/wp-content\/uploads\/2017\/07\/manga_mg.jpg","keywords":["Condena\u00e7\u00e3o Prefeito de Manga","Joaquim de Oliveira S\u00e1 Filho","Justi\u00e7a decreta perda de cargo do prefeito de Manga","manga","prefeito de Manga","Processo prefeito de Manga"],"articleSection":["Norte de Minas","Pol\u00edtica"],"inLanguage":"pt-BR","potentialAction":[{"@type":"CommentAction","name":"Comment","target":["https:\/\/aconteceunovale.com.br\/portal\/?p=119169#respond"]}]},{"@type":"WebPage","@id":"https:\/\/aconteceunovale.com.br\/portal\/?p=119169","url":"https:\/\/aconteceunovale.com.br\/portal\/?p=119169","name":"Justi\u00e7a decreta perda de cargo do prefeito de Manga - Aconteceu no Vale","isPartOf":{"@id":"https:\/\/aconteceunovale.com.br\/portal\/#website"},"primaryImageOfPage":{"@id":"https:\/\/aconteceunovale.com.br\/portal\/?p=119169#primaryimage"},"image":{"@id":"https:\/\/aconteceunovale.com.br\/portal\/?p=119169#primaryimage"},"thumbnailUrl":"https:\/\/aconteceunovale.com.br\/portal\/wp-content\/uploads\/2017\/07\/manga_mg.jpg","datePublished":"2017-07-19T00:08:44+00:00","author":{"@id":"https:\/\/aconteceunovale.com.br\/portal\/#\/schema\/person\/633529146f2c94272bef50ac2953d589"},"breadcrumb":{"@id":"https:\/\/aconteceunovale.com.br\/portal\/?p=119169#breadcrumb"},"inLanguage":"pt-BR","potentialAction":[{"@type":"ReadAction","target":["https:\/\/aconteceunovale.com.br\/portal\/?p=119169"]}]},{"@type":"ImageObject","inLanguage":"pt-BR","@id":"https:\/\/aconteceunovale.com.br\/portal\/?p=119169#primaryimage","url":"https:\/\/aconteceunovale.com.br\/portal\/wp-content\/uploads\/2017\/07\/manga_mg.jpg","contentUrl":"https:\/\/aconteceunovale.com.br\/portal\/wp-content\/uploads\/2017\/07\/manga_mg.jpg","width":533,"height":400},{"@type":"BreadcrumbList","@id":"https:\/\/aconteceunovale.com.br\/portal\/?p=119169#breadcrumb","itemListElement":[{"@type":"ListItem","position":1,"name":"In\u00edcio","item":"https:\/\/aconteceunovale.com.br\/portal\/"},{"@type":"ListItem","position":2,"name":"Justi\u00e7a decreta perda de cargo do prefeito de Manga"}]},{"@type":"WebSite","@id":"https:\/\/aconteceunovale.com.br\/portal\/#website","url":"https:\/\/aconteceunovale.com.br\/portal\/","name":"Aconteceu no Vale","description":"Portal de Not\u00edcias","potentialAction":[{"@type":"SearchAction","target":{"@type":"EntryPoint","urlTemplate":"https:\/\/aconteceunovale.com.br\/portal\/?s={search_term_string}"},"query-input":{"@type":"PropertyValueSpecification","valueRequired":true,"valueName":"search_term_string"}}],"inLanguage":"pt-BR"},{"@type":"Person","@id":"https:\/\/aconteceunovale.com.br\/portal\/#\/schema\/person\/633529146f2c94272bef50ac2953d589","name":"Aconteceu no Vale","description":"Equipe de reportagem do Aconteceu no Vale, portal de not\u00edcias do Vale do Jequitinhonha, em Minas Gerais. Cobrimos as 51 cidades do Vale desde 2013. Sugest\u00f5es de pauta e pedidos de corre\u00e7\u00e3o: contato@aconteceunovale.com.br","sameAs":["http:\/\/www.aconteceunovale.com.br"],"url":"https:\/\/aconteceunovale.com.br\/portal\/?author=1"}]}},"_links":{"self":[{"href":"https:\/\/aconteceunovale.com.br\/portal\/index.php?rest_route=\/wp\/v2\/posts\/119169","targetHints":{"allow":["GET"]}}],"collection":[{"href":"https:\/\/aconteceunovale.com.br\/portal\/index.php?rest_route=\/wp\/v2\/posts"}],"about":[{"href":"https:\/\/aconteceunovale.com.br\/portal\/index.php?rest_route=\/wp\/v2\/types\/post"}],"author":[{"embeddable":true,"href":"https:\/\/aconteceunovale.com.br\/portal\/index.php?rest_route=\/wp\/v2\/users\/1"}],"replies":[{"embeddable":true,"href":"https:\/\/aconteceunovale.com.br\/portal\/index.php?rest_route=%2Fwp%2Fv2%2Fcomments&post=119169"}],"version-history":[{"count":0,"href":"https:\/\/aconteceunovale.com.br\/portal\/index.php?rest_route=\/wp\/v2\/posts\/119169\/revisions"}],"wp:featuredmedia":[{"embeddable":true,"href":"https:\/\/aconteceunovale.com.br\/portal\/index.php?rest_route=\/wp\/v2\/media\/119171"}],"wp:attachment":[{"href":"https:\/\/aconteceunovale.com.br\/portal\/index.php?rest_route=%2Fwp%2Fv2%2Fmedia&parent=119169"}],"wp:term":[{"taxonomy":"category","embeddable":true,"href":"https:\/\/aconteceunovale.com.br\/portal\/index.php?rest_route=%2Fwp%2Fv2%2Fcategories&post=119169"},{"taxonomy":"post_tag","embeddable":true,"href":"https:\/\/aconteceunovale.com.br\/portal\/index.php?rest_route=%2Fwp%2Fv2%2Ftags&post=119169"}],"curies":[{"name":"wp","href":"https:\/\/api.w.org\/{rel}","templated":true}]}}