{"id":119148,"date":"2017-07-17T23:40:05","date_gmt":"2017-07-18T01:40:05","guid":{"rendered":"http:\/\/aconteceunovale.com.br\/portal\/?p=119148"},"modified":"2026-09-02T13:34:29","modified_gmt":"2026-09-02T16:34:29","slug":"policia-militar-prende-suspeito-com-drogas-armas-e-municoes-em-padre-paraiso","status":"publish","type":"post","link":"https:\/\/aconteceunovale.com.br\/portal\/?p=119148","title":{"rendered":"Pol\u00edcia Militar prende suspeito com drogas, armas e muni\u00e7\u00f5es em Padre Para\u00edso"},"content":{"rendered":"<p>Um rapaz de 24 anos foi preso pela Pol\u00edcia Militar (PM), nesse Domingo (16\/07\/2017), por volta das 20h30, durante uma opera\u00e7\u00e3o policial na cidade de Padre Para\u00edso, no Vale do Jequitinhonha. Ele j\u00e1 estava sendo monitorado ap\u00f3s ser denunciado por tr\u00e1fico de drogas.<\/p>\n<p>Na noite em que foi preso, ele  saiu da casa onde mora, na Rua Divino Espirito Santo, carregando uma sacola de cor preta e, segundo a PM, entrou apressadamente em um im\u00f3vel abandonado. Na sequ\u00eancia, ele deixou o local e voltou para a resid\u00eancia dele de m\u00e3os vazias.<\/p>\n<p>Diante da atitude suspeita, os militares vistoriaram o local e encontraram a sacola que o indiv\u00edduo carregava. Dentro dela, foram encontrados 585 pinos contendo coca\u00edna, 160 pedras de crack, diversas muni\u00e7\u00f5es de armas de fogo nos calibres .38, .32, .380 e .357.<\/p>\n<p>Em continuidade \u00e0s buscas, os policiais  localizaram dentro de uma m\u00e1quina de lavar roupas, diversos pinos vazios utilizados para acondicionar coca\u00edna, totalizando 570 unidades. Dentro de um sof\u00e1 que se encontrava tamb\u00e9m no interior da casa abandonada, foi encontrada uma sacola pl\u00e1stica  com quatro rev\u00f3lveres nos calibres .32, .38  e .357   mm, sendo este \u00faltimo com a numera\u00e7\u00e3o raspada.<\/p>\n<p>J\u00e1 na casa do suspeito, foi encontrado  um rev\u00f3lver calibre .38 marca Taurus com numera\u00e7\u00e3o raspada e carregado com cartuchos intactos, a quantia de R$ 420,00 reais em dinheiro, uma balan\u00e7a de precis\u00e3o com resqu\u00edcio de uma subst\u00e2ncia semelhante a coca\u00edna, al\u00e9m de tr\u00eas  trituradores de maconha.<\/p>\n<p>Em outro c\u00f4modo, a PM encontrou uma motocicleta Yamaha YBR 125, cor vermelha, sem a placa de identifica\u00e7\u00e3o e com a numera\u00e7\u00e3o do chassi raspada.<\/p>\n<p>Diante os fatos, o ve\u00edculo foi removido ao p\u00e1tio credenciado. O jovem foi preso por tr\u00e1fico il\u00edcito de drogas, posse de arma de fogo e muni\u00e7\u00f5es de uso permitido e posse de arma de fogo e muni\u00e7\u00e3o de uso restrito.<\/p>\n<p>Ele foi conduzido com os produtos il\u00edcitos para a Delegacia de Pol\u00edcia Civil de Pedra Azul, onde ficar\u00e1 \u00e0 disposi\u00e7\u00e3o da Justi\u00e7a.<\/p>\n<p><img decoding=\"async\" src=\"http:\/\/aconteceunovale.com.br\/portal\/wp-content\/uploads\/2017\/07\/armas_pp_1.jpg\" alt=\"\" \/><em>Material apreendido em Padre Para\u00edso (Foto: Divulga\u00e7\u00e3o\/PM)<\/em><br \/>\n<\/br><\/p>\n<p><img decoding=\"async\" src=\"http:\/\/aconteceunovale.com.br\/portal\/wp-content\/uploads\/2017\/07\/armas_pp_2.jpg\" alt=\"\" \/><em>Material apreendido em Padre Para\u00edso (Foto: Divulga\u00e7\u00e3o\/PM)<\/em><br \/>\n<\/br><\/p>\n<p><img decoding=\"async\" src=\"http:\/\/aconteceunovale.com.br\/portal\/wp-content\/uploads\/2017\/07\/armas_pp_3.jpg\" alt=\"\" \/><em>Material apreendido em Padre Para\u00edso (Foto: Divulga\u00e7\u00e3o\/PM)<\/em><br \/>\n<\/br><\/p>\n<p><strong>VER PRIMEIRO<\/strong><\/p>\n<p>Receba as not\u00edcias do Aconteceu no Vale em primeira m\u00e3o. Clique em curtir no endere\u00e7o <a href=\"https:\/\/www.facebook.com\/aconteceunovale\" target=\"_blank\"><font color=\"red\">www.facebook.com\/aconteceunovale<\/font><\/a> ou no box abaixo:<\/p>\n<div class=\"fb-like\" data-href=\"https:\/\/www.facebook.com\/aconteceunovale\" data-width=\"120\" data-layout=\"standard\" data-action=\"like\" data-size=\"small\" data-show-faces=\"true\" data-share=\"true\"><\/div>\n<p><\/br><\/p>\n<p><em>(Com informa\u00e7\u00f5es do Gazeta de Ara\u00e7ua\u00ed)<\/em><\/p>\n","protected":false},"excerpt":{"rendered":"<p>Um rapaz de 24 anos foi preso pela Pol\u00edcia Militar (PM), nesse Domingo (16\/07\/2017), por volta das 20h30, durante uma opera\u00e7\u00e3o policial na cidade de Padre Para\u00edso, no Vale do Jequitinhonha. Ele j\u00e1 estava sendo monitorado ap\u00f3s ser denunciado por tr\u00e1fico de drogas. Na noite em que foi preso, ele saiu da casa onde mora, [&hellip;]<\/p>\n","protected":false},"author":1,"featured_media":119149,"comment_status":"open","ping_status":"closed","sticky":false,"template":"","format":"standard","meta":{"amp_status":"","footnotes":""},"categories":[272564,120],"tags":[156106,156104,156105,156103,572,455,156100,156102,67528,156101],"class_list":["post-119148","post","type-post","status-publish","format-standard","has-post-thumbnail","hentry","category-padre-paraiso","category-jequi","tag-apreensao-de-armas-em-padre-paraiso","tag-apreensao-de-drogas-em-padre-paraiso","tag-armas-apreendidas-em-padre-paraiso","tag-droga-apreendida-em-padre-paraiso","tag-padre-paraiso","tag-pedra-azul","tag-policia-militar-prende-suspeito-com-drogas-armas-e-municoes-em-padre-paraiso","tag-traficante-preso-em-padre-paraiso","tag-trafico-de-drogas-em-padre-paraiso","tag-trafico-em-padre-paraiso"],"yoast_head":"<!-- This site is optimized with the Yoast SEO plugin v28.3 - https:\/\/yoast.com\/product\/yoast-seo-wordpress\/ -->\n<title>Pol\u00edcia Militar prende suspeito com drogas, armas e muni\u00e7\u00f5es em Padre Para\u00edso - Aconteceu no Vale<\/title>\n<meta name=\"robots\" content=\"index, follow, max-snippet:-1, max-image-preview:large, max-video-preview:-1\" \/>\n<link rel=\"canonical\" href=\"https:\/\/aconteceunovale.com.br\/portal\/?p=119148\" \/>\n<meta property=\"og:locale\" content=\"pt_BR\" \/>\n<meta property=\"og:type\" content=\"article\" \/>\n<meta property=\"og:title\" content=\"Pol\u00edcia Militar prende suspeito com drogas, armas e muni\u00e7\u00f5es em Padre Para\u00edso - Aconteceu no Vale\" \/>\n<meta property=\"og:description\" content=\"Um rapaz de 24 anos foi preso pela Pol\u00edcia Militar (PM), nesse Domingo (16\/07\/2017), por volta das 20h30, durante uma opera\u00e7\u00e3o policial na cidade de Padre Para\u00edso, no Vale do Jequitinhonha. Ele j\u00e1 estava sendo monitorado ap\u00f3s ser denunciado por tr\u00e1fico de drogas. Na noite em que foi preso, ele saiu da casa onde mora, [&hellip;]\" \/>\n<meta property=\"og:url\" content=\"https:\/\/aconteceunovale.com.br\/portal\/?p=119148\" \/>\n<meta property=\"og:site_name\" content=\"Aconteceu no Vale\" \/>\n<meta property=\"article:publisher\" content=\"https:\/\/www.facebook.com\/aconteceunovale\/\" \/>\n<meta property=\"article:published_time\" content=\"2017-07-18T01:40:05+00:00\" \/>\n<meta property=\"article:modified_time\" content=\"2026-09-02T16:34:29+00:00\" \/>\n<meta property=\"og:image\" content=\"https:\/\/aconteceunovale.com.br\/portal\/wp-content\/uploads\/2017\/07\/armas_pp_1.jpg\" \/>\n\t<meta property=\"og:image:width\" content=\"678\" \/>\n\t<meta property=\"og:image:height\" content=\"381\" \/>\n\t<meta property=\"og:image:type\" content=\"image\/jpeg\" \/>\n<meta name=\"author\" content=\"Aconteceu no Vale\" \/>\n<meta name=\"twitter:card\" content=\"summary_large_image\" \/>\n<meta name=\"twitter:creator\" content=\"@noticiadosvales\" \/>\n<meta name=\"twitter:site\" content=\"@noticiadosvales\" \/>\n<meta name=\"twitter:label1\" content=\"Escrito por\" \/>\n\t<meta name=\"twitter:data1\" content=\"Aconteceu no Vale\" \/>\n\t<meta name=\"twitter:label2\" content=\"Est. tempo de leitura\" \/>\n\t<meta name=\"twitter:data2\" content=\"2 minutos\" \/>\n<script type=\"application\/ld+json\" class=\"yoast-schema-graph\">{\"@context\":\"https:\\\/\\\/schema.org\",\"@graph\":[{\"@type\":\"Article\",\"@id\":\"https:\\\/\\\/aconteceunovale.com.br\\\/portal\\\/?p=119148#article\",\"isPartOf\":{\"@id\":\"https:\\\/\\\/aconteceunovale.com.br\\\/portal\\\/?p=119148\"},\"author\":{\"name\":\"Aconteceu no Vale\",\"@id\":\"https:\\\/\\\/aconteceunovale.com.br\\\/portal\\\/#\\\/schema\\\/person\\\/633529146f2c94272bef50ac2953d589\"},\"headline\":\"Pol\u00edcia Militar prende suspeito com drogas, armas e muni\u00e7\u00f5es em Padre Para\u00edso\",\"datePublished\":\"2017-07-18T01:40:05+00:00\",\"dateModified\":\"2026-09-02T16:34:29+00:00\",\"mainEntityOfPage\":{\"@id\":\"https:\\\/\\\/aconteceunovale.com.br\\\/portal\\\/?p=119148\"},\"wordCount\":431,\"commentCount\":0,\"image\":{\"@id\":\"https:\\\/\\\/aconteceunovale.com.br\\\/portal\\\/?p=119148#primaryimage\"},\"thumbnailUrl\":\"https:\\\/\\\/aconteceunovale.com.br\\\/portal\\\/wp-content\\\/uploads\\\/2017\\\/07\\\/armas_pp_1.jpg\",\"keywords\":[\"Apreens\u00e3o de armas em Padre Para\u00edso\",\"Apreens\u00e3o de drogas em Padre Para\u00edso\",\"Armas apreendidas em Padre Para\u00edso\",\"Droga apreendida em Padre Para\u00edso\",\"Padre Para\u00edso\",\"Pedra Azul\",\"Pol\u00edcia Militar prende suspeito com drogas armas e muni\u00e7\u00f5es em Padre Para\u00edso\",\"Traficante preso em Padre Para\u00edso\",\"tr\u00e1fico de drogas em Padre Para\u00edso\",\"Tr\u00e1fico em Padre Para\u00edso\"],\"articleSection\":[\"Padre Para\u00edso\",\"Vale do Jequitinhonha\"],\"inLanguage\":\"pt-BR\",\"potentialAction\":[{\"@type\":\"CommentAction\",\"name\":\"Comment\",\"target\":[\"https:\\\/\\\/aconteceunovale.com.br\\\/portal\\\/?p=119148#respond\"]}]},{\"@type\":\"WebPage\",\"@id\":\"https:\\\/\\\/aconteceunovale.com.br\\\/portal\\\/?p=119148\",\"url\":\"https:\\\/\\\/aconteceunovale.com.br\\\/portal\\\/?p=119148\",\"name\":\"Pol\u00edcia Militar prende suspeito com drogas, armas e muni\u00e7\u00f5es em Padre Para\u00edso - Aconteceu no Vale\",\"isPartOf\":{\"@id\":\"https:\\\/\\\/aconteceunovale.com.br\\\/portal\\\/#website\"},\"primaryImageOfPage\":{\"@id\":\"https:\\\/\\\/aconteceunovale.com.br\\\/portal\\\/?p=119148#primaryimage\"},\"image\":{\"@id\":\"https:\\\/\\\/aconteceunovale.com.br\\\/portal\\\/?p=119148#primaryimage\"},\"thumbnailUrl\":\"https:\\\/\\\/aconteceunovale.com.br\\\/portal\\\/wp-content\\\/uploads\\\/2017\\\/07\\\/armas_pp_1.jpg\",\"datePublished\":\"2017-07-18T01:40:05+00:00\",\"dateModified\":\"2026-09-02T16:34:29+00:00\",\"author\":{\"@id\":\"https:\\\/\\\/aconteceunovale.com.br\\\/portal\\\/#\\\/schema\\\/person\\\/633529146f2c94272bef50ac2953d589\"},\"breadcrumb\":{\"@id\":\"https:\\\/\\\/aconteceunovale.com.br\\\/portal\\\/?p=119148#breadcrumb\"},\"inLanguage\":\"pt-BR\",\"potentialAction\":[{\"@type\":\"ReadAction\",\"target\":[\"https:\\\/\\\/aconteceunovale.com.br\\\/portal\\\/?p=119148\"]}]},{\"@type\":\"ImageObject\",\"inLanguage\":\"pt-BR\",\"@id\":\"https:\\\/\\\/aconteceunovale.com.br\\\/portal\\\/?p=119148#primaryimage\",\"url\":\"https:\\\/\\\/aconteceunovale.com.br\\\/portal\\\/wp-content\\\/uploads\\\/2017\\\/07\\\/armas_pp_1.jpg\",\"contentUrl\":\"https:\\\/\\\/aconteceunovale.com.br\\\/portal\\\/wp-content\\\/uploads\\\/2017\\\/07\\\/armas_pp_1.jpg\",\"width\":678,\"height\":381},{\"@type\":\"BreadcrumbList\",\"@id\":\"https:\\\/\\\/aconteceunovale.com.br\\\/portal\\\/?p=119148#breadcrumb\",\"itemListElement\":[{\"@type\":\"ListItem\",\"position\":1,\"name\":\"In\u00edcio\",\"item\":\"https:\\\/\\\/aconteceunovale.com.br\\\/portal\\\/\"},{\"@type\":\"ListItem\",\"position\":2,\"name\":\"Pol\u00edcia Militar prende suspeito com drogas, armas e muni\u00e7\u00f5es em Padre Para\u00edso\"}]},{\"@type\":\"WebSite\",\"@id\":\"https:\\\/\\\/aconteceunovale.com.br\\\/portal\\\/#website\",\"url\":\"https:\\\/\\\/aconteceunovale.com.br\\\/portal\\\/\",\"name\":\"Aconteceu no Vale\",\"description\":\"Portal de Not\u00edcias\",\"potentialAction\":[{\"@type\":\"SearchAction\",\"target\":{\"@type\":\"EntryPoint\",\"urlTemplate\":\"https:\\\/\\\/aconteceunovale.com.br\\\/portal\\\/?s={search_term_string}\"},\"query-input\":{\"@type\":\"PropertyValueSpecification\",\"valueRequired\":true,\"valueName\":\"search_term_string\"}}],\"inLanguage\":\"pt-BR\"},{\"@type\":\"Person\",\"@id\":\"https:\\\/\\\/aconteceunovale.com.br\\\/portal\\\/#\\\/schema\\\/person\\\/633529146f2c94272bef50ac2953d589\",\"name\":\"Aconteceu no Vale\",\"description\":\"Equipe de reportagem do Aconteceu no Vale, portal de not\u00edcias do Vale do Jequitinhonha, em Minas Gerais. Cobrimos as 51 cidades do Vale desde 2013. Sugest\u00f5es de pauta e pedidos de corre\u00e7\u00e3o: contato@aconteceunovale.com.br\",\"sameAs\":[\"http:\\\/\\\/www.aconteceunovale.com.br\"],\"url\":\"https:\\\/\\\/aconteceunovale.com.br\\\/portal\\\/?author=1\"}]}<\/script>\n<!-- \/ Yoast SEO plugin. -->","yoast_head_json":{"title":"Pol\u00edcia Militar prende suspeito com drogas, armas e muni\u00e7\u00f5es em Padre Para\u00edso - Aconteceu no Vale","robots":{"index":"index","follow":"follow","max-snippet":"max-snippet:-1","max-image-preview":"max-image-preview:large","max-video-preview":"max-video-preview:-1"},"canonical":"https:\/\/aconteceunovale.com.br\/portal\/?p=119148","og_locale":"pt_BR","og_type":"article","og_title":"Pol\u00edcia Militar prende suspeito com drogas, armas e muni\u00e7\u00f5es em Padre Para\u00edso - Aconteceu no Vale","og_description":"Um rapaz de 24 anos foi preso pela Pol\u00edcia Militar (PM), nesse Domingo (16\/07\/2017), por volta das 20h30, durante uma opera\u00e7\u00e3o policial na cidade de Padre Para\u00edso, no Vale do Jequitinhonha. Ele j\u00e1 estava sendo monitorado ap\u00f3s ser denunciado por tr\u00e1fico de drogas. Na noite em que foi preso, ele saiu da casa onde mora, [&hellip;]","og_url":"https:\/\/aconteceunovale.com.br\/portal\/?p=119148","og_site_name":"Aconteceu no Vale","article_publisher":"https:\/\/www.facebook.com\/aconteceunovale\/","article_published_time":"2017-07-18T01:40:05+00:00","article_modified_time":"2026-09-02T16:34:29+00:00","og_image":[{"width":678,"height":381,"url":"https:\/\/aconteceunovale.com.br\/portal\/wp-content\/uploads\/2017\/07\/armas_pp_1.jpg","type":"image\/jpeg"}],"author":"Aconteceu no Vale","twitter_card":"summary_large_image","twitter_creator":"@noticiadosvales","twitter_site":"@noticiadosvales","twitter_misc":{"Escrito por":"Aconteceu no Vale","Est. tempo de leitura":"2 minutos"},"schema":{"@context":"https:\/\/schema.org","@graph":[{"@type":"Article","@id":"https:\/\/aconteceunovale.com.br\/portal\/?p=119148#article","isPartOf":{"@id":"https:\/\/aconteceunovale.com.br\/portal\/?p=119148"},"author":{"name":"Aconteceu no Vale","@id":"https:\/\/aconteceunovale.com.br\/portal\/#\/schema\/person\/633529146f2c94272bef50ac2953d589"},"headline":"Pol\u00edcia Militar prende suspeito com drogas, armas e muni\u00e7\u00f5es em Padre Para\u00edso","datePublished":"2017-07-18T01:40:05+00:00","dateModified":"2026-09-02T16:34:29+00:00","mainEntityOfPage":{"@id":"https:\/\/aconteceunovale.com.br\/portal\/?p=119148"},"wordCount":431,"commentCount":0,"image":{"@id":"https:\/\/aconteceunovale.com.br\/portal\/?p=119148#primaryimage"},"thumbnailUrl":"https:\/\/aconteceunovale.com.br\/portal\/wp-content\/uploads\/2017\/07\/armas_pp_1.jpg","keywords":["Apreens\u00e3o de armas em Padre Para\u00edso","Apreens\u00e3o de drogas em Padre Para\u00edso","Armas apreendidas em Padre Para\u00edso","Droga apreendida em Padre Para\u00edso","Padre Para\u00edso","Pedra Azul","Pol\u00edcia Militar prende suspeito com drogas armas e muni\u00e7\u00f5es em Padre Para\u00edso","Traficante preso em Padre Para\u00edso","tr\u00e1fico de drogas em Padre Para\u00edso","Tr\u00e1fico em Padre Para\u00edso"],"articleSection":["Padre Para\u00edso","Vale do Jequitinhonha"],"inLanguage":"pt-BR","potentialAction":[{"@type":"CommentAction","name":"Comment","target":["https:\/\/aconteceunovale.com.br\/portal\/?p=119148#respond"]}]},{"@type":"WebPage","@id":"https:\/\/aconteceunovale.com.br\/portal\/?p=119148","url":"https:\/\/aconteceunovale.com.br\/portal\/?p=119148","name":"Pol\u00edcia Militar prende suspeito com drogas, armas e muni\u00e7\u00f5es em Padre Para\u00edso - Aconteceu no Vale","isPartOf":{"@id":"https:\/\/aconteceunovale.com.br\/portal\/#website"},"primaryImageOfPage":{"@id":"https:\/\/aconteceunovale.com.br\/portal\/?p=119148#primaryimage"},"image":{"@id":"https:\/\/aconteceunovale.com.br\/portal\/?p=119148#primaryimage"},"thumbnailUrl":"https:\/\/aconteceunovale.com.br\/portal\/wp-content\/uploads\/2017\/07\/armas_pp_1.jpg","datePublished":"2017-07-18T01:40:05+00:00","dateModified":"2026-09-02T16:34:29+00:00","author":{"@id":"https:\/\/aconteceunovale.com.br\/portal\/#\/schema\/person\/633529146f2c94272bef50ac2953d589"},"breadcrumb":{"@id":"https:\/\/aconteceunovale.com.br\/portal\/?p=119148#breadcrumb"},"inLanguage":"pt-BR","potentialAction":[{"@type":"ReadAction","target":["https:\/\/aconteceunovale.com.br\/portal\/?p=119148"]}]},{"@type":"ImageObject","inLanguage":"pt-BR","@id":"https:\/\/aconteceunovale.com.br\/portal\/?p=119148#primaryimage","url":"https:\/\/aconteceunovale.com.br\/portal\/wp-content\/uploads\/2017\/07\/armas_pp_1.jpg","contentUrl":"https:\/\/aconteceunovale.com.br\/portal\/wp-content\/uploads\/2017\/07\/armas_pp_1.jpg","width":678,"height":381},{"@type":"BreadcrumbList","@id":"https:\/\/aconteceunovale.com.br\/portal\/?p=119148#breadcrumb","itemListElement":[{"@type":"ListItem","position":1,"name":"In\u00edcio","item":"https:\/\/aconteceunovale.com.br\/portal\/"},{"@type":"ListItem","position":2,"name":"Pol\u00edcia Militar prende suspeito com drogas, armas e muni\u00e7\u00f5es em Padre Para\u00edso"}]},{"@type":"WebSite","@id":"https:\/\/aconteceunovale.com.br\/portal\/#website","url":"https:\/\/aconteceunovale.com.br\/portal\/","name":"Aconteceu no Vale","description":"Portal de Not\u00edcias","potentialAction":[{"@type":"SearchAction","target":{"@type":"EntryPoint","urlTemplate":"https:\/\/aconteceunovale.com.br\/portal\/?s={search_term_string}"},"query-input":{"@type":"PropertyValueSpecification","valueRequired":true,"valueName":"search_term_string"}}],"inLanguage":"pt-BR"},{"@type":"Person","@id":"https:\/\/aconteceunovale.com.br\/portal\/#\/schema\/person\/633529146f2c94272bef50ac2953d589","name":"Aconteceu no Vale","description":"Equipe de reportagem do Aconteceu no Vale, portal de not\u00edcias do Vale do Jequitinhonha, em Minas Gerais. Cobrimos as 51 cidades do Vale desde 2013. Sugest\u00f5es de pauta e pedidos de corre\u00e7\u00e3o: contato@aconteceunovale.com.br","sameAs":["http:\/\/www.aconteceunovale.com.br"],"url":"https:\/\/aconteceunovale.com.br\/portal\/?author=1"}]}},"_links":{"self":[{"href":"https:\/\/aconteceunovale.com.br\/portal\/index.php?rest_route=\/wp\/v2\/posts\/119148","targetHints":{"allow":["GET"]}}],"collection":[{"href":"https:\/\/aconteceunovale.com.br\/portal\/index.php?rest_route=\/wp\/v2\/posts"}],"about":[{"href":"https:\/\/aconteceunovale.com.br\/portal\/index.php?rest_route=\/wp\/v2\/types\/post"}],"author":[{"embeddable":true,"href":"https:\/\/aconteceunovale.com.br\/portal\/index.php?rest_route=\/wp\/v2\/users\/1"}],"replies":[{"embeddable":true,"href":"https:\/\/aconteceunovale.com.br\/portal\/index.php?rest_route=%2Fwp%2Fv2%2Fcomments&post=119148"}],"version-history":[{"count":1,"href":"https:\/\/aconteceunovale.com.br\/portal\/index.php?rest_route=\/wp\/v2\/posts\/119148\/revisions"}],"predecessor-version":[{"id":201534,"href":"https:\/\/aconteceunovale.com.br\/portal\/index.php?rest_route=\/wp\/v2\/posts\/119148\/revisions\/201534"}],"wp:featuredmedia":[{"embeddable":true,"href":"https:\/\/aconteceunovale.com.br\/portal\/index.php?rest_route=\/wp\/v2\/media\/119149"}],"wp:attachment":[{"href":"https:\/\/aconteceunovale.com.br\/portal\/index.php?rest_route=%2Fwp%2Fv2%2Fmedia&parent=119148"}],"wp:term":[{"taxonomy":"category","embeddable":true,"href":"https:\/\/aconteceunovale.com.br\/portal\/index.php?rest_route=%2Fwp%2Fv2%2Fcategories&post=119148"},{"taxonomy":"post_tag","embeddable":true,"href":"https:\/\/aconteceunovale.com.br\/portal\/index.php?rest_route=%2Fwp%2Fv2%2Ftags&post=119148"}],"curies":[{"name":"wp","href":"https:\/\/api.w.org\/{rel}","templated":true}]}}