{"id":119144,"date":"2017-07-17T22:57:38","date_gmt":"2017-07-18T00:57:38","guid":{"rendered":"http:\/\/aconteceunovale.com.br\/portal\/?p=119144"},"modified":"2017-07-17T22:57:38","modified_gmt":"2017-07-18T00:57:38","slug":"cantor-eduardo-costa-exige-privilegios-de-municipio-mineiro-por-ser-famoso-revela-audio","status":"publish","type":"post","link":"https:\/\/aconteceunovale.com.br\/portal\/?p=119144","title":{"rendered":"Cantor Eduardo Costa exige privil\u00e9gios de munic\u00edpio mineiro por ser famoso, revela \u00e1udio"},"content":{"rendered":"<p>Um \u00e1udio vazado mostra o cantor Eduardo Costa reclamando por telefone com uma funcion\u00e1ria municipal da regi\u00e3o de Capit\u00f3lio, em Minas Gerais, que a prefeitura n\u00e3o estaria aceitando comprar uma casa para ele nem contratar seguran\u00e7as para resguardar sua resid\u00eancia. A grava\u00e7\u00e3o foi divulgada pelo jornalista Leo Dias no programa Fofocalizando, do SBT.<\/p>\n<p>O cantor come\u00e7a dizendo que tem muito prazer em viver na regi\u00e3o, mas que se sente desvalorizado pelas prefeituras locais. &#8220;Tudo \u00e9 muito dif\u00edcil com a prefeitura da\u00ed&#8221;, diz Eduardo.<\/p>\n<p>Ao reclamar da seguran\u00e7a, ele relata que j\u00e1 teve pessoas que invadiram sua casa e que a prefeitura &#8220;n\u00e3o forneceu nem os seguran\u00e7as para ficarem na porta da gente&#8221;.<\/p>\n<p><strong>Confira as reclama\u00e7\u00f5es do cantor:<\/strong><\/p>\n<p><iframe loading=\"lazy\" width=\"640\" height=\"360\" src=\"https:\/\/www.youtube.com\/embed\/3lfC_Z-CVTQ\" frameborder=\"0\" allowfullscreen><\/iframe><br \/>\n<\/br><\/p>\n<p>As reclama\u00e7\u00f5es n\u00e3o param por a\u00ed. Ele diz que tem dificuldade para comprar uma casa na regi\u00e3o, pois, segundo ele, os vendedores cobram mais quando descobrem que ele \u00e9 o comprador.<\/p>\n<p>&#8220;A prefeitura nunca me auxiliou, prefeito nenhum nunca chegou e falou: &#8216;Olha, Eduardo, vamos arrumar uma casa top para voc\u00ea, vamos arrumar um pre\u00e7o mais bacana para voc\u00ea'&#8221;, reclama.<\/p>\n<p>Em sua vis\u00e3o, ele d\u00e1 muita visibilidade para a regi\u00e3o e isso potencializa o turismo. Sendo assim, ele considera que a prefeitura deveria benefici\u00e1-lo como contrapartida: &#8220;Eu preciso que as pessoas me auxiliem e eu tenho o maior prazer de ajudar a regi\u00e3o de Furnas, de Escarpas [do Lago], mas eu preciso que essas pessoas me auxiliem&#8221;.<\/p>\n<p>&#8220;Se esse povo se unisse e dissesse: &#8216;Vamos comprar uma casa para o Eduardo aqui, vamos dar um neg\u00f3cio top aqui&#8217;, eles poderiam se juntar para me ajudar, mas ningu\u00e9m quer fazer&#8221;, confessa.<\/p>\n<p>Eduardo termina fazendo uma confiss\u00e3o \u00e0 funcion\u00e1ria p\u00fablica: a prefeitura de Florian\u00f3polis j\u00e1 teria oferecido uma cobertura para ele se mudar de Minas Gerais.<\/p>\n<p>&#8220;Eu ganhei da prefeitura de Florian\u00f3polis, do prefeito e de uma construtora, uma cobertura de frente para o mar, s\u00f3 que eu vou ter que morar l\u00e1 por quatro anos, frequentar l\u00e1, fazer os programas de televis\u00e3o l\u00e1, porque eles querem turismo e eu posso levar isso para Escarpas [do Lago] tamb\u00e9m, s\u00f3 que eu preciso que me ajudem&#8221;.<\/p>\n<p><strong>Outro lado<\/strong><\/p>\n<p>Eduardo Costa, por interm\u00e9dio de sua assessoria de imprensa, esclarece o \u00e1udio que tem circulado na internet: O cantor j\u00e1 teve im\u00f3vel na regi\u00e3o de Capit\u00f3lio\/MG e durante dez anos foi frequentador ass\u00edduo da represa de Furnas\/MG, lugar que admira. Recentemente optou por investir numa propriedade rural no interior do Rio de Janeiro. Devido aos poucos dias de folga e por estar envolvido na cria\u00e7\u00e3o de cavalos, Eduardo se afastou da regi\u00e3o. Questionado sobre isso, falou do novo neg\u00f3cio. O cantor foi procurado por diversas vezes por investidores imobili\u00e1rios para promover o empreendimento e foi esta refer\u00eancia que tentou fazer quando citou um im\u00f3vel no \u00e1udio. &#8220;Eu sou mineiro e amo minhas Minas Gerais e sempre irei expor este carinho. Confesso ter sido infeliz na coloca\u00e7\u00e3o e n\u00e3o ter me expressado como deveria&#8221; diz ele. Eduardo ainda conclui: &#8220;Vivendo e aprendendo&#8221;.<\/p>\n<p><strong>VER PRIMEIRO<\/strong><\/p>\n<p>Receba as not\u00edcias do Aconteceu no Vale em primeira m\u00e3o. Clique em curtir no endere\u00e7o <a href=\"https:\/\/www.facebook.com\/aconteceunovale\" target=\"_blank\"><font color=\"red\">www.facebook.com\/aconteceunovale<\/font><\/a> ou no box abaixo:<\/p>\n<div class=\"fb-like\" data-href=\"https:\/\/www.facebook.com\/aconteceunovale\" data-width=\"120\" data-layout=\"standard\" data-action=\"like\" data-size=\"small\" data-show-faces=\"true\" data-share=\"true\"><\/div>\n<p><\/br><\/p>\n<p><em>(Fonte: Ag\u00eancia Estado, via O Tempo)<\/em><\/p>\n","protected":false},"excerpt":{"rendered":"<p>Um \u00e1udio vazado mostra o cantor Eduardo Costa reclamando por telefone com uma funcion\u00e1ria municipal da regi\u00e3o de Capit\u00f3lio, em Minas Gerais, que a prefeitura n\u00e3o estaria aceitando comprar uma casa para ele nem contratar seguran\u00e7as para resguardar sua resid\u00eancia. A grava\u00e7\u00e3o foi divulgada pelo jornalista Leo Dias no programa Fofocalizando, do SBT. O cantor [&hellip;]<\/p>\n","protected":false},"author":1,"featured_media":119146,"comment_status":"closed","ping_status":"closed","sticky":false,"template":"","format":"standard","meta":{"amp_status":"","footnotes":""},"categories":[123],"tags":[156092,156096,156094,156099,4890,26264,156097,156098,156093,156095,85125],"class_list":["post-119144","post","type-post","status-publish","format-standard","has-post-thumbnail","hentry","category-gerais","tag-audio-eduardo-costa-capitolio","tag-cantor-eduardo-costa-exige-privilegios-de-capitolio-por-ser-famoso","tag-cantor-eduardo-costa-exige-privilegios-de-cidade-mineira-por-ser-famoso","tag-cantor-eduardo-costa-exige-privilegios-de-municipio-mineiro-por-ser-famoso","tag-capitolio","tag-eduardo-costa","tag-fofocalizando","tag-leo-dias","tag-reclamacao-eduardo-costa-capitolio","tag-revela-audio","tag-sbt"],"_links":{"self":[{"href":"https:\/\/aconteceunovale.com.br\/portal\/index.php?rest_route=\/wp\/v2\/posts\/119144","targetHints":{"allow":["GET"]}}],"collection":[{"href":"https:\/\/aconteceunovale.com.br\/portal\/index.php?rest_route=\/wp\/v2\/posts"}],"about":[{"href":"https:\/\/aconteceunovale.com.br\/portal\/index.php?rest_route=\/wp\/v2\/types\/post"}],"author":[{"embeddable":true,"href":"https:\/\/aconteceunovale.com.br\/portal\/index.php?rest_route=\/wp\/v2\/users\/1"}],"replies":[{"embeddable":true,"href":"https:\/\/aconteceunovale.com.br\/portal\/index.php?rest_route=%2Fwp%2Fv2%2Fcomments&post=119144"}],"version-history":[{"count":0,"href":"https:\/\/aconteceunovale.com.br\/portal\/index.php?rest_route=\/wp\/v2\/posts\/119144\/revisions"}],"wp:featuredmedia":[{"embeddable":true,"href":"https:\/\/aconteceunovale.com.br\/portal\/index.php?rest_route=\/wp\/v2\/media\/119146"}],"wp:attachment":[{"href":"https:\/\/aconteceunovale.com.br\/portal\/index.php?rest_route=%2Fwp%2Fv2%2Fmedia&parent=119144"}],"wp:term":[{"taxonomy":"category","embeddable":true,"href":"https:\/\/aconteceunovale.com.br\/portal\/index.php?rest_route=%2Fwp%2Fv2%2Fcategories&post=119144"},{"taxonomy":"post_tag","embeddable":true,"href":"https:\/\/aconteceunovale.com.br\/portal\/index.php?rest_route=%2Fwp%2Fv2%2Ftags&post=119144"}],"curies":[{"name":"wp","href":"https:\/\/api.w.org\/{rel}","templated":true}]}}