{"id":119136,"date":"2017-07-17T22:28:50","date_gmt":"2017-07-18T00:28:50","guid":{"rendered":"http:\/\/aconteceunovale.com.br\/portal\/?p=119136"},"modified":"2017-07-17T22:28:50","modified_gmt":"2017-07-18T00:28:50","slug":"identificadas-as-vitimas-da-tragedia-na-br-116-em-itambacuri","status":"publish","type":"post","link":"https:\/\/aconteceunovale.com.br\/portal\/?p=119136","title":{"rendered":"Identificadas as v\u00edtimas da trag\u00e9dia na BR-116, em Itambacuri"},"content":{"rendered":"<p>Uma trag\u00e9dia tirou a vida de sete pessoas no fim da tarde desse domingo (16\/07\/2017) ap\u00f3s uma batida violenta envolvendo tr\u00eas ve\u00edculos na BR-116, em Itambacuri (MG).  Das oito pessoas que estavam em uma moto, uma carreta e um carro, apenas o motorista do ve\u00edculo pesado sobreviveu. <\/p>\n<p>Segundo a vers\u00e3o do condutor da carreta, que estava carregada com polietileno, dada \u00e0 Pol\u00edcia Rodovi\u00e1ria Federal (PRF) e ao Corpo de Bombeiros, ele seguia em dire\u00e7\u00e3o a Governador Valadares quando foi surpreendido pela moto desgovernada no sentido contr\u00e1rio da BR-116, na contram\u00e3o de dire\u00e7\u00e3o.<\/p>\n<p>Ele teria tentado evitar a batida, mas n\u00e3o conseguiu e ainda acertou uma Parati que tamb\u00e9m estava no sentido contr\u00e1rio, em dire\u00e7\u00e3o a Te\u00f3filo Otoni. Uma das hip\u00f3teses levantadas pelo pr\u00f3prio motorista do caminh\u00e3o para a batida \u00e9 um poss\u00edvel deslocamento de ar que pode ter desequilibrado a moto no momento em que ela cruzou com um caminh\u00e3o ba\u00fa, momentos antes de encontrar a carreta.<\/p>\n<p><img decoding=\"async\" src=\"http:\/\/aconteceunovale.com.br\/portal\/wp-content\/uploads\/2017\/07\/acidente_116_itambacuri_1.jpg\" alt=\"\" \/><em>Acidente aconteceu na BR-116, em Itambacuri (Foto: Divulga\u00e7\u00e3o\/Bombeiros)<\/em><br \/>\n<\/br><\/p>\n<p>A motocicleta, cujos dois ocupantes seriam de Itambacuri, ficou completamente destru\u00edda e pegou fogo ap\u00f3s a batida. J\u00e1 os ocupantes da Parati seriam de Nanuque, no Vale do Mucuri. Todos os nomes das pessoas que morreram foram confirmados: Herick Amorim Medina, de 20 anos, e a mulher dele, Gabriella Silva Soares, de 19, Cleber Ferreira Cardoso, de 37, Ana Maria Lopes da Costa, de 27, e o garoto Lincon Salatiel Costa Cardoso, de 8, estavam na Parati. Markelly Cristina dos Santos Sousa, de 28, e Olavo Lopes dos Santos, de 56, estavam na moto. <\/p>\n<p>Os corpos foram encaminhados ao Instituto M\u00e9dico Legal (IML) em Te\u00f3filo Otoni, onde foram realizados exames necrosc\u00f3picos. O motorista do caminh\u00e3o teve ferimentos leves nas m\u00e3os, passou pelo teste do baf\u00f4metro e n\u00e3o havia ingerido bebidas alco\u00f3licas. As causas da trag\u00e9dia ser\u00e3o investigadas.<\/p>\n<p><img decoding=\"async\" src=\"http:\/\/aconteceunovale.com.br\/portal\/wp-content\/uploads\/2017\/07\/acidente_116_itambacuri_2.jpg\" alt=\"\" \/><em>Acidente aconteceu na BR-116, em Itambacuri (Foto: Divulga\u00e7\u00e3o\/Bombeiros)<\/em><br \/>\n<\/br><\/p>\n<p><img decoding=\"async\" src=\"http:\/\/aconteceunovale.com.br\/portal\/wp-content\/uploads\/2017\/07\/acidente_116_itambacuri_3.jpg\" alt=\"\" \/><em>Acidente aconteceu na BR-116, em Itambacuri (Foto: Divulga\u00e7\u00e3o\/Bombeiros)<\/em><br \/>\n<\/br><\/p>\n<p><strong>VER PRIMEIRO<\/strong><\/p>\n<p>Receba as not\u00edcias do Aconteceu no Vale em primeira m\u00e3o. Clique em curtir no endere\u00e7o <a href=\"https:\/\/www.facebook.com\/aconteceunovale\" target=\"_blank\"><font color=\"red\">www.facebook.com\/aconteceunovale<\/font><\/a> ou no box abaixo:<\/p>\n<div class=\"fb-like\" data-href=\"https:\/\/www.facebook.com\/aconteceunovale\" data-width=\"120\" data-layout=\"standard\" data-action=\"like\" data-size=\"small\" data-show-faces=\"true\" data-share=\"true\"><\/div>\n<p><\/br><\/p>\n<p><em>(Com informa\u00e7\u00f5es do Estado de Minas)<\/em><\/p>\n","protected":false},"excerpt":{"rendered":"<p>Uma trag\u00e9dia tirou a vida de sete pessoas no fim da tarde desse domingo (16\/07\/2017) ap\u00f3s uma batida violenta envolvendo tr\u00eas ve\u00edculos na BR-116, em Itambacuri (MG). Das oito pessoas que estavam em uma moto, uma carreta e um carro, apenas o motorista do ve\u00edculo pesado sobreviveu. Segundo a vers\u00e3o do condutor da carreta, que [&hellip;]<\/p>\n","protected":false},"author":1,"featured_media":119137,"comment_status":"open","ping_status":"closed","sticky":false,"template":"","format":"standard","meta":{"amp_status":"","footnotes":""},"categories":[121,122],"tags":[46962,156019,3945,34495,75238,23211,156083,156017,156018,156082,1018,136136,156081,156087,156088,188,156084,156085,252,156086,78501,156020,156021,164],"class_list":["post-119136","post","type-post","status-publish","format-standard","has-post-thumbnail","hentry","category-leste","category-mucuri","tag-acidente-em-itambacuri","tag-acidente-entre-carro-e-carreta-na-br-116","tag-acidente-na-br-116","tag-acidente-na-br-116-em-itambacuri","tag-acidente-perto-de-itambacuri","tag-acidente-perto-de-teofilo-otoni","tag-ana-maria-lopes-da-costa","tag-cinco-pessoas-morrem-em-grave-acidente-na-br-116","tag-cinco-pessoas-morrem-em-grave-acidente-na-br-116-proximo-a-itambacuri","tag-cleber-ferreira-cardoso","tag-destaque","tag-em-itambacuri","tag-gabriella-silva-soares","tag-identificadas-as-vitimas-da-tragedia-na-br-116","tag-identificadas-as-vitimas-da-tragedia-na-br-116-em-itambacuri","tag-itambacuri","tag-lincon-salatiel-costa-cardoso","tag-markelly-cristina-dos-santos-sousa","tag-nanuque","tag-olavo-lopes-dos-santos","tag-proximo-a-itambacuri","tag-sete-pessoas-morrem-em-grave-acidente-na-br-116","tag-sete-pessoas-morrem-em-grave-acidente-na-br-116-proximo-a-itambacuri","tag-teofilo-otoni"],"yoast_head":"<!-- This site is optimized with the Yoast SEO plugin v28.3 - https:\/\/yoast.com\/product\/yoast-seo-wordpress\/ -->\n<title>Identificadas as v\u00edtimas da trag\u00e9dia na BR-116, em Itambacuri - Aconteceu no Vale<\/title>\n<meta name=\"robots\" content=\"index, follow, max-snippet:-1, max-image-preview:large, max-video-preview:-1\" \/>\n<link rel=\"canonical\" href=\"https:\/\/aconteceunovale.com.br\/portal\/?p=119136\" \/>\n<meta property=\"og:locale\" content=\"pt_BR\" \/>\n<meta property=\"og:type\" content=\"article\" \/>\n<meta property=\"og:title\" content=\"Identificadas as v\u00edtimas da trag\u00e9dia na BR-116, em Itambacuri - Aconteceu no Vale\" \/>\n<meta property=\"og:description\" content=\"Uma trag\u00e9dia tirou a vida de sete pessoas no fim da tarde desse domingo (16\/07\/2017) ap\u00f3s uma batida violenta envolvendo tr\u00eas ve\u00edculos na BR-116, em Itambacuri (MG). Das oito pessoas que estavam em uma moto, uma carreta e um carro, apenas o motorista do ve\u00edculo pesado sobreviveu. Segundo a vers\u00e3o do condutor da carreta, que [&hellip;]\" \/>\n<meta property=\"og:url\" content=\"https:\/\/aconteceunovale.com.br\/portal\/?p=119136\" \/>\n<meta property=\"og:site_name\" content=\"Aconteceu no Vale\" \/>\n<meta property=\"article:publisher\" content=\"https:\/\/www.facebook.com\/aconteceunovale\/\" \/>\n<meta property=\"article:published_time\" content=\"2017-07-18T00:28:50+00:00\" \/>\n<meta property=\"og:image\" content=\"https:\/\/aconteceunovale.com.br\/portal\/wp-content\/uploads\/2017\/07\/acidente_116_itambacuri_1.jpg\" \/>\n\t<meta property=\"og:image:width\" content=\"678\" \/>\n\t<meta property=\"og:image:height\" content=\"380\" \/>\n\t<meta property=\"og:image:type\" content=\"image\/jpeg\" \/>\n<meta name=\"author\" content=\"Aconteceu no Vale\" \/>\n<meta name=\"twitter:card\" content=\"summary_large_image\" \/>\n<meta name=\"twitter:creator\" content=\"@noticiadosvales\" \/>\n<meta name=\"twitter:site\" content=\"@noticiadosvales\" \/>\n<meta name=\"twitter:label1\" content=\"Escrito por\" \/>\n\t<meta name=\"twitter:data1\" content=\"Aconteceu no Vale\" \/>\n\t<meta name=\"twitter:label2\" content=\"Est. tempo de leitura\" \/>\n\t<meta name=\"twitter:data2\" content=\"2 minutos\" \/>\n<script type=\"application\/ld+json\" class=\"yoast-schema-graph\">{\"@context\":\"https:\\\/\\\/schema.org\",\"@graph\":[{\"@type\":\"Article\",\"@id\":\"https:\\\/\\\/aconteceunovale.com.br\\\/portal\\\/?p=119136#article\",\"isPartOf\":{\"@id\":\"https:\\\/\\\/aconteceunovale.com.br\\\/portal\\\/?p=119136\"},\"author\":{\"name\":\"Aconteceu no Vale\",\"@id\":\"https:\\\/\\\/aconteceunovale.com.br\\\/portal\\\/#\\\/schema\\\/person\\\/633529146f2c94272bef50ac2953d589\"},\"headline\":\"Identificadas as v\u00edtimas da trag\u00e9dia na BR-116, em Itambacuri\",\"datePublished\":\"2017-07-18T00:28:50+00:00\",\"mainEntityOfPage\":{\"@id\":\"https:\\\/\\\/aconteceunovale.com.br\\\/portal\\\/?p=119136\"},\"wordCount\":394,\"commentCount\":0,\"image\":{\"@id\":\"https:\\\/\\\/aconteceunovale.com.br\\\/portal\\\/?p=119136#primaryimage\"},\"thumbnailUrl\":\"https:\\\/\\\/aconteceunovale.com.br\\\/portal\\\/wp-content\\\/uploads\\\/2017\\\/07\\\/acidente_116_itambacuri_1.jpg\",\"keywords\":[\"acidente em itambacuri\",\"Acidente entre carro e carreta na BR 116\",\"acidente na br-116\",\"acidente na BR-116 em Itambacuri\",\"acidente perto de Itambacuri\",\"acidente perto de te\u00f3filo otoni\",\"Ana Maria Lopes da Costa\",\"Cinco pessoas morrem em grave acidente na BR-116\",\"Cinco pessoas morrem em grave acidente na BR-116 pr\u00f3ximo a Itambacuri\",\"Cleber Ferreira Cardoso\",\"destaque\",\"em Itambacuri\",\"Gabriella Silva Soares\",\"Identificadas as v\u00edtimas da trag\u00e9dia na BR-116\",\"Identificadas as v\u00edtimas da trag\u00e9dia na BR-116 em Itambacuri\",\"Itambacuri\",\"Lincon Salatiel Costa Cardoso\",\"Markelly Cristina dos Santos Sousa\",\"Nanuque\",\"Olavo Lopes dos Santos\",\"pr\u00f3ximo a Itambacuri\",\"Sete pessoas morrem em grave acidente na BR-116\",\"Sete pessoas morrem em grave acidente na BR-116 pr\u00f3ximo a Itambacuri\",\"Te\u00f3filo Otoni\"],\"articleSection\":[\"Leste de Minas\",\"Vale do Mucuri\"],\"inLanguage\":\"pt-BR\",\"potentialAction\":[{\"@type\":\"CommentAction\",\"name\":\"Comment\",\"target\":[\"https:\\\/\\\/aconteceunovale.com.br\\\/portal\\\/?p=119136#respond\"]}]},{\"@type\":\"WebPage\",\"@id\":\"https:\\\/\\\/aconteceunovale.com.br\\\/portal\\\/?p=119136\",\"url\":\"https:\\\/\\\/aconteceunovale.com.br\\\/portal\\\/?p=119136\",\"name\":\"Identificadas as v\u00edtimas da trag\u00e9dia na BR-116, em Itambacuri - Aconteceu no Vale\",\"isPartOf\":{\"@id\":\"https:\\\/\\\/aconteceunovale.com.br\\\/portal\\\/#website\"},\"primaryImageOfPage\":{\"@id\":\"https:\\\/\\\/aconteceunovale.com.br\\\/portal\\\/?p=119136#primaryimage\"},\"image\":{\"@id\":\"https:\\\/\\\/aconteceunovale.com.br\\\/portal\\\/?p=119136#primaryimage\"},\"thumbnailUrl\":\"https:\\\/\\\/aconteceunovale.com.br\\\/portal\\\/wp-content\\\/uploads\\\/2017\\\/07\\\/acidente_116_itambacuri_1.jpg\",\"datePublished\":\"2017-07-18T00:28:50+00:00\",\"author\":{\"@id\":\"https:\\\/\\\/aconteceunovale.com.br\\\/portal\\\/#\\\/schema\\\/person\\\/633529146f2c94272bef50ac2953d589\"},\"breadcrumb\":{\"@id\":\"https:\\\/\\\/aconteceunovale.com.br\\\/portal\\\/?p=119136#breadcrumb\"},\"inLanguage\":\"pt-BR\",\"potentialAction\":[{\"@type\":\"ReadAction\",\"target\":[\"https:\\\/\\\/aconteceunovale.com.br\\\/portal\\\/?p=119136\"]}]},{\"@type\":\"ImageObject\",\"inLanguage\":\"pt-BR\",\"@id\":\"https:\\\/\\\/aconteceunovale.com.br\\\/portal\\\/?p=119136#primaryimage\",\"url\":\"https:\\\/\\\/aconteceunovale.com.br\\\/portal\\\/wp-content\\\/uploads\\\/2017\\\/07\\\/acidente_116_itambacuri_1.jpg\",\"contentUrl\":\"https:\\\/\\\/aconteceunovale.com.br\\\/portal\\\/wp-content\\\/uploads\\\/2017\\\/07\\\/acidente_116_itambacuri_1.jpg\",\"width\":678,\"height\":380},{\"@type\":\"BreadcrumbList\",\"@id\":\"https:\\\/\\\/aconteceunovale.com.br\\\/portal\\\/?p=119136#breadcrumb\",\"itemListElement\":[{\"@type\":\"ListItem\",\"position\":1,\"name\":\"In\u00edcio\",\"item\":\"https:\\\/\\\/aconteceunovale.com.br\\\/portal\\\/\"},{\"@type\":\"ListItem\",\"position\":2,\"name\":\"Identificadas as v\u00edtimas da trag\u00e9dia na BR-116, em Itambacuri\"}]},{\"@type\":\"WebSite\",\"@id\":\"https:\\\/\\\/aconteceunovale.com.br\\\/portal\\\/#website\",\"url\":\"https:\\\/\\\/aconteceunovale.com.br\\\/portal\\\/\",\"name\":\"Aconteceu no Vale\",\"description\":\"Portal de Not\u00edcias\",\"potentialAction\":[{\"@type\":\"SearchAction\",\"target\":{\"@type\":\"EntryPoint\",\"urlTemplate\":\"https:\\\/\\\/aconteceunovale.com.br\\\/portal\\\/?s={search_term_string}\"},\"query-input\":{\"@type\":\"PropertyValueSpecification\",\"valueRequired\":true,\"valueName\":\"search_term_string\"}}],\"inLanguage\":\"pt-BR\"},{\"@type\":\"Person\",\"@id\":\"https:\\\/\\\/aconteceunovale.com.br\\\/portal\\\/#\\\/schema\\\/person\\\/633529146f2c94272bef50ac2953d589\",\"name\":\"Aconteceu no Vale\",\"description\":\"Equipe de reportagem do Aconteceu no Vale, portal de not\u00edcias do Vale do Jequitinhonha, em Minas Gerais. Cobrimos as 51 cidades do Vale desde 2013. Sugest\u00f5es de pauta e pedidos de corre\u00e7\u00e3o: contato@aconteceunovale.com.br\",\"sameAs\":[\"http:\\\/\\\/www.aconteceunovale.com.br\"],\"url\":\"https:\\\/\\\/aconteceunovale.com.br\\\/portal\\\/?author=1\"}]}<\/script>\n<!-- \/ Yoast SEO plugin. -->","yoast_head_json":{"title":"Identificadas as v\u00edtimas da trag\u00e9dia na BR-116, em Itambacuri - Aconteceu no Vale","robots":{"index":"index","follow":"follow","max-snippet":"max-snippet:-1","max-image-preview":"max-image-preview:large","max-video-preview":"max-video-preview:-1"},"canonical":"https:\/\/aconteceunovale.com.br\/portal\/?p=119136","og_locale":"pt_BR","og_type":"article","og_title":"Identificadas as v\u00edtimas da trag\u00e9dia na BR-116, em Itambacuri - Aconteceu no Vale","og_description":"Uma trag\u00e9dia tirou a vida de sete pessoas no fim da tarde desse domingo (16\/07\/2017) ap\u00f3s uma batida violenta envolvendo tr\u00eas ve\u00edculos na BR-116, em Itambacuri (MG). Das oito pessoas que estavam em uma moto, uma carreta e um carro, apenas o motorista do ve\u00edculo pesado sobreviveu. Segundo a vers\u00e3o do condutor da carreta, que [&hellip;]","og_url":"https:\/\/aconteceunovale.com.br\/portal\/?p=119136","og_site_name":"Aconteceu no Vale","article_publisher":"https:\/\/www.facebook.com\/aconteceunovale\/","article_published_time":"2017-07-18T00:28:50+00:00","og_image":[{"width":678,"height":380,"url":"https:\/\/aconteceunovale.com.br\/portal\/wp-content\/uploads\/2017\/07\/acidente_116_itambacuri_1.jpg","type":"image\/jpeg"}],"author":"Aconteceu no Vale","twitter_card":"summary_large_image","twitter_creator":"@noticiadosvales","twitter_site":"@noticiadosvales","twitter_misc":{"Escrito por":"Aconteceu no Vale","Est. tempo de leitura":"2 minutos"},"schema":{"@context":"https:\/\/schema.org","@graph":[{"@type":"Article","@id":"https:\/\/aconteceunovale.com.br\/portal\/?p=119136#article","isPartOf":{"@id":"https:\/\/aconteceunovale.com.br\/portal\/?p=119136"},"author":{"name":"Aconteceu no Vale","@id":"https:\/\/aconteceunovale.com.br\/portal\/#\/schema\/person\/633529146f2c94272bef50ac2953d589"},"headline":"Identificadas as v\u00edtimas da trag\u00e9dia na BR-116, em Itambacuri","datePublished":"2017-07-18T00:28:50+00:00","mainEntityOfPage":{"@id":"https:\/\/aconteceunovale.com.br\/portal\/?p=119136"},"wordCount":394,"commentCount":0,"image":{"@id":"https:\/\/aconteceunovale.com.br\/portal\/?p=119136#primaryimage"},"thumbnailUrl":"https:\/\/aconteceunovale.com.br\/portal\/wp-content\/uploads\/2017\/07\/acidente_116_itambacuri_1.jpg","keywords":["acidente em itambacuri","Acidente entre carro e carreta na BR 116","acidente na br-116","acidente na BR-116 em Itambacuri","acidente perto de Itambacuri","acidente perto de te\u00f3filo otoni","Ana Maria Lopes da Costa","Cinco pessoas morrem em grave acidente na BR-116","Cinco pessoas morrem em grave acidente na BR-116 pr\u00f3ximo a Itambacuri","Cleber Ferreira Cardoso","destaque","em Itambacuri","Gabriella Silva Soares","Identificadas as v\u00edtimas da trag\u00e9dia na BR-116","Identificadas as v\u00edtimas da trag\u00e9dia na BR-116 em Itambacuri","Itambacuri","Lincon Salatiel Costa Cardoso","Markelly Cristina dos Santos Sousa","Nanuque","Olavo Lopes dos Santos","pr\u00f3ximo a Itambacuri","Sete pessoas morrem em grave acidente na BR-116","Sete pessoas morrem em grave acidente na BR-116 pr\u00f3ximo a Itambacuri","Te\u00f3filo Otoni"],"articleSection":["Leste de Minas","Vale do Mucuri"],"inLanguage":"pt-BR","potentialAction":[{"@type":"CommentAction","name":"Comment","target":["https:\/\/aconteceunovale.com.br\/portal\/?p=119136#respond"]}]},{"@type":"WebPage","@id":"https:\/\/aconteceunovale.com.br\/portal\/?p=119136","url":"https:\/\/aconteceunovale.com.br\/portal\/?p=119136","name":"Identificadas as v\u00edtimas da trag\u00e9dia na BR-116, em Itambacuri - Aconteceu no Vale","isPartOf":{"@id":"https:\/\/aconteceunovale.com.br\/portal\/#website"},"primaryImageOfPage":{"@id":"https:\/\/aconteceunovale.com.br\/portal\/?p=119136#primaryimage"},"image":{"@id":"https:\/\/aconteceunovale.com.br\/portal\/?p=119136#primaryimage"},"thumbnailUrl":"https:\/\/aconteceunovale.com.br\/portal\/wp-content\/uploads\/2017\/07\/acidente_116_itambacuri_1.jpg","datePublished":"2017-07-18T00:28:50+00:00","author":{"@id":"https:\/\/aconteceunovale.com.br\/portal\/#\/schema\/person\/633529146f2c94272bef50ac2953d589"},"breadcrumb":{"@id":"https:\/\/aconteceunovale.com.br\/portal\/?p=119136#breadcrumb"},"inLanguage":"pt-BR","potentialAction":[{"@type":"ReadAction","target":["https:\/\/aconteceunovale.com.br\/portal\/?p=119136"]}]},{"@type":"ImageObject","inLanguage":"pt-BR","@id":"https:\/\/aconteceunovale.com.br\/portal\/?p=119136#primaryimage","url":"https:\/\/aconteceunovale.com.br\/portal\/wp-content\/uploads\/2017\/07\/acidente_116_itambacuri_1.jpg","contentUrl":"https:\/\/aconteceunovale.com.br\/portal\/wp-content\/uploads\/2017\/07\/acidente_116_itambacuri_1.jpg","width":678,"height":380},{"@type":"BreadcrumbList","@id":"https:\/\/aconteceunovale.com.br\/portal\/?p=119136#breadcrumb","itemListElement":[{"@type":"ListItem","position":1,"name":"In\u00edcio","item":"https:\/\/aconteceunovale.com.br\/portal\/"},{"@type":"ListItem","position":2,"name":"Identificadas as v\u00edtimas da trag\u00e9dia na BR-116, em Itambacuri"}]},{"@type":"WebSite","@id":"https:\/\/aconteceunovale.com.br\/portal\/#website","url":"https:\/\/aconteceunovale.com.br\/portal\/","name":"Aconteceu no Vale","description":"Portal de Not\u00edcias","potentialAction":[{"@type":"SearchAction","target":{"@type":"EntryPoint","urlTemplate":"https:\/\/aconteceunovale.com.br\/portal\/?s={search_term_string}"},"query-input":{"@type":"PropertyValueSpecification","valueRequired":true,"valueName":"search_term_string"}}],"inLanguage":"pt-BR"},{"@type":"Person","@id":"https:\/\/aconteceunovale.com.br\/portal\/#\/schema\/person\/633529146f2c94272bef50ac2953d589","name":"Aconteceu no Vale","description":"Equipe de reportagem do Aconteceu no Vale, portal de not\u00edcias do Vale do Jequitinhonha, em Minas Gerais. Cobrimos as 51 cidades do Vale desde 2013. Sugest\u00f5es de pauta e pedidos de corre\u00e7\u00e3o: contato@aconteceunovale.com.br","sameAs":["http:\/\/www.aconteceunovale.com.br"],"url":"https:\/\/aconteceunovale.com.br\/portal\/?author=1"}]}},"_links":{"self":[{"href":"https:\/\/aconteceunovale.com.br\/portal\/index.php?rest_route=\/wp\/v2\/posts\/119136","targetHints":{"allow":["GET"]}}],"collection":[{"href":"https:\/\/aconteceunovale.com.br\/portal\/index.php?rest_route=\/wp\/v2\/posts"}],"about":[{"href":"https:\/\/aconteceunovale.com.br\/portal\/index.php?rest_route=\/wp\/v2\/types\/post"}],"author":[{"embeddable":true,"href":"https:\/\/aconteceunovale.com.br\/portal\/index.php?rest_route=\/wp\/v2\/users\/1"}],"replies":[{"embeddable":true,"href":"https:\/\/aconteceunovale.com.br\/portal\/index.php?rest_route=%2Fwp%2Fv2%2Fcomments&post=119136"}],"version-history":[{"count":0,"href":"https:\/\/aconteceunovale.com.br\/portal\/index.php?rest_route=\/wp\/v2\/posts\/119136\/revisions"}],"wp:featuredmedia":[{"embeddable":true,"href":"https:\/\/aconteceunovale.com.br\/portal\/index.php?rest_route=\/wp\/v2\/media\/119137"}],"wp:attachment":[{"href":"https:\/\/aconteceunovale.com.br\/portal\/index.php?rest_route=%2Fwp%2Fv2%2Fmedia&parent=119136"}],"wp:term":[{"taxonomy":"category","embeddable":true,"href":"https:\/\/aconteceunovale.com.br\/portal\/index.php?rest_route=%2Fwp%2Fv2%2Fcategories&post=119136"},{"taxonomy":"post_tag","embeddable":true,"href":"https:\/\/aconteceunovale.com.br\/portal\/index.php?rest_route=%2Fwp%2Fv2%2Ftags&post=119136"}],"curies":[{"name":"wp","href":"https:\/\/api.w.org\/{rel}","templated":true}]}}