{"id":119131,"date":"2017-07-17T22:14:57","date_gmt":"2017-07-18T00:14:57","guid":{"rendered":"http:\/\/aconteceunovale.com.br\/portal\/?p=119131"},"modified":"2017-07-17T22:16:26","modified_gmt":"2017-07-18T00:16:26","slug":"caminhoneiro-morre-durante-manifestacao-do-mst-na-br-381","status":"publish","type":"post","link":"https:\/\/aconteceunovale.com.br\/portal\/?p=119131","title":{"rendered":"Caminhoneiro morre durante manifesta\u00e7\u00e3o do MST na BR-381"},"content":{"rendered":"<p>Uma batida entre dois caminh\u00f5es matou um homem no fim da madrugada desta segunda-feira (17\/07\/2017) na altura do quil\u00f4metro 570 da BR-381, em Itatiaiu\u00e7u, na Regi\u00e3o Metropolitana de Belo Horizonte. De acordo com a Pol\u00edcia Rodovi\u00e1ria Federal (PRF), no momento do acidente estava ocorrendo uma manifesta\u00e7\u00e3o do Movimento dos Sem Terra (MST) com interdi\u00e7\u00e3o total das pistas no sentido Capital. <\/p>\n<p>Ainda segundo a corpora\u00e7\u00e3o, os caminh\u00f5es estavam no fim da fila de congestionamento no momento da batida. A suspeita \u00e9 de que o caminhoneiro n\u00e3o tenha conseguido frear o ve\u00edculo a tempo e bateu na traseira de outro. O homem morreu no local. <\/p>\n<p>A manifesta\u00e7\u00e3o, conforme a PRF, era devido a uma ordem de reintegra\u00e7\u00e3o de posse programada para acontecer nesta ter\u00e7a-feira e a pista ficou fechada por cerca de duas horas. A pista foi liberada, segundo a PRF, por volta de 8h.<\/p>\n<p><img decoding=\"async\" src=\"http:\/\/aconteceunovale.com.br\/portal\/wp-content\/uploads\/2017\/07\/acidente_381_mst_1.jpg\" alt=\"\" \/><em>Caminhoneiro morreu em colis\u00e3o traseira (Foto: Divulga\u00e7\u00e3o\/PRF)<\/em><br \/>\n<\/br><\/p>\n<p><img decoding=\"async\" src=\"http:\/\/aconteceunovale.com.br\/portal\/wp-content\/uploads\/2017\/07\/acidente_381_mst_2.jpeg\" alt=\"\" \/><em>Integrantes do MST bloquearam a rodovia (Foto: Divulga\u00e7\u00e3o\/MST)<\/em><br \/>\n<\/br><\/p>\n<p><strong>VER PRIMEIRO<\/strong><\/p>\n<p>Receba as not\u00edcias do Aconteceu no Vale em primeira m\u00e3o. Clique em curtir no endere\u00e7o <a href=\"https:\/\/www.facebook.com\/aconteceunovale\" target=\"_blank\"><font color=\"red\">www.facebook.com\/aconteceunovale<\/font><\/a> ou no box abaixo:<\/p>\n<div class=\"fb-like\" data-href=\"https:\/\/www.facebook.com\/aconteceunovale\" data-width=\"120\" data-layout=\"standard\" data-action=\"like\" data-size=\"small\" data-show-faces=\"true\" data-share=\"true\"><\/div>\n<p><\/br><\/p>\n<p><em>(Com informa\u00e7\u00f5es do Estado de Minas)<\/em><\/p>\n","protected":false},"excerpt":{"rendered":"<p>Uma batida entre dois caminh\u00f5es matou um homem no fim da madrugada desta segunda-feira (17\/07\/2017) na altura do quil\u00f4metro 570 da BR-381, em Itatiaiu\u00e7u, na Regi\u00e3o Metropolitana de Belo Horizonte. De acordo com a Pol\u00edcia Rodovi\u00e1ria Federal (PRF), no momento do acidente estava ocorrendo uma manifesta\u00e7\u00e3o do Movimento dos Sem Terra (MST) com interdi\u00e7\u00e3o total [&hellip;]<\/p>\n","protected":false},"author":1,"featured_media":119132,"comment_status":"open","ping_status":"closed","sticky":false,"template":"","format":"standard","meta":{"amp_status":"","footnotes":""},"categories":[123],"tags":[156075,156079,156077,156080,8237,1397,156074,28207,156076,156078],"class_list":["post-119131","post","type-post","status-publish","format-standard","has-post-thumbnail","hentry","category-gerais","tag-acidente-com-caminhao-na-br-381","tag-acidente-em-itatiaiucu","tag-acidente-em-protesto-do-mst-na-br-381","tag-acidente-na-br-381-em-itatiaiucu","tag-acidente-na-br-381","tag-br-381","tag-caminhoneiro-morre-durante-manifestacao-do-mst-na-br-381","tag-itatiaiucu","tag-morte-de-caminhoneiro-na-br-381","tag-mst-br-381"],"_links":{"self":[{"href":"https:\/\/aconteceunovale.com.br\/portal\/index.php?rest_route=\/wp\/v2\/posts\/119131","targetHints":{"allow":["GET"]}}],"collection":[{"href":"https:\/\/aconteceunovale.com.br\/portal\/index.php?rest_route=\/wp\/v2\/posts"}],"about":[{"href":"https:\/\/aconteceunovale.com.br\/portal\/index.php?rest_route=\/wp\/v2\/types\/post"}],"author":[{"embeddable":true,"href":"https:\/\/aconteceunovale.com.br\/portal\/index.php?rest_route=\/wp\/v2\/users\/1"}],"replies":[{"embeddable":true,"href":"https:\/\/aconteceunovale.com.br\/portal\/index.php?rest_route=%2Fwp%2Fv2%2Fcomments&post=119131"}],"version-history":[{"count":0,"href":"https:\/\/aconteceunovale.com.br\/portal\/index.php?rest_route=\/wp\/v2\/posts\/119131\/revisions"}],"wp:featuredmedia":[{"embeddable":true,"href":"https:\/\/aconteceunovale.com.br\/portal\/index.php?rest_route=\/wp\/v2\/media\/119132"}],"wp:attachment":[{"href":"https:\/\/aconteceunovale.com.br\/portal\/index.php?rest_route=%2Fwp%2Fv2%2Fmedia&parent=119131"}],"wp:term":[{"taxonomy":"category","embeddable":true,"href":"https:\/\/aconteceunovale.com.br\/portal\/index.php?rest_route=%2Fwp%2Fv2%2Fcategories&post=119131"},{"taxonomy":"post_tag","embeddable":true,"href":"https:\/\/aconteceunovale.com.br\/portal\/index.php?rest_route=%2Fwp%2Fv2%2Ftags&post=119131"}],"curies":[{"name":"wp","href":"https:\/\/api.w.org\/{rel}","templated":true}]}}