{"id":119116,"date":"2017-07-17T21:13:55","date_gmt":"2017-07-17T23:13:55","guid":{"rendered":"http:\/\/aconteceunovale.com.br\/portal\/?p=119116"},"modified":"2017-07-17T21:13:55","modified_gmt":"2017-07-17T23:13:55","slug":"areas-regeneradas-do-cerrado-abrigam-especies-raras-de-mamiferos","status":"publish","type":"post","link":"https:\/\/aconteceunovale.com.br\/portal\/?p=119116","title":{"rendered":"\u00c1reas regeneradas do cerrado abrigam esp\u00e9cies raras de mam\u00edferos"},"content":{"rendered":"<p>Foi publicado no \u00faltimo m\u00eas de junho, na revista Biotr\u00f3picos, o artigo cient\u00edfico sobre \u00e1reas regeneradas de cerrado e mam\u00edferos no Parque Estadual Veredas do Perua\u00e7u, no Territ\u00f3rio Norte de Minas Gerais. A pesquisa \u00e9 fruto de uma parceria entre o Instituto Estadual de Florestas (IEF) e o Instituto Biotr\u00f3picos e teve como objetivo avaliar a import\u00e2ncia de \u00e1reas regeneradas de cerrado para a conserva\u00e7\u00e3o de mam\u00edferos de grande porte.<\/p>\n<p>O estudo realizado na unidade de conserva\u00e7\u00e3o, no munic\u00edpio de C\u00f4nego Marinho, contou com a instala\u00e7\u00e3o de c\u00e2meras autom\u00e1ticas para o registro de animais em dois ambientes diferentes: na vegeta\u00e7\u00e3o de cerrado regenerada ap\u00f3s desmatamento e na vegeta\u00e7\u00e3o de cerrado maduro, que n\u00e3o sofreu impactos significativos nas \u00faltimas quatro d\u00e9cadas. Durante a realiza\u00e7\u00e3o da pesquisa foram registradas 18 esp\u00e9cies de mam\u00edferos de grande porte, incluindo esp\u00e9cies raras como o queixada e o cachorro-do-mato-vinagre.<\/p>\n<p>Guilherme Braga Ferreira, bi\u00f3logo e doutorando afiliado a duas organiza\u00e7\u00f5es brit\u00e2nicas, University College London e Zool\u00f3gical Society of London, al\u00e9m de pesquisador do Instituto Biotr\u00f3picos, ONG conservacionista de Minas Gerais, disse que \u201ca escolha dessa \u00e1rea de conserva\u00e7\u00e3o foi ideal para testar hip\u00f3teses sobre regenera\u00e7\u00e3o de cerrado e vegeta\u00e7\u00e3o secund\u00e1ria, onde, quase um ter\u00e7o das \u00e1reas onde a vegeta\u00e7\u00e3o de cerrado est\u00e1 situada era plantio de eucalipto, entretanto, a regenera\u00e7\u00e3o ocorreu naturalmente, ap\u00f3s o abandono da \u00e1rea e a cria\u00e7\u00e3o do Parque Estadual Veredas do Perua\u00e7u\u201d.<\/p>\n<p>O pesquisador frisa, ainda, que \u201capesar de estar bem estabelecido que \u00e1reas regeneradas de florestas desempenham um importante papel na conserva\u00e7\u00e3o da biodiversidade, at\u00e9 ent\u00e3o, n\u00e3o existiam estudos avaliando a import\u00e2ncia de \u00e1reas regeneradas de cerrado para fauna de mam\u00edferos\u201d.<\/p>\n<p>O pesquisador avalia que o cerrado tem grande poder de regenera\u00e7\u00e3o, dessa forma, as \u201c\u00e1reas regeneradas de cerrado v\u00e3o representar uma parte importante do bioma no futuro. Isso significa que \u00e9 importante saber qual o papel que estas \u00e1reas podem desempenhar na conserva\u00e7\u00e3o de esp\u00e9cies animais\u201d. <\/p>\n<p>Guilherme Braga ressaltou que os resultados da pesquisa feita no Parque Veredas do Perua\u00e7u indicam que \u00e1reas de cerrado que foram desmatadas e posteriormente se regeneraram, podem sim abrigar esp\u00e9cies amea\u00e7adas de extin\u00e7\u00e3o. \u201cIsso foi observado no Veredas do Perua\u00e7u. Observamos tamb\u00e9m que animais amea\u00e7ados de extin\u00e7\u00e3o em n\u00edvel mundial como o tamandu\u00e1-bandeira e o gato-do-mato-pequeno, utilizam estas \u00e1reas, que foram completamente desmatadas no passado e regeneradas depois\u201d, afirmou.<\/p>\n<p>Ele afirmou ainda que o resultado dessa pesquisa tem consequ\u00eancia direta para que diversas esp\u00e9cies, inclusive as amea\u00e7adas de extin\u00e7\u00e3o, utilizem a vegeta\u00e7\u00e3o regenerada da mesma forma que utilizam o cerrado mais maduro. \u201cO estudo evidencia que estas \u00e1reas podem se tornar importantes ambientes para mam\u00edferos amea\u00e7ados como o lobo-guar\u00e1, a anta e o tamandu\u00e1-bandeira\u201d, disse.<\/p>\n<p>O resultado tem implica\u00e7\u00f5es para as extensas \u00e1reas de cerrado no norte de Minas, que foram desmatadas para o plantio de eucalipto no passado e hoje, encontram-se em est\u00e1gio inicial de regenera\u00e7\u00e3o. \u201cIsso n\u00e3o quer dizer que todo cerrado que j\u00e1 foi desmatado poder\u00e1 abrigar esp\u00e9cies raras no futuro. Iniciativas como a prote\u00e7\u00e3o da vegeta\u00e7\u00e3o que est\u00e1 se recuperando, o controle de queimadas e a exist\u00eancia de animais silvestres nas proximidades s\u00e3o necess\u00e1rios para que a \u00e1rea em regenera\u00e7\u00e3o se transforme em habitat favor\u00e1vel \u00e0 biodiversidade\u201d, concluiu.    <\/p>\n<p><strong>Parque Estadual Veredas do Perua\u00e7u<\/strong><\/p>\n<p>O Parque Estadual Veredas do Perua\u00e7u foi criado pelo Decreto n\u00ba 36.070, de 27 de setembro de 1994, com \u00e1rea de 30.702 hectares. A \u00e1rea abriga um complexo de veredas e lagoas, formando um ambiente de textura argilosa. Destaca-se a vereda do Perua\u00e7u, que d\u00e1 origem ao nome da unidade de conserva\u00e7\u00e3o (significa gruta grande), com seus 37 quil\u00f4metros de comprimento, com palmeiras e buritis de at\u00e9 20 metros de altura. Outras veredas de menor extens\u00e3o tamb\u00e9m s\u00e3o encontradas no parque como a Comprida, dos Lopes, da Lagoa Azul, da Passagem, da Cruz entre outras. A unidade de conserva\u00e7\u00e3o abriga, ainda, seis lagoas: Jatob\u00e1, dos Patos, do Meio, Junco, Carrasco e do Jacar\u00e9.<\/p>\n<p>H\u00e1 mais de 250 p\u00e1ssaros catalogados no interior do parque, entre eles est\u00e1 a maritaca, o quem-quem e aves end\u00eamicas do entorno, como o sebinho de fronte vermelha, a maria-preta e o arapa\u00e7u do rio S\u00e3o Francisco.<\/p>\n<p><strong>Fotos<\/strong><\/p>\n<p><img decoding=\"async\" src=\"http:\/\/aconteceunovale.com.br\/portal\/wp-content\/uploads\/2017\/07\/maniferos_cerrado_1.jpg\" alt=\"\" \/><\/p>\n<p><img decoding=\"async\" src=\"http:\/\/aconteceunovale.com.br\/portal\/wp-content\/uploads\/2017\/07\/maniferos_cerrado_2.jpg\" alt=\"\" \/><\/p>\n<p><img decoding=\"async\" src=\"http:\/\/aconteceunovale.com.br\/portal\/wp-content\/uploads\/2017\/07\/maniferos_cerrado_3.jpg\" alt=\"\" \/><\/p>\n<p><img decoding=\"async\" src=\"http:\/\/aconteceunovale.com.br\/portal\/wp-content\/uploads\/2017\/07\/maniferos_cerrado_4.jpg\" alt=\"\" \/><\/p>\n<p><img decoding=\"async\" src=\"http:\/\/aconteceunovale.com.br\/portal\/wp-content\/uploads\/2017\/07\/maniferos_cerrado_5.jpg\" alt=\"\" \/><\/p>\n<p><img decoding=\"async\" src=\"http:\/\/aconteceunovale.com.br\/portal\/wp-content\/uploads\/2017\/07\/maniferos_cerrado_6.jpg\" alt=\"\" \/><\/p>\n<p><\/br><\/p>\n<p><strong>VER PRIMEIRO<\/strong><\/p>\n<p>Receba as not\u00edcias do Aconteceu no Vale em primeira m\u00e3o. Clique em curtir no endere\u00e7o <a href=\"https:\/\/www.facebook.com\/aconteceunovale\" target=\"_blank\"><font color=\"red\">www.facebook.com\/aconteceunovale<\/font><\/a> ou no box abaixo:<\/p>\n<div class=\"fb-like\" data-href=\"https:\/\/www.facebook.com\/aconteceunovale\" data-width=\"120\" data-layout=\"standard\" data-action=\"like\" data-size=\"small\" data-show-faces=\"true\" data-share=\"true\"><\/div>\n<p><\/br><\/p>\n<p><em>(Fonte: Ag\u00eancia Minas \/ Fotos: Guilherme Braga Ferreira)<\/em><\/p>\n","protected":false},"excerpt":{"rendered":"<p>Foi publicado no \u00faltimo m\u00eas de junho, na revista Biotr\u00f3picos, o artigo cient\u00edfico sobre \u00e1reas regeneradas de cerrado e mam\u00edferos no Parque Estadual Veredas do Perua\u00e7u, no Territ\u00f3rio Norte de Minas Gerais. A pesquisa \u00e9 fruto de uma parceria entre o Instituto Estadual de Florestas (IEF) e o Instituto Biotr\u00f3picos e teve como objetivo avaliar [&hellip;]<\/p>\n","protected":false},"author":1,"featured_media":119117,"comment_status":"open","ping_status":"closed","sticky":false,"template":"","format":"standard","meta":{"amp_status":"","footnotes":""},"categories":[1236],"tags":[156059,91197,3055,156057,748,144781,38221,39582,31443,156056,46171,156058],"class_list":["post-119116","post","type-post","status-publish","format-standard","has-post-thumbnail","hentry","category-norte_de_minas","tag-areas-regeneradas-do-cerrado-abrigam-especies-raras-de-mamiferos","tag-biotropicos","tag-conego-marinho","tag-guilherme-braga-ferreira","tag-ief","tag-instituto-biotropicos","tag-instituto-estadual-de-florestas","tag-parque-estadual-veredas-do-peruacu","tag-peruacu","tag-revista-biotropicos","tag-university-college-london","tag-zoological-society-of-london"],"_links":{"self":[{"href":"https:\/\/aconteceunovale.com.br\/portal\/index.php?rest_route=\/wp\/v2\/posts\/119116","targetHints":{"allow":["GET"]}}],"collection":[{"href":"https:\/\/aconteceunovale.com.br\/portal\/index.php?rest_route=\/wp\/v2\/posts"}],"about":[{"href":"https:\/\/aconteceunovale.com.br\/portal\/index.php?rest_route=\/wp\/v2\/types\/post"}],"author":[{"embeddable":true,"href":"https:\/\/aconteceunovale.com.br\/portal\/index.php?rest_route=\/wp\/v2\/users\/1"}],"replies":[{"embeddable":true,"href":"https:\/\/aconteceunovale.com.br\/portal\/index.php?rest_route=%2Fwp%2Fv2%2Fcomments&post=119116"}],"version-history":[{"count":0,"href":"https:\/\/aconteceunovale.com.br\/portal\/index.php?rest_route=\/wp\/v2\/posts\/119116\/revisions"}],"wp:featuredmedia":[{"embeddable":true,"href":"https:\/\/aconteceunovale.com.br\/portal\/index.php?rest_route=\/wp\/v2\/media\/119117"}],"wp:attachment":[{"href":"https:\/\/aconteceunovale.com.br\/portal\/index.php?rest_route=%2Fwp%2Fv2%2Fmedia&parent=119116"}],"wp:term":[{"taxonomy":"category","embeddable":true,"href":"https:\/\/aconteceunovale.com.br\/portal\/index.php?rest_route=%2Fwp%2Fv2%2Fcategories&post=119116"},{"taxonomy":"post_tag","embeddable":true,"href":"https:\/\/aconteceunovale.com.br\/portal\/index.php?rest_route=%2Fwp%2Fv2%2Ftags&post=119116"}],"curies":[{"name":"wp","href":"https:\/\/api.w.org\/{rel}","templated":true}]}}