{"id":119113,"date":"2017-07-17T20:58:44","date_gmt":"2017-07-17T22:58:44","guid":{"rendered":"http:\/\/aconteceunovale.com.br\/portal\/?p=119113"},"modified":"2017-07-17T20:58:44","modified_gmt":"2017-07-17T22:58:44","slug":"consumo-consciente-reduz-gastos-com-energia-no-inverno","status":"publish","type":"post","link":"https:\/\/aconteceunovale.com.br\/portal\/?p=119113","title":{"rendered":"Consumo consciente reduz gastos com energia no inverno"},"content":{"rendered":"<p>Para muitos consumidores, o inverno pode significar um aumento nos gastos com energia el\u00e9trica. Neste per\u00edodo, em que as temperaturas s\u00e3o mais amenas, \u00e9 comum que as pessoas prolonguem o tempo dos banhos, utilizando a pot\u00eancia m\u00e1xima dos chuveiros el\u00e9tricos, e recorram, ainda, aos aquecedores de ambientes para suavizar a sensa\u00e7\u00e3o de frio. No entanto, para que esses equipamentos n\u00e3o se tornem vil\u00f5es na conta de energia, medidas simples podem fazer a diferen\u00e7a ao final do m\u00eas. <\/p>\n<p>Segundo o engenheiro de solu\u00e7\u00f5es energ\u00e9ticas da Cemig, Luciano Barreto, h\u00e1 duas maneiras de economizar energia: \u201cOs consumidores podem reduzir o tempo de funcionamento dos aparelhos eletr\u00f4nicos e diminuir a pot\u00eancia desses equipamentos. O chuveiro, por exemplo, na posi\u00e7\u00e3o ver\u00e3o, gera uma economia de at\u00e9 30% se comparado com a posi\u00e7\u00e3o inverno\u201d, explica.<\/p>\n<p>Reduzir os termostatos dos aparelhos, optar por l\u00e2mpadas de LED e evitar colocar panelas quentes nas geladeiras s\u00e3o outros exemplos do que pode ser feito para economizar energia. O especialista tamb\u00e9m ressalta os cuidados com as roupas, que devem ser lavadas uma vez por semana e passadas tamb\u00e9m de uma s\u00f3 vez, evitando ligar o ferro repetidamente.<\/p>\n<p>Uma pr\u00e1tica que tem se intensificado neste inverno \u00e9 a utiliza\u00e7\u00e3o dos aquecedores de ambiente, o que tamb\u00e9m gera um aumento nos gastos devido \u00e0 pot\u00eancia elevada do aparelho. Para manter uma sensa\u00e7\u00e3o agrad\u00e1vel dentro das resid\u00eancias, \u00e9 recomendado que as portas e janelas fiquem fechadas.<\/p>\n<p>Al\u00e9m disso, \u00e9 recomendado avaliar o consumo dos aparelhos eletr\u00f4nicos na hora de compr\u00e1-los. A pot\u00eancia dos equipamentos pode ser observada no selo do Inmetro que os acompanham e que, preferencialmente, devem conter a letra A ou o selo Procel, da Eletrobr\u00e1s, indicando que s\u00e3o mais eficientes em rela\u00e7\u00e3o \u00e0 eletricidade necess\u00e1ria para o funcionamento.<\/p>\n<p>Al\u00e9m disso, neste m\u00eas, \u00e9 preciso atentar ainda para o acionamento da bandeira tarif\u00e1ria amarela, definida pela Ag\u00eancia Nacional de Energia El\u00e9trica (Aneel), que representa um acr\u00e9scimo de R$ 2 a cada 100 kWh consumidos.<\/p>\n<p>A mudan\u00e7a da bandeira ocorre quando h\u00e1 uma eleva\u00e7\u00e3o nos custos da gera\u00e7\u00e3o de energia el\u00e9trica, al\u00e9m das condi\u00e7\u00f5es clim\u00e1ticas desfavor\u00e1veis e da consequente situa\u00e7\u00e3o dos reservat\u00f3rios.<\/p>\n<p><strong>Desperd\u00edcio<\/strong><\/p>\n<p>Para potencializar essa economia, o uso consciente dos recursos energ\u00e9ticos deve ser pensado nas diversas a\u00e7\u00f5es do dia a dia. Um h\u00e1bito comum e que, muitas vezes, passa despercebido \u00e9 manter os eletr\u00f4nicos na tomada, no modo conhecido como standby. Quando os aparelhos s\u00e3o mantidos dessa maneira, o acr\u00e9scimo na conta de energia el\u00e9trica pode ser de at\u00e9 15%.<\/p>\n<p>O desperd\u00edcio de energia, resultante de pr\u00e1ticas como essa, foi respons\u00e1vel, nos \u00faltimos tr\u00eas anos, por uma perda de R$ 61,7 bilh\u00f5es em todo o Brasil, conforme relat\u00f3rio da Associa\u00e7\u00e3o Brasileira das Empresas de Servi\u00e7os de Conserva\u00e7\u00e3o de Energia (Abesco). <\/p>\n<p>Isso porque a quantidade de energia desperdi\u00e7ada chegou a 143,6 milh\u00f5es de gigawatts-hora (Gwh). Para se ter uma ideia, essa energia poderia abastecer, por exemplo, uma cidade com 533 mil habitantes durante um m\u00eas.<\/p>\n<p><strong>VER PRIMEIRO<\/strong><\/p>\n<p>Receba as not\u00edcias do Aconteceu no Vale em primeira m\u00e3o. Clique em curtir no endere\u00e7o <a href=\"https:\/\/www.facebook.com\/aconteceunovale\" target=\"_blank\"><font color=\"red\">www.facebook.com\/aconteceunovale<\/font><\/a> ou no box abaixo:<\/p>\n<div class=\"fb-like\" data-href=\"https:\/\/www.facebook.com\/aconteceunovale\" data-width=\"120\" data-layout=\"standard\" data-action=\"like\" data-size=\"small\" data-show-faces=\"true\" data-share=\"true\"><\/div>\n<p><\/br><\/p>\n<p><em>(Fonte: Ag\u00eancia Minas)<\/em><\/p>\n","protected":false},"excerpt":{"rendered":"<p>Para muitos consumidores, o inverno pode significar um aumento nos gastos com energia el\u00e9trica. Neste per\u00edodo, em que as temperaturas s\u00e3o mais amenas, \u00e9 comum que as pessoas prolonguem o tempo dos banhos, utilizando a pot\u00eancia m\u00e1xima dos chuveiros el\u00e9tricos, e recorram, ainda, aos aquecedores de ambientes para suavizar a sensa\u00e7\u00e3o de frio. No entanto, [&hellip;]<\/p>\n","protected":false},"author":1,"featured_media":119114,"comment_status":"open","ping_status":"closed","sticky":false,"template":"","format":"standard","meta":{"amp_status":"","footnotes":""},"categories":[123],"tags":[347,156051,156055,140398,156053,156054,156052],"class_list":["post-119113","post","type-post","status-publish","format-standard","has-post-thumbnail","hentry","category-gerais","tag-cemig","tag-consumo-consciente-reduz-gastos-com-energia-no-inverno","tag-engenheiro-de-solucoes-energeticas-da-cemig","tag-luciano-barreto","tag-reducao-de-consumo-de-energia-no-inverno","tag-reducao-de-gastos-com-energia-no-inverno","tag-uso-da-energia-no-inverno"],"yoast_head":"<!-- This site is optimized with the Yoast SEO plugin v28.3 - https:\/\/yoast.com\/product\/yoast-seo-wordpress\/ -->\n<title>Consumo consciente reduz gastos com energia no inverno - Aconteceu no Vale<\/title>\n<meta name=\"robots\" content=\"index, follow, max-snippet:-1, max-image-preview:large, max-video-preview:-1\" \/>\n<link rel=\"canonical\" href=\"https:\/\/aconteceunovale.com.br\/portal\/?p=119113\" \/>\n<meta property=\"og:locale\" content=\"pt_BR\" \/>\n<meta property=\"og:type\" content=\"article\" \/>\n<meta property=\"og:title\" content=\"Consumo consciente reduz gastos com energia no inverno - Aconteceu no Vale\" \/>\n<meta property=\"og:description\" content=\"Para muitos consumidores, o inverno pode significar um aumento nos gastos com energia el\u00e9trica. Neste per\u00edodo, em que as temperaturas s\u00e3o mais amenas, \u00e9 comum que as pessoas prolonguem o tempo dos banhos, utilizando a pot\u00eancia m\u00e1xima dos chuveiros el\u00e9tricos, e recorram, ainda, aos aquecedores de ambientes para suavizar a sensa\u00e7\u00e3o de frio. No entanto, [&hellip;]\" \/>\n<meta property=\"og:url\" content=\"https:\/\/aconteceunovale.com.br\/portal\/?p=119113\" \/>\n<meta property=\"og:site_name\" content=\"Aconteceu no Vale\" \/>\n<meta property=\"article:publisher\" content=\"https:\/\/www.facebook.com\/aconteceunovale\/\" \/>\n<meta property=\"article:published_time\" content=\"2017-07-17T22:58:44+00:00\" \/>\n<meta property=\"og:image\" content=\"https:\/\/aconteceunovale.com.br\/portal\/wp-content\/uploads\/2017\/07\/chuveiro.jpg\" \/>\n\t<meta property=\"og:image:width\" content=\"640\" \/>\n\t<meta property=\"og:image:height\" content=\"360\" \/>\n\t<meta property=\"og:image:type\" content=\"image\/jpeg\" \/>\n<meta name=\"author\" content=\"Aconteceu no Vale\" \/>\n<meta name=\"twitter:card\" content=\"summary_large_image\" \/>\n<meta name=\"twitter:creator\" content=\"@noticiadosvales\" \/>\n<meta name=\"twitter:site\" content=\"@noticiadosvales\" \/>\n<meta name=\"twitter:label1\" content=\"Escrito por\" \/>\n\t<meta name=\"twitter:data1\" content=\"Aconteceu no Vale\" \/>\n\t<meta name=\"twitter:label2\" content=\"Est. tempo de leitura\" \/>\n\t<meta name=\"twitter:data2\" content=\"3 minutos\" \/>\n<script type=\"application\/ld+json\" class=\"yoast-schema-graph\">{\"@context\":\"https:\\\/\\\/schema.org\",\"@graph\":[{\"@type\":\"Article\",\"@id\":\"https:\\\/\\\/aconteceunovale.com.br\\\/portal\\\/?p=119113#article\",\"isPartOf\":{\"@id\":\"https:\\\/\\\/aconteceunovale.com.br\\\/portal\\\/?p=119113\"},\"author\":{\"name\":\"Aconteceu no Vale\",\"@id\":\"https:\\\/\\\/aconteceunovale.com.br\\\/portal\\\/#\\\/schema\\\/person\\\/633529146f2c94272bef50ac2953d589\"},\"headline\":\"Consumo consciente reduz gastos com energia no inverno\",\"datePublished\":\"2017-07-17T22:58:44+00:00\",\"mainEntityOfPage\":{\"@id\":\"https:\\\/\\\/aconteceunovale.com.br\\\/portal\\\/?p=119113\"},\"wordCount\":582,\"commentCount\":0,\"image\":{\"@id\":\"https:\\\/\\\/aconteceunovale.com.br\\\/portal\\\/?p=119113#primaryimage\"},\"thumbnailUrl\":\"https:\\\/\\\/aconteceunovale.com.br\\\/portal\\\/wp-content\\\/uploads\\\/2017\\\/07\\\/chuveiro.jpg\",\"keywords\":[\"cemig\",\"Consumo consciente reduz gastos com energia no inverno\",\"engenheiro de solu\u00e7\u00f5es energ\u00e9ticas da Cemig\",\"Luciano Barreto\",\"Redu\u00e7\u00e3o de consumo de energia no inverno\",\"Redu\u00e7\u00e3o de gastos com energia no inverno\",\"Uso da energia no inverno\"],\"articleSection\":[\"Minas Gerais\"],\"inLanguage\":\"pt-BR\",\"potentialAction\":[{\"@type\":\"CommentAction\",\"name\":\"Comment\",\"target\":[\"https:\\\/\\\/aconteceunovale.com.br\\\/portal\\\/?p=119113#respond\"]}]},{\"@type\":\"WebPage\",\"@id\":\"https:\\\/\\\/aconteceunovale.com.br\\\/portal\\\/?p=119113\",\"url\":\"https:\\\/\\\/aconteceunovale.com.br\\\/portal\\\/?p=119113\",\"name\":\"Consumo consciente reduz gastos com energia no inverno - Aconteceu no Vale\",\"isPartOf\":{\"@id\":\"https:\\\/\\\/aconteceunovale.com.br\\\/portal\\\/#website\"},\"primaryImageOfPage\":{\"@id\":\"https:\\\/\\\/aconteceunovale.com.br\\\/portal\\\/?p=119113#primaryimage\"},\"image\":{\"@id\":\"https:\\\/\\\/aconteceunovale.com.br\\\/portal\\\/?p=119113#primaryimage\"},\"thumbnailUrl\":\"https:\\\/\\\/aconteceunovale.com.br\\\/portal\\\/wp-content\\\/uploads\\\/2017\\\/07\\\/chuveiro.jpg\",\"datePublished\":\"2017-07-17T22:58:44+00:00\",\"author\":{\"@id\":\"https:\\\/\\\/aconteceunovale.com.br\\\/portal\\\/#\\\/schema\\\/person\\\/633529146f2c94272bef50ac2953d589\"},\"breadcrumb\":{\"@id\":\"https:\\\/\\\/aconteceunovale.com.br\\\/portal\\\/?p=119113#breadcrumb\"},\"inLanguage\":\"pt-BR\",\"potentialAction\":[{\"@type\":\"ReadAction\",\"target\":[\"https:\\\/\\\/aconteceunovale.com.br\\\/portal\\\/?p=119113\"]}]},{\"@type\":\"ImageObject\",\"inLanguage\":\"pt-BR\",\"@id\":\"https:\\\/\\\/aconteceunovale.com.br\\\/portal\\\/?p=119113#primaryimage\",\"url\":\"https:\\\/\\\/aconteceunovale.com.br\\\/portal\\\/wp-content\\\/uploads\\\/2017\\\/07\\\/chuveiro.jpg\",\"contentUrl\":\"https:\\\/\\\/aconteceunovale.com.br\\\/portal\\\/wp-content\\\/uploads\\\/2017\\\/07\\\/chuveiro.jpg\",\"width\":640,\"height\":360},{\"@type\":\"BreadcrumbList\",\"@id\":\"https:\\\/\\\/aconteceunovale.com.br\\\/portal\\\/?p=119113#breadcrumb\",\"itemListElement\":[{\"@type\":\"ListItem\",\"position\":1,\"name\":\"In\u00edcio\",\"item\":\"https:\\\/\\\/aconteceunovale.com.br\\\/portal\\\/\"},{\"@type\":\"ListItem\",\"position\":2,\"name\":\"Consumo consciente reduz gastos com energia no inverno\"}]},{\"@type\":\"WebSite\",\"@id\":\"https:\\\/\\\/aconteceunovale.com.br\\\/portal\\\/#website\",\"url\":\"https:\\\/\\\/aconteceunovale.com.br\\\/portal\\\/\",\"name\":\"Aconteceu no Vale\",\"description\":\"Portal de Not\u00edcias\",\"potentialAction\":[{\"@type\":\"SearchAction\",\"target\":{\"@type\":\"EntryPoint\",\"urlTemplate\":\"https:\\\/\\\/aconteceunovale.com.br\\\/portal\\\/?s={search_term_string}\"},\"query-input\":{\"@type\":\"PropertyValueSpecification\",\"valueRequired\":true,\"valueName\":\"search_term_string\"}}],\"inLanguage\":\"pt-BR\"},{\"@type\":\"Person\",\"@id\":\"https:\\\/\\\/aconteceunovale.com.br\\\/portal\\\/#\\\/schema\\\/person\\\/633529146f2c94272bef50ac2953d589\",\"name\":\"Aconteceu no Vale\",\"description\":\"Equipe de reportagem do Aconteceu no Vale, portal de not\u00edcias do Vale do Jequitinhonha, em Minas Gerais. Cobrimos as 51 cidades do Vale desde 2013. Sugest\u00f5es de pauta e pedidos de corre\u00e7\u00e3o: contato@aconteceunovale.com.br\",\"sameAs\":[\"http:\\\/\\\/www.aconteceunovale.com.br\"],\"url\":\"https:\\\/\\\/aconteceunovale.com.br\\\/portal\\\/?author=1\"}]}<\/script>\n<!-- \/ Yoast SEO plugin. -->","yoast_head_json":{"title":"Consumo consciente reduz gastos com energia no inverno - Aconteceu no Vale","robots":{"index":"index","follow":"follow","max-snippet":"max-snippet:-1","max-image-preview":"max-image-preview:large","max-video-preview":"max-video-preview:-1"},"canonical":"https:\/\/aconteceunovale.com.br\/portal\/?p=119113","og_locale":"pt_BR","og_type":"article","og_title":"Consumo consciente reduz gastos com energia no inverno - Aconteceu no Vale","og_description":"Para muitos consumidores, o inverno pode significar um aumento nos gastos com energia el\u00e9trica. Neste per\u00edodo, em que as temperaturas s\u00e3o mais amenas, \u00e9 comum que as pessoas prolonguem o tempo dos banhos, utilizando a pot\u00eancia m\u00e1xima dos chuveiros el\u00e9tricos, e recorram, ainda, aos aquecedores de ambientes para suavizar a sensa\u00e7\u00e3o de frio. No entanto, [&hellip;]","og_url":"https:\/\/aconteceunovale.com.br\/portal\/?p=119113","og_site_name":"Aconteceu no Vale","article_publisher":"https:\/\/www.facebook.com\/aconteceunovale\/","article_published_time":"2017-07-17T22:58:44+00:00","og_image":[{"width":640,"height":360,"url":"https:\/\/aconteceunovale.com.br\/portal\/wp-content\/uploads\/2017\/07\/chuveiro.jpg","type":"image\/jpeg"}],"author":"Aconteceu no Vale","twitter_card":"summary_large_image","twitter_creator":"@noticiadosvales","twitter_site":"@noticiadosvales","twitter_misc":{"Escrito por":"Aconteceu no Vale","Est. tempo de leitura":"3 minutos"},"schema":{"@context":"https:\/\/schema.org","@graph":[{"@type":"Article","@id":"https:\/\/aconteceunovale.com.br\/portal\/?p=119113#article","isPartOf":{"@id":"https:\/\/aconteceunovale.com.br\/portal\/?p=119113"},"author":{"name":"Aconteceu no Vale","@id":"https:\/\/aconteceunovale.com.br\/portal\/#\/schema\/person\/633529146f2c94272bef50ac2953d589"},"headline":"Consumo consciente reduz gastos com energia no inverno","datePublished":"2017-07-17T22:58:44+00:00","mainEntityOfPage":{"@id":"https:\/\/aconteceunovale.com.br\/portal\/?p=119113"},"wordCount":582,"commentCount":0,"image":{"@id":"https:\/\/aconteceunovale.com.br\/portal\/?p=119113#primaryimage"},"thumbnailUrl":"https:\/\/aconteceunovale.com.br\/portal\/wp-content\/uploads\/2017\/07\/chuveiro.jpg","keywords":["cemig","Consumo consciente reduz gastos com energia no inverno","engenheiro de solu\u00e7\u00f5es energ\u00e9ticas da Cemig","Luciano Barreto","Redu\u00e7\u00e3o de consumo de energia no inverno","Redu\u00e7\u00e3o de gastos com energia no inverno","Uso da energia no inverno"],"articleSection":["Minas Gerais"],"inLanguage":"pt-BR","potentialAction":[{"@type":"CommentAction","name":"Comment","target":["https:\/\/aconteceunovale.com.br\/portal\/?p=119113#respond"]}]},{"@type":"WebPage","@id":"https:\/\/aconteceunovale.com.br\/portal\/?p=119113","url":"https:\/\/aconteceunovale.com.br\/portal\/?p=119113","name":"Consumo consciente reduz gastos com energia no inverno - Aconteceu no Vale","isPartOf":{"@id":"https:\/\/aconteceunovale.com.br\/portal\/#website"},"primaryImageOfPage":{"@id":"https:\/\/aconteceunovale.com.br\/portal\/?p=119113#primaryimage"},"image":{"@id":"https:\/\/aconteceunovale.com.br\/portal\/?p=119113#primaryimage"},"thumbnailUrl":"https:\/\/aconteceunovale.com.br\/portal\/wp-content\/uploads\/2017\/07\/chuveiro.jpg","datePublished":"2017-07-17T22:58:44+00:00","author":{"@id":"https:\/\/aconteceunovale.com.br\/portal\/#\/schema\/person\/633529146f2c94272bef50ac2953d589"},"breadcrumb":{"@id":"https:\/\/aconteceunovale.com.br\/portal\/?p=119113#breadcrumb"},"inLanguage":"pt-BR","potentialAction":[{"@type":"ReadAction","target":["https:\/\/aconteceunovale.com.br\/portal\/?p=119113"]}]},{"@type":"ImageObject","inLanguage":"pt-BR","@id":"https:\/\/aconteceunovale.com.br\/portal\/?p=119113#primaryimage","url":"https:\/\/aconteceunovale.com.br\/portal\/wp-content\/uploads\/2017\/07\/chuveiro.jpg","contentUrl":"https:\/\/aconteceunovale.com.br\/portal\/wp-content\/uploads\/2017\/07\/chuveiro.jpg","width":640,"height":360},{"@type":"BreadcrumbList","@id":"https:\/\/aconteceunovale.com.br\/portal\/?p=119113#breadcrumb","itemListElement":[{"@type":"ListItem","position":1,"name":"In\u00edcio","item":"https:\/\/aconteceunovale.com.br\/portal\/"},{"@type":"ListItem","position":2,"name":"Consumo consciente reduz gastos com energia no inverno"}]},{"@type":"WebSite","@id":"https:\/\/aconteceunovale.com.br\/portal\/#website","url":"https:\/\/aconteceunovale.com.br\/portal\/","name":"Aconteceu no Vale","description":"Portal de Not\u00edcias","potentialAction":[{"@type":"SearchAction","target":{"@type":"EntryPoint","urlTemplate":"https:\/\/aconteceunovale.com.br\/portal\/?s={search_term_string}"},"query-input":{"@type":"PropertyValueSpecification","valueRequired":true,"valueName":"search_term_string"}}],"inLanguage":"pt-BR"},{"@type":"Person","@id":"https:\/\/aconteceunovale.com.br\/portal\/#\/schema\/person\/633529146f2c94272bef50ac2953d589","name":"Aconteceu no Vale","description":"Equipe de reportagem do Aconteceu no Vale, portal de not\u00edcias do Vale do Jequitinhonha, em Minas Gerais. Cobrimos as 51 cidades do Vale desde 2013. Sugest\u00f5es de pauta e pedidos de corre\u00e7\u00e3o: contato@aconteceunovale.com.br","sameAs":["http:\/\/www.aconteceunovale.com.br"],"url":"https:\/\/aconteceunovale.com.br\/portal\/?author=1"}]}},"_links":{"self":[{"href":"https:\/\/aconteceunovale.com.br\/portal\/index.php?rest_route=\/wp\/v2\/posts\/119113","targetHints":{"allow":["GET"]}}],"collection":[{"href":"https:\/\/aconteceunovale.com.br\/portal\/index.php?rest_route=\/wp\/v2\/posts"}],"about":[{"href":"https:\/\/aconteceunovale.com.br\/portal\/index.php?rest_route=\/wp\/v2\/types\/post"}],"author":[{"embeddable":true,"href":"https:\/\/aconteceunovale.com.br\/portal\/index.php?rest_route=\/wp\/v2\/users\/1"}],"replies":[{"embeddable":true,"href":"https:\/\/aconteceunovale.com.br\/portal\/index.php?rest_route=%2Fwp%2Fv2%2Fcomments&post=119113"}],"version-history":[{"count":0,"href":"https:\/\/aconteceunovale.com.br\/portal\/index.php?rest_route=\/wp\/v2\/posts\/119113\/revisions"}],"wp:featuredmedia":[{"embeddable":true,"href":"https:\/\/aconteceunovale.com.br\/portal\/index.php?rest_route=\/wp\/v2\/media\/119114"}],"wp:attachment":[{"href":"https:\/\/aconteceunovale.com.br\/portal\/index.php?rest_route=%2Fwp%2Fv2%2Fmedia&parent=119113"}],"wp:term":[{"taxonomy":"category","embeddable":true,"href":"https:\/\/aconteceunovale.com.br\/portal\/index.php?rest_route=%2Fwp%2Fv2%2Fcategories&post=119113"},{"taxonomy":"post_tag","embeddable":true,"href":"https:\/\/aconteceunovale.com.br\/portal\/index.php?rest_route=%2Fwp%2Fv2%2Ftags&post=119113"}],"curies":[{"name":"wp","href":"https:\/\/api.w.org\/{rel}","templated":true}]}}