{"id":119047,"date":"2017-07-13T23:33:56","date_gmt":"2017-07-14T01:33:56","guid":{"rendered":"http:\/\/aconteceunovale.com.br\/portal\/?p=119047"},"modified":"2017-07-13T23:33:56","modified_gmt":"2017-07-14T01:33:56","slug":"prefeitura-de-belo-horizonte-vai-homologar-uso-de-carro-eletrico-chines-para-servico-de-taxi","status":"publish","type":"post","link":"https:\/\/aconteceunovale.com.br\/portal\/?p=119047","title":{"rendered":"Prefeitura de Belo Horizonte vai homologar uso de carro el\u00e9trico chin\u00eas para servi\u00e7o de t\u00e1xi"},"content":{"rendered":"<p>A Empresa Municipal de Transporte e Tr\u00e2nsito de Belo Horizonte (BHTrans) apresentou hoje (13\/07\/2017) um ve\u00edculo 100% el\u00e9trico que ser\u00e1 homologado como apto \u00e0 presta\u00e7\u00e3o de servi\u00e7o de t\u00e1xi na capital mineira. O carro n\u00e3o emite carbono na atmosfera.<\/p>\n<p>Vinculada \u00e0 prefeitura de Belo Horizonte, a BHTrans informou que a novidade se soma aos ve\u00edculos h\u00edbridos que j\u00e1 est\u00e3o em opera\u00e7\u00e3o e funcionam simultaneamente a partir de eletricidade e combust\u00e3o. De acordo com a empresa municipal, a iniciativa est\u00e1 alinhada com o plano de mobilidade da capital mineira e contribui para a constru\u00e7\u00e3o de uma cidade mais sustent\u00e1vel. <\/p>\n<p>O ve\u00edculo, do modelo e6, \u00e9 fabricado pela empresa chinesa BYD. Ele foi aprovado em testes realizados por t\u00e9cnicos da BHTrans, que avaliaram quesitos como conforto, seguran\u00e7a, velocidade entre outros.<\/p>\n<p>O carro tem uma autonomia de 400 quil\u00f4metros por carga da bateria, que pode ser feita em casa ou em um eletroposto. O tempo m\u00e9dio para uma carga total \u00e9 de duas horas em um eletroposto e de seis horas em casa, o que pode variar, dependendo da voltagem utilizada. A bateria do ve\u00edculo tem vida \u00fatil de 40 anos e 60 kWh de capacidade.<\/p>\n<p>O Sindicato Intermunicipal dos Taxistas e Transportadores Rodovi\u00e1rios Aut\u00f4nomos de Minas Gerais (Sincavir) j\u00e1 foi procurado pela BHTrans para a realiza\u00e7\u00e3o de testes operacionais com os carros el\u00e9tricos. A ideia \u00e9 que os taxistas possam avaliar, no dia a dia, os benef\u00edcios da nova tecnologia.<\/p>\n<p>Em 2015, duas linhas de \u00f4nibus de Belo Horizonte fizeram testes com ve\u00edculos el\u00e9tricos. A medida ocorreu em car\u00e1ter experimental e n\u00e3o h\u00e1 ainda nenhuma previs\u00e3o de incorpora\u00e7\u00e3o da tecnologia \u00e0 frota de transporte coletivo da capital mineira. Os \u00f4nibus el\u00e9tricos testados, tamb\u00e9m da fabricante chinesa BYD, s\u00e3o de um modelo que j\u00e1 circulam em Londres, na Inglaterra, e que iniciar\u00e1, em breve, opera\u00e7\u00f5es em Washington, nos Estados Unidos.<\/p>\n<p><img decoding=\"async\" src=\"http:\/\/aconteceunovale.com.br\/portal\/wp-content\/uploads\/2017\/07\/teste_byd_bh.jpg\" alt=\"\" \/><em>Carro el\u00e9trico chin\u00eas da marca BYD apresentado pela prefeitura de Belo Horizonte para uso no servi\u00e7o de t\u00e1xi (Foto: Paulo Almeida \/ Divulga\u00e7\u00e3o \/ BHTrans)<\/em><br \/>\n<\/br><\/p>\n<p><strong>VER PRIMEIRO<\/strong><\/p>\n<p>Receba as not\u00edcias do Aconteceu no Vale em primeira m\u00e3o. Clique em curtir no endere\u00e7o <a href=\"https:\/\/www.facebook.com\/aconteceunovale\" target=\"_blank\"><font color=\"red\">www.facebook.com\/aconteceunovale<\/font><\/a> ou no box abaixo:<\/p>\n<div class=\"fb-like\" data-href=\"https:\/\/www.facebook.com\/aconteceunovale\" data-width=\"120\" data-layout=\"standard\" data-action=\"like\" data-size=\"small\" data-show-faces=\"true\" data-share=\"true\"><\/div>\n<p><\/br><\/p>\n<p><em>(Fonte: Ag\u00eancia Brasil)<\/em><\/p>\n","protected":false},"excerpt":{"rendered":"<p>A Empresa Municipal de Transporte e Tr\u00e2nsito de Belo Horizonte (BHTrans) apresentou hoje (13\/07\/2017) um ve\u00edculo 100% el\u00e9trico que ser\u00e1 homologado como apto \u00e0 presta\u00e7\u00e3o de servi\u00e7o de t\u00e1xi na capital mineira. O carro n\u00e3o emite carbono na atmosfera. Vinculada \u00e0 prefeitura de Belo Horizonte, a BHTrans informou que a novidade se soma aos ve\u00edculos [&hellip;]<\/p>\n","protected":false},"author":1,"featured_media":119048,"comment_status":"open","ping_status":"closed","sticky":false,"template":"","format":"standard","meta":{"amp_status":"","footnotes":""},"categories":[123,28848],"tags":[194,1017,24805,155911,155924,155925,155912,155902,133662,155913,155916,155915,115404,155910,26167,31437,155926,155923,155922,110243,155907,155904,27650,155914,155918,155917,155908,155905,155909,155906,155919,155921,155920,155903],"class_list":["post-119047","post","type-post","status-publish","format-standard","has-post-thumbnail","hentry","category-gerais","category-mundo","tag-belo-horizonte","tag-bh","tag-bhtrans","tag-byd","tag-carro-eletrico","tag-chines","tag-e6-byd","tag-empresa-municipal-de-transporte-e-transito-de-belo-horizonte","tag-homologacao","tag-modelo-e6-byd","tag-modelo-e6-byd-em-belo-horizonte","tag-modelo-e6-byd-em-bh","tag-onibus-eletrico","tag-plano-de-mobilidade-da-capital-mineira","tag-prefeitura","tag-prefeitura-de-belo-horizonte","tag-prefeitura-de-belo-horizonte-vai-homologar-uso-de-carro-eletrico-chines-para-servico-de-taxi","tag-sincavir","tag-sindicato-intermunicipal-dos-taxistas-e-transportadores-rodoviarios-autonomos-de-minas-gerais","tag-taxi","tag-taxi-eletrico-belo-horizonte","tag-taxi-eletrico-bh","tag-teste","tag-teste-modelo-e6-byd","tag-teste-modelo-e6-byd-em-belo-horizonte","tag-teste-modelo-e6-byd-em-bh","tag-teste-taxi-eletrico-belo-horizonte","tag-teste-taxi-eletrico-bh","tag-uso-de-taxi-eletrico-belo-horizonte","tag-uso-de-taxi-eletrico-bh","tag-uso-modelo-e6-byd","tag-uso-modelo-e6-byd-em-belo-horizonte","tag-uso-modelo-e6-byd-em-bh","tag-veiculo-100-eletrico-que-sera-homologado-como-apto-a-prestacao-de-servico-de-taxi-na-capital-mineira"],"yoast_head":"<!-- This site is optimized with the Yoast SEO plugin v28.3 - https:\/\/yoast.com\/product\/yoast-seo-wordpress\/ -->\n<title>Prefeitura de Belo Horizonte vai homologar uso de carro el\u00e9trico chin\u00eas para servi\u00e7o de t\u00e1xi - Aconteceu no Vale<\/title>\n<meta name=\"robots\" content=\"index, follow, max-snippet:-1, max-image-preview:large, max-video-preview:-1\" \/>\n<link rel=\"canonical\" href=\"https:\/\/aconteceunovale.com.br\/portal\/?p=119047\" \/>\n<meta property=\"og:locale\" content=\"pt_BR\" \/>\n<meta property=\"og:type\" content=\"article\" \/>\n<meta property=\"og:title\" content=\"Prefeitura de Belo Horizonte vai homologar uso de carro el\u00e9trico chin\u00eas para servi\u00e7o de t\u00e1xi - Aconteceu no Vale\" \/>\n<meta property=\"og:description\" content=\"A Empresa Municipal de Transporte e Tr\u00e2nsito de Belo Horizonte (BHTrans) apresentou hoje (13\/07\/2017) um ve\u00edculo 100% el\u00e9trico que ser\u00e1 homologado como apto \u00e0 presta\u00e7\u00e3o de servi\u00e7o de t\u00e1xi na capital mineira. O carro n\u00e3o emite carbono na atmosfera. Vinculada \u00e0 prefeitura de Belo Horizonte, a BHTrans informou que a novidade se soma aos ve\u00edculos [&hellip;]\" \/>\n<meta property=\"og:url\" content=\"https:\/\/aconteceunovale.com.br\/portal\/?p=119047\" \/>\n<meta property=\"og:site_name\" content=\"Aconteceu no Vale\" \/>\n<meta property=\"article:publisher\" content=\"https:\/\/www.facebook.com\/aconteceunovale\/\" \/>\n<meta property=\"article:published_time\" content=\"2017-07-14T01:33:56+00:00\" \/>\n<meta property=\"og:image\" content=\"https:\/\/aconteceunovale.com.br\/portal\/wp-content\/uploads\/2017\/07\/teste_byd_bh.jpg\" \/>\n\t<meta property=\"og:image:width\" content=\"646\" \/>\n\t<meta property=\"og:image:height\" content=\"450\" \/>\n\t<meta property=\"og:image:type\" content=\"image\/jpeg\" \/>\n<meta name=\"author\" content=\"Aconteceu no Vale\" \/>\n<meta name=\"twitter:card\" content=\"summary_large_image\" \/>\n<meta name=\"twitter:creator\" content=\"@noticiadosvales\" \/>\n<meta name=\"twitter:site\" content=\"@noticiadosvales\" \/>\n<meta name=\"twitter:label1\" content=\"Escrito por\" \/>\n\t<meta name=\"twitter:data1\" content=\"Aconteceu no Vale\" \/>\n\t<meta name=\"twitter:label2\" content=\"Est. tempo de leitura\" \/>\n\t<meta name=\"twitter:data2\" content=\"2 minutos\" \/>\n<script type=\"application\/ld+json\" class=\"yoast-schema-graph\">{\"@context\":\"https:\\\/\\\/schema.org\",\"@graph\":[{\"@type\":\"Article\",\"@id\":\"https:\\\/\\\/aconteceunovale.com.br\\\/portal\\\/?p=119047#article\",\"isPartOf\":{\"@id\":\"https:\\\/\\\/aconteceunovale.com.br\\\/portal\\\/?p=119047\"},\"author\":{\"name\":\"Aconteceu no Vale\",\"@id\":\"https:\\\/\\\/aconteceunovale.com.br\\\/portal\\\/#\\\/schema\\\/person\\\/633529146f2c94272bef50ac2953d589\"},\"headline\":\"Prefeitura de Belo Horizonte vai homologar uso de carro el\u00e9trico chin\u00eas para servi\u00e7o de t\u00e1xi\",\"datePublished\":\"2017-07-14T01:33:56+00:00\",\"mainEntityOfPage\":{\"@id\":\"https:\\\/\\\/aconteceunovale.com.br\\\/portal\\\/?p=119047\"},\"wordCount\":409,\"commentCount\":0,\"image\":{\"@id\":\"https:\\\/\\\/aconteceunovale.com.br\\\/portal\\\/?p=119047#primaryimage\"},\"thumbnailUrl\":\"https:\\\/\\\/aconteceunovale.com.br\\\/portal\\\/wp-content\\\/uploads\\\/2017\\\/07\\\/teste_byd_bh.jpg\",\"keywords\":[\"Belo Horizonte\",\"bh\",\"BHTrans\",\"BYD\",\"carro el\u00e9trico\",\"chin\u00eas\",\"E6 BYD\",\"Empresa Municipal de Transporte e Tr\u00e2nsito de Belo Horizonte\",\"homologa\u00e7\u00e3o\",\"Modelo E6 BYD\",\"Modelo E6 BYD em Belo Horizonte\",\"Modelo E6 BYD em BH\",\"\u00f4nibus el\u00e9trico\",\"plano de mobilidade da capital mineira\",\"Prefeitura\",\"Prefeitura de Belo Horizonte\",\"Prefeitura de Belo Horizonte vai homologar uso de carro el\u00e9trico chin\u00eas para servi\u00e7o de t\u00e1xi\",\"Sincavir\",\"Sindicato Intermunicipal dos Taxistas e Transportadores Rodovi\u00e1rios Aut\u00f4nomos de Minas Gerais\",\"taxi\",\"T\u00e1xi el\u00e9trico Belo Horizonte\",\"T\u00e1xi el\u00e9trico BH\",\"teste\",\"Teste Modelo E6 BYD\",\"Teste Modelo E6 BYD em Belo Horizonte\",\"Teste Modelo E6 BYD em BH\",\"Teste T\u00e1xi el\u00e9trico Belo Horizonte\",\"Teste T\u00e1xi el\u00e9trico BH\",\"Uso de T\u00e1xi el\u00e9trico Belo Horizonte\",\"Uso de T\u00e1xi el\u00e9trico BH\",\"Uso Modelo E6 BYD\",\"Uso Modelo E6 BYD em Belo Horizonte\",\"Uso Modelo E6 BYD em BH\",\"Ve\u00edculo 100% el\u00e9trico que ser\u00e1 homologado como apto \u00e0 presta\u00e7\u00e3o de servi\u00e7o de t\u00e1xi na capital mineira\"],\"articleSection\":[\"Minas Gerais\",\"Mundo\"],\"inLanguage\":\"pt-BR\",\"potentialAction\":[{\"@type\":\"CommentAction\",\"name\":\"Comment\",\"target\":[\"https:\\\/\\\/aconteceunovale.com.br\\\/portal\\\/?p=119047#respond\"]}]},{\"@type\":\"WebPage\",\"@id\":\"https:\\\/\\\/aconteceunovale.com.br\\\/portal\\\/?p=119047\",\"url\":\"https:\\\/\\\/aconteceunovale.com.br\\\/portal\\\/?p=119047\",\"name\":\"Prefeitura de Belo Horizonte vai homologar uso de carro el\u00e9trico chin\u00eas para servi\u00e7o de t\u00e1xi - Aconteceu no Vale\",\"isPartOf\":{\"@id\":\"https:\\\/\\\/aconteceunovale.com.br\\\/portal\\\/#website\"},\"primaryImageOfPage\":{\"@id\":\"https:\\\/\\\/aconteceunovale.com.br\\\/portal\\\/?p=119047#primaryimage\"},\"image\":{\"@id\":\"https:\\\/\\\/aconteceunovale.com.br\\\/portal\\\/?p=119047#primaryimage\"},\"thumbnailUrl\":\"https:\\\/\\\/aconteceunovale.com.br\\\/portal\\\/wp-content\\\/uploads\\\/2017\\\/07\\\/teste_byd_bh.jpg\",\"datePublished\":\"2017-07-14T01:33:56+00:00\",\"author\":{\"@id\":\"https:\\\/\\\/aconteceunovale.com.br\\\/portal\\\/#\\\/schema\\\/person\\\/633529146f2c94272bef50ac2953d589\"},\"breadcrumb\":{\"@id\":\"https:\\\/\\\/aconteceunovale.com.br\\\/portal\\\/?p=119047#breadcrumb\"},\"inLanguage\":\"pt-BR\",\"potentialAction\":[{\"@type\":\"ReadAction\",\"target\":[\"https:\\\/\\\/aconteceunovale.com.br\\\/portal\\\/?p=119047\"]}]},{\"@type\":\"ImageObject\",\"inLanguage\":\"pt-BR\",\"@id\":\"https:\\\/\\\/aconteceunovale.com.br\\\/portal\\\/?p=119047#primaryimage\",\"url\":\"https:\\\/\\\/aconteceunovale.com.br\\\/portal\\\/wp-content\\\/uploads\\\/2017\\\/07\\\/teste_byd_bh.jpg\",\"contentUrl\":\"https:\\\/\\\/aconteceunovale.com.br\\\/portal\\\/wp-content\\\/uploads\\\/2017\\\/07\\\/teste_byd_bh.jpg\",\"width\":646,\"height\":450},{\"@type\":\"BreadcrumbList\",\"@id\":\"https:\\\/\\\/aconteceunovale.com.br\\\/portal\\\/?p=119047#breadcrumb\",\"itemListElement\":[{\"@type\":\"ListItem\",\"position\":1,\"name\":\"In\u00edcio\",\"item\":\"https:\\\/\\\/aconteceunovale.com.br\\\/portal\\\/\"},{\"@type\":\"ListItem\",\"position\":2,\"name\":\"Prefeitura de Belo Horizonte vai homologar uso de carro el\u00e9trico chin\u00eas para servi\u00e7o de t\u00e1xi\"}]},{\"@type\":\"WebSite\",\"@id\":\"https:\\\/\\\/aconteceunovale.com.br\\\/portal\\\/#website\",\"url\":\"https:\\\/\\\/aconteceunovale.com.br\\\/portal\\\/\",\"name\":\"Aconteceu no Vale\",\"description\":\"Portal de Not\u00edcias\",\"potentialAction\":[{\"@type\":\"SearchAction\",\"target\":{\"@type\":\"EntryPoint\",\"urlTemplate\":\"https:\\\/\\\/aconteceunovale.com.br\\\/portal\\\/?s={search_term_string}\"},\"query-input\":{\"@type\":\"PropertyValueSpecification\",\"valueRequired\":true,\"valueName\":\"search_term_string\"}}],\"inLanguage\":\"pt-BR\"},{\"@type\":\"Person\",\"@id\":\"https:\\\/\\\/aconteceunovale.com.br\\\/portal\\\/#\\\/schema\\\/person\\\/633529146f2c94272bef50ac2953d589\",\"name\":\"Aconteceu no Vale\",\"description\":\"Equipe de reportagem do Aconteceu no Vale, portal de not\u00edcias do Vale do Jequitinhonha, em Minas Gerais. Cobrimos as 51 cidades do Vale desde 2013. Sugest\u00f5es de pauta e pedidos de corre\u00e7\u00e3o: contato@aconteceunovale.com.br\",\"sameAs\":[\"http:\\\/\\\/www.aconteceunovale.com.br\"],\"url\":\"https:\\\/\\\/aconteceunovale.com.br\\\/portal\\\/?author=1\"}]}<\/script>\n<!-- \/ Yoast SEO plugin. -->","yoast_head_json":{"title":"Prefeitura de Belo Horizonte vai homologar uso de carro el\u00e9trico chin\u00eas para servi\u00e7o de t\u00e1xi - Aconteceu no Vale","robots":{"index":"index","follow":"follow","max-snippet":"max-snippet:-1","max-image-preview":"max-image-preview:large","max-video-preview":"max-video-preview:-1"},"canonical":"https:\/\/aconteceunovale.com.br\/portal\/?p=119047","og_locale":"pt_BR","og_type":"article","og_title":"Prefeitura de Belo Horizonte vai homologar uso de carro el\u00e9trico chin\u00eas para servi\u00e7o de t\u00e1xi - Aconteceu no Vale","og_description":"A Empresa Municipal de Transporte e Tr\u00e2nsito de Belo Horizonte (BHTrans) apresentou hoje (13\/07\/2017) um ve\u00edculo 100% el\u00e9trico que ser\u00e1 homologado como apto \u00e0 presta\u00e7\u00e3o de servi\u00e7o de t\u00e1xi na capital mineira. O carro n\u00e3o emite carbono na atmosfera. Vinculada \u00e0 prefeitura de Belo Horizonte, a BHTrans informou que a novidade se soma aos ve\u00edculos [&hellip;]","og_url":"https:\/\/aconteceunovale.com.br\/portal\/?p=119047","og_site_name":"Aconteceu no Vale","article_publisher":"https:\/\/www.facebook.com\/aconteceunovale\/","article_published_time":"2017-07-14T01:33:56+00:00","og_image":[{"width":646,"height":450,"url":"https:\/\/aconteceunovale.com.br\/portal\/wp-content\/uploads\/2017\/07\/teste_byd_bh.jpg","type":"image\/jpeg"}],"author":"Aconteceu no Vale","twitter_card":"summary_large_image","twitter_creator":"@noticiadosvales","twitter_site":"@noticiadosvales","twitter_misc":{"Escrito por":"Aconteceu no Vale","Est. tempo de leitura":"2 minutos"},"schema":{"@context":"https:\/\/schema.org","@graph":[{"@type":"Article","@id":"https:\/\/aconteceunovale.com.br\/portal\/?p=119047#article","isPartOf":{"@id":"https:\/\/aconteceunovale.com.br\/portal\/?p=119047"},"author":{"name":"Aconteceu no Vale","@id":"https:\/\/aconteceunovale.com.br\/portal\/#\/schema\/person\/633529146f2c94272bef50ac2953d589"},"headline":"Prefeitura de Belo Horizonte vai homologar uso de carro el\u00e9trico chin\u00eas para servi\u00e7o de t\u00e1xi","datePublished":"2017-07-14T01:33:56+00:00","mainEntityOfPage":{"@id":"https:\/\/aconteceunovale.com.br\/portal\/?p=119047"},"wordCount":409,"commentCount":0,"image":{"@id":"https:\/\/aconteceunovale.com.br\/portal\/?p=119047#primaryimage"},"thumbnailUrl":"https:\/\/aconteceunovale.com.br\/portal\/wp-content\/uploads\/2017\/07\/teste_byd_bh.jpg","keywords":["Belo Horizonte","bh","BHTrans","BYD","carro el\u00e9trico","chin\u00eas","E6 BYD","Empresa Municipal de Transporte e Tr\u00e2nsito de Belo Horizonte","homologa\u00e7\u00e3o","Modelo E6 BYD","Modelo E6 BYD em Belo Horizonte","Modelo E6 BYD em BH","\u00f4nibus el\u00e9trico","plano de mobilidade da capital mineira","Prefeitura","Prefeitura de Belo Horizonte","Prefeitura de Belo Horizonte vai homologar uso de carro el\u00e9trico chin\u00eas para servi\u00e7o de t\u00e1xi","Sincavir","Sindicato Intermunicipal dos Taxistas e Transportadores Rodovi\u00e1rios Aut\u00f4nomos de Minas Gerais","taxi","T\u00e1xi el\u00e9trico Belo Horizonte","T\u00e1xi el\u00e9trico BH","teste","Teste Modelo E6 BYD","Teste Modelo E6 BYD em Belo Horizonte","Teste Modelo E6 BYD em BH","Teste T\u00e1xi el\u00e9trico Belo Horizonte","Teste T\u00e1xi el\u00e9trico BH","Uso de T\u00e1xi el\u00e9trico Belo Horizonte","Uso de T\u00e1xi el\u00e9trico BH","Uso Modelo E6 BYD","Uso Modelo E6 BYD em Belo Horizonte","Uso Modelo E6 BYD em BH","Ve\u00edculo 100% el\u00e9trico que ser\u00e1 homologado como apto \u00e0 presta\u00e7\u00e3o de servi\u00e7o de t\u00e1xi na capital mineira"],"articleSection":["Minas Gerais","Mundo"],"inLanguage":"pt-BR","potentialAction":[{"@type":"CommentAction","name":"Comment","target":["https:\/\/aconteceunovale.com.br\/portal\/?p=119047#respond"]}]},{"@type":"WebPage","@id":"https:\/\/aconteceunovale.com.br\/portal\/?p=119047","url":"https:\/\/aconteceunovale.com.br\/portal\/?p=119047","name":"Prefeitura de Belo Horizonte vai homologar uso de carro el\u00e9trico chin\u00eas para servi\u00e7o de t\u00e1xi - Aconteceu no Vale","isPartOf":{"@id":"https:\/\/aconteceunovale.com.br\/portal\/#website"},"primaryImageOfPage":{"@id":"https:\/\/aconteceunovale.com.br\/portal\/?p=119047#primaryimage"},"image":{"@id":"https:\/\/aconteceunovale.com.br\/portal\/?p=119047#primaryimage"},"thumbnailUrl":"https:\/\/aconteceunovale.com.br\/portal\/wp-content\/uploads\/2017\/07\/teste_byd_bh.jpg","datePublished":"2017-07-14T01:33:56+00:00","author":{"@id":"https:\/\/aconteceunovale.com.br\/portal\/#\/schema\/person\/633529146f2c94272bef50ac2953d589"},"breadcrumb":{"@id":"https:\/\/aconteceunovale.com.br\/portal\/?p=119047#breadcrumb"},"inLanguage":"pt-BR","potentialAction":[{"@type":"ReadAction","target":["https:\/\/aconteceunovale.com.br\/portal\/?p=119047"]}]},{"@type":"ImageObject","inLanguage":"pt-BR","@id":"https:\/\/aconteceunovale.com.br\/portal\/?p=119047#primaryimage","url":"https:\/\/aconteceunovale.com.br\/portal\/wp-content\/uploads\/2017\/07\/teste_byd_bh.jpg","contentUrl":"https:\/\/aconteceunovale.com.br\/portal\/wp-content\/uploads\/2017\/07\/teste_byd_bh.jpg","width":646,"height":450},{"@type":"BreadcrumbList","@id":"https:\/\/aconteceunovale.com.br\/portal\/?p=119047#breadcrumb","itemListElement":[{"@type":"ListItem","position":1,"name":"In\u00edcio","item":"https:\/\/aconteceunovale.com.br\/portal\/"},{"@type":"ListItem","position":2,"name":"Prefeitura de Belo Horizonte vai homologar uso de carro el\u00e9trico chin\u00eas para servi\u00e7o de t\u00e1xi"}]},{"@type":"WebSite","@id":"https:\/\/aconteceunovale.com.br\/portal\/#website","url":"https:\/\/aconteceunovale.com.br\/portal\/","name":"Aconteceu no Vale","description":"Portal de Not\u00edcias","potentialAction":[{"@type":"SearchAction","target":{"@type":"EntryPoint","urlTemplate":"https:\/\/aconteceunovale.com.br\/portal\/?s={search_term_string}"},"query-input":{"@type":"PropertyValueSpecification","valueRequired":true,"valueName":"search_term_string"}}],"inLanguage":"pt-BR"},{"@type":"Person","@id":"https:\/\/aconteceunovale.com.br\/portal\/#\/schema\/person\/633529146f2c94272bef50ac2953d589","name":"Aconteceu no Vale","description":"Equipe de reportagem do Aconteceu no Vale, portal de not\u00edcias do Vale do Jequitinhonha, em Minas Gerais. Cobrimos as 51 cidades do Vale desde 2013. Sugest\u00f5es de pauta e pedidos de corre\u00e7\u00e3o: contato@aconteceunovale.com.br","sameAs":["http:\/\/www.aconteceunovale.com.br"],"url":"https:\/\/aconteceunovale.com.br\/portal\/?author=1"}]}},"_links":{"self":[{"href":"https:\/\/aconteceunovale.com.br\/portal\/index.php?rest_route=\/wp\/v2\/posts\/119047","targetHints":{"allow":["GET"]}}],"collection":[{"href":"https:\/\/aconteceunovale.com.br\/portal\/index.php?rest_route=\/wp\/v2\/posts"}],"about":[{"href":"https:\/\/aconteceunovale.com.br\/portal\/index.php?rest_route=\/wp\/v2\/types\/post"}],"author":[{"embeddable":true,"href":"https:\/\/aconteceunovale.com.br\/portal\/index.php?rest_route=\/wp\/v2\/users\/1"}],"replies":[{"embeddable":true,"href":"https:\/\/aconteceunovale.com.br\/portal\/index.php?rest_route=%2Fwp%2Fv2%2Fcomments&post=119047"}],"version-history":[{"count":0,"href":"https:\/\/aconteceunovale.com.br\/portal\/index.php?rest_route=\/wp\/v2\/posts\/119047\/revisions"}],"wp:featuredmedia":[{"embeddable":true,"href":"https:\/\/aconteceunovale.com.br\/portal\/index.php?rest_route=\/wp\/v2\/media\/119048"}],"wp:attachment":[{"href":"https:\/\/aconteceunovale.com.br\/portal\/index.php?rest_route=%2Fwp%2Fv2%2Fmedia&parent=119047"}],"wp:term":[{"taxonomy":"category","embeddable":true,"href":"https:\/\/aconteceunovale.com.br\/portal\/index.php?rest_route=%2Fwp%2Fv2%2Fcategories&post=119047"},{"taxonomy":"post_tag","embeddable":true,"href":"https:\/\/aconteceunovale.com.br\/portal\/index.php?rest_route=%2Fwp%2Fv2%2Ftags&post=119047"}],"curies":[{"name":"wp","href":"https:\/\/api.w.org\/{rel}","templated":true}]}}