{"id":119044,"date":"2017-07-13T23:13:36","date_gmt":"2017-07-14T01:13:36","guid":{"rendered":"http:\/\/aconteceunovale.com.br\/portal\/?p=119044"},"modified":"2017-07-13T23:34:55","modified_gmt":"2017-07-14T01:34:55","slug":"prefeito-mineiro-interdita-parte-de-cemiterio-apos-cair-em-tumulo","status":"publish","type":"post","link":"https:\/\/aconteceunovale.com.br\/portal\/?p=119044","title":{"rendered":"Prefeito mineiro interdita parte de cemit\u00e9rio ap\u00f3s cair em t\u00famulo"},"content":{"rendered":"<p>Parte do Cemit\u00e9rio Municipal Aristides Pires de Andrade, em Arcos, na regi\u00e3o Centro-Oeste de Minas, foi interditada nesta quinta-feira (13\/07\/2017), a pedido do prefeito Denilson Teixeira (PMDB), que sofreu um acidente na tarde de quarta-feira (12) durante uma vistoria no local. Ao caminhar entre as lajes que cobrem as sepulturas, uma delas se quebrou e ele caiu dentro da cova. Os p\u00e9s do prefeito afundaram no caix\u00e3o de um morto enterrado ali h\u00e1 sete anos.<\/p>\n<p>\u201cEstava andando pelo cemit\u00e9rio durante uma vistoria para apurar outros problemas no local e falando no celular quando afundei no t\u00famulo. N\u00e3o sou pesado e, mesmo assim, a laje quebrou. N\u00e3o me machuquei, mas um idoso, por exemplo, poderia n\u00e3o ter a mesma sorte\u201d, ponderou o prefeito, que responsabiliza as administra\u00e7\u00f5es passadas pelo problema.<\/p>\n<p>\u201c\u00c9 um absurdo a estrutura fr\u00e1gil que colocaram ali. Uma laje de espessura muito fina e com pouco cimento. A placa, que deveria ter pelo menos 11 cent\u00edmetros, como fora determinado, tinha apenas 2. Sem contar que parte do cimento estava esfarelado e na arma\u00e7\u00e3o onde deveria ter ferro, tinha bambu\u201d, contou.<\/p>\n<p>De acordo com o prefeito, a interdi\u00e7\u00e3o de parte do cemit\u00e9rio foi necess\u00e1ria para que novos acidentes n\u00e3o aconte\u00e7am no local. \u201cInterditei somente essa rua do cemit\u00e9rio, local onde est\u00e3o diversas lajes que certamente podem apresentar o mesmo problema. N\u00e3o posso deixar que outros cidad\u00e3os de Arcos sofram um acidente como o que aconteceu comigo\u201d, disse.<\/p>\n<p>Denilson Teixeira explicou que j\u00e1 solicitou ao departamento de obras da prefeitura a troca de todas sepulturas do local. \u201cVamos colocar placas de uma boa estrutura que eu garanto que vai ser concreto forte, diferentemente do que foi colocado nas gest\u00f5es passadas\u201d, concluiu.<\/p>\n<p><img decoding=\"async\" src=\"http:\/\/aconteceunovale.com.br\/portal\/wp-content\/uploads\/2017\/07\/tumulo_prefeito.jpg\" alt=\"\" \/><em>Local onde caiu o prefeito de Arcos (Foto: Jaine Pedrosa\/Portal Arcos)<\/em><br \/>\n<\/br><\/p>\n<p><strong>VER PRIMEIRO<\/strong><\/p>\n<p>Receba as not\u00edcias do Aconteceu no Vale em primeira m\u00e3o. Clique em curtir no endere\u00e7o <a href=\"https:\/\/www.facebook.com\/aconteceunovale\" target=\"_blank\"><font color=\"red\">www.facebook.com\/aconteceunovale<\/font><\/a> ou no box abaixo:<\/p>\n<div class=\"fb-like\" data-href=\"https:\/\/www.facebook.com\/aconteceunovale\" data-width=\"120\" data-layout=\"standard\" data-action=\"like\" data-size=\"small\" data-show-faces=\"true\" data-share=\"true\"><\/div>\n<p><\/br><\/p>\n<p><em>(Fonte: O Tempo \/ Rep\u00f3rter: Ailton do Vale)<\/em><\/p>\n","protected":false},"excerpt":{"rendered":"<p>Parte do Cemit\u00e9rio Municipal Aristides Pires de Andrade, em Arcos, na regi\u00e3o Centro-Oeste de Minas, foi interditada nesta quinta-feira (13\/07\/2017), a pedido do prefeito Denilson Teixeira (PMDB), que sofreu um acidente na tarde de quarta-feira (12) durante uma vistoria no local. Ao caminhar entre as lajes que cobrem as sepulturas, uma delas se quebrou e [&hellip;]<\/p>\n","protected":false},"author":1,"featured_media":119045,"comment_status":"open","ping_status":"closed","sticky":false,"template":"","format":"standard","meta":{"amp_status":"","footnotes":""},"categories":[123],"tags":[1514,155897,155898,1018,155900,155896,155899,155894,155893,155895,155901],"class_list":["post-119044","post","type-post","status-publish","format-standard","has-post-thumbnail","hentry","category-gerais","tag-arcos","tag-cemiterio-municipal-aristides-pires-de-andrade","tag-denilson-teixeira","tag-destaque","tag-prefeito-cai-em-cova","tag-prefeito-de-arcos-interdita-parte-de-cemiterio-apos-cair-em-cova","tag-prefeito-denilson-teixeira","tag-prefeito-interdita-parte-de-cemiterio-apos-cair-em-cova","tag-prefeito-interdita-parte-de-cemiterio-apos-cair-em-cova-no-interior-de-minas","tag-prefeito-mineiro-interdita-parte-de-cemiterio-apos-cair-em-cova","tag-prefeito-mineiro-interdita-parte-de-cemiterio-apos-cair-em-tumulo"],"yoast_head":"<!-- This site is optimized with the Yoast SEO plugin v28.3 - https:\/\/yoast.com\/product\/yoast-seo-wordpress\/ -->\n<title>Prefeito mineiro interdita parte de cemit\u00e9rio ap\u00f3s cair em t\u00famulo - Aconteceu no Vale<\/title>\n<meta name=\"robots\" content=\"index, follow, max-snippet:-1, max-image-preview:large, max-video-preview:-1\" \/>\n<link rel=\"canonical\" href=\"https:\/\/aconteceunovale.com.br\/portal\/?p=119044\" \/>\n<meta property=\"og:locale\" content=\"pt_BR\" \/>\n<meta property=\"og:type\" content=\"article\" \/>\n<meta property=\"og:title\" content=\"Prefeito mineiro interdita parte de cemit\u00e9rio ap\u00f3s cair em t\u00famulo - Aconteceu no Vale\" \/>\n<meta property=\"og:description\" content=\"Parte do Cemit\u00e9rio Municipal Aristides Pires de Andrade, em Arcos, na regi\u00e3o Centro-Oeste de Minas, foi interditada nesta quinta-feira (13\/07\/2017), a pedido do prefeito Denilson Teixeira (PMDB), que sofreu um acidente na tarde de quarta-feira (12) durante uma vistoria no local. Ao caminhar entre as lajes que cobrem as sepulturas, uma delas se quebrou e [&hellip;]\" \/>\n<meta property=\"og:url\" content=\"https:\/\/aconteceunovale.com.br\/portal\/?p=119044\" \/>\n<meta property=\"og:site_name\" content=\"Aconteceu no Vale\" \/>\n<meta property=\"article:publisher\" content=\"https:\/\/www.facebook.com\/aconteceunovale\/\" \/>\n<meta property=\"article:published_time\" content=\"2017-07-14T01:13:36+00:00\" \/>\n<meta property=\"article:modified_time\" content=\"2017-07-14T01:34:55+00:00\" \/>\n<meta property=\"og:image\" content=\"https:\/\/aconteceunovale.com.br\/portal\/wp-content\/uploads\/2017\/07\/tumulo_prefeito.jpg\" \/>\n\t<meta property=\"og:image:width\" content=\"620\" \/>\n\t<meta property=\"og:image:height\" content=\"413\" \/>\n\t<meta property=\"og:image:type\" content=\"image\/jpeg\" \/>\n<meta name=\"author\" content=\"Aconteceu no Vale\" \/>\n<meta name=\"twitter:card\" content=\"summary_large_image\" \/>\n<meta name=\"twitter:creator\" content=\"@noticiadosvales\" \/>\n<meta name=\"twitter:site\" content=\"@noticiadosvales\" \/>\n<meta name=\"twitter:label1\" content=\"Escrito por\" \/>\n\t<meta name=\"twitter:data1\" content=\"Aconteceu no Vale\" \/>\n\t<meta name=\"twitter:label2\" content=\"Est. tempo de leitura\" \/>\n\t<meta name=\"twitter:data2\" content=\"2 minutos\" \/>\n<script type=\"application\/ld+json\" class=\"yoast-schema-graph\">{\"@context\":\"https:\\\/\\\/schema.org\",\"@graph\":[{\"@type\":\"Article\",\"@id\":\"https:\\\/\\\/aconteceunovale.com.br\\\/portal\\\/?p=119044#article\",\"isPartOf\":{\"@id\":\"https:\\\/\\\/aconteceunovale.com.br\\\/portal\\\/?p=119044\"},\"author\":{\"name\":\"Aconteceu no Vale\",\"@id\":\"https:\\\/\\\/aconteceunovale.com.br\\\/portal\\\/#\\\/schema\\\/person\\\/633529146f2c94272bef50ac2953d589\"},\"headline\":\"Prefeito mineiro interdita parte de cemit\u00e9rio ap\u00f3s cair em t\u00famulo\",\"datePublished\":\"2017-07-14T01:13:36+00:00\",\"dateModified\":\"2017-07-14T01:34:55+00:00\",\"mainEntityOfPage\":{\"@id\":\"https:\\\/\\\/aconteceunovale.com.br\\\/portal\\\/?p=119044\"},\"wordCount\":359,\"commentCount\":0,\"image\":{\"@id\":\"https:\\\/\\\/aconteceunovale.com.br\\\/portal\\\/?p=119044#primaryimage\"},\"thumbnailUrl\":\"https:\\\/\\\/aconteceunovale.com.br\\\/portal\\\/wp-content\\\/uploads\\\/2017\\\/07\\\/tumulo_prefeito.jpg\",\"keywords\":[\"Arcos\",\"Cemit\u00e9rio Municipal Aristides Pires de Andrade\",\"Denilson Teixeira\",\"destaque\",\"Prefeito cai em cova\",\"Prefeito de Arcos interdita parte de cemit\u00e9rio ap\u00f3s cair em cova\",\"Prefeito Denilson Teixeira\",\"Prefeito interdita parte de cemit\u00e9rio ap\u00f3s cair em cova\",\"Prefeito interdita parte de cemit\u00e9rio ap\u00f3s cair em cova no interior de Minas\",\"Prefeito mineiro interdita parte de cemit\u00e9rio ap\u00f3s cair em cova\",\"Prefeito mineiro interdita parte de cemit\u00e9rio ap\u00f3s cair em t\u00famulo\"],\"articleSection\":[\"Minas Gerais\"],\"inLanguage\":\"pt-BR\",\"potentialAction\":[{\"@type\":\"CommentAction\",\"name\":\"Comment\",\"target\":[\"https:\\\/\\\/aconteceunovale.com.br\\\/portal\\\/?p=119044#respond\"]}]},{\"@type\":\"WebPage\",\"@id\":\"https:\\\/\\\/aconteceunovale.com.br\\\/portal\\\/?p=119044\",\"url\":\"https:\\\/\\\/aconteceunovale.com.br\\\/portal\\\/?p=119044\",\"name\":\"Prefeito mineiro interdita parte de cemit\u00e9rio ap\u00f3s cair em t\u00famulo - Aconteceu no Vale\",\"isPartOf\":{\"@id\":\"https:\\\/\\\/aconteceunovale.com.br\\\/portal\\\/#website\"},\"primaryImageOfPage\":{\"@id\":\"https:\\\/\\\/aconteceunovale.com.br\\\/portal\\\/?p=119044#primaryimage\"},\"image\":{\"@id\":\"https:\\\/\\\/aconteceunovale.com.br\\\/portal\\\/?p=119044#primaryimage\"},\"thumbnailUrl\":\"https:\\\/\\\/aconteceunovale.com.br\\\/portal\\\/wp-content\\\/uploads\\\/2017\\\/07\\\/tumulo_prefeito.jpg\",\"datePublished\":\"2017-07-14T01:13:36+00:00\",\"dateModified\":\"2017-07-14T01:34:55+00:00\",\"author\":{\"@id\":\"https:\\\/\\\/aconteceunovale.com.br\\\/portal\\\/#\\\/schema\\\/person\\\/633529146f2c94272bef50ac2953d589\"},\"breadcrumb\":{\"@id\":\"https:\\\/\\\/aconteceunovale.com.br\\\/portal\\\/?p=119044#breadcrumb\"},\"inLanguage\":\"pt-BR\",\"potentialAction\":[{\"@type\":\"ReadAction\",\"target\":[\"https:\\\/\\\/aconteceunovale.com.br\\\/portal\\\/?p=119044\"]}]},{\"@type\":\"ImageObject\",\"inLanguage\":\"pt-BR\",\"@id\":\"https:\\\/\\\/aconteceunovale.com.br\\\/portal\\\/?p=119044#primaryimage\",\"url\":\"https:\\\/\\\/aconteceunovale.com.br\\\/portal\\\/wp-content\\\/uploads\\\/2017\\\/07\\\/tumulo_prefeito.jpg\",\"contentUrl\":\"https:\\\/\\\/aconteceunovale.com.br\\\/portal\\\/wp-content\\\/uploads\\\/2017\\\/07\\\/tumulo_prefeito.jpg\",\"width\":620,\"height\":413},{\"@type\":\"BreadcrumbList\",\"@id\":\"https:\\\/\\\/aconteceunovale.com.br\\\/portal\\\/?p=119044#breadcrumb\",\"itemListElement\":[{\"@type\":\"ListItem\",\"position\":1,\"name\":\"In\u00edcio\",\"item\":\"https:\\\/\\\/aconteceunovale.com.br\\\/portal\\\/\"},{\"@type\":\"ListItem\",\"position\":2,\"name\":\"Prefeito mineiro interdita parte de cemit\u00e9rio ap\u00f3s cair em t\u00famulo\"}]},{\"@type\":\"WebSite\",\"@id\":\"https:\\\/\\\/aconteceunovale.com.br\\\/portal\\\/#website\",\"url\":\"https:\\\/\\\/aconteceunovale.com.br\\\/portal\\\/\",\"name\":\"Aconteceu no Vale\",\"description\":\"Portal de Not\u00edcias\",\"potentialAction\":[{\"@type\":\"SearchAction\",\"target\":{\"@type\":\"EntryPoint\",\"urlTemplate\":\"https:\\\/\\\/aconteceunovale.com.br\\\/portal\\\/?s={search_term_string}\"},\"query-input\":{\"@type\":\"PropertyValueSpecification\",\"valueRequired\":true,\"valueName\":\"search_term_string\"}}],\"inLanguage\":\"pt-BR\"},{\"@type\":\"Person\",\"@id\":\"https:\\\/\\\/aconteceunovale.com.br\\\/portal\\\/#\\\/schema\\\/person\\\/633529146f2c94272bef50ac2953d589\",\"name\":\"Aconteceu no Vale\",\"description\":\"Equipe de reportagem do Aconteceu no Vale, portal de not\u00edcias do Vale do Jequitinhonha, em Minas Gerais. Cobrimos as 51 cidades do Vale desde 2013. Sugest\u00f5es de pauta e pedidos de corre\u00e7\u00e3o: contato@aconteceunovale.com.br\",\"sameAs\":[\"http:\\\/\\\/www.aconteceunovale.com.br\"],\"url\":\"https:\\\/\\\/aconteceunovale.com.br\\\/portal\\\/?author=1\"}]}<\/script>\n<!-- \/ Yoast SEO plugin. -->","yoast_head_json":{"title":"Prefeito mineiro interdita parte de cemit\u00e9rio ap\u00f3s cair em t\u00famulo - Aconteceu no Vale","robots":{"index":"index","follow":"follow","max-snippet":"max-snippet:-1","max-image-preview":"max-image-preview:large","max-video-preview":"max-video-preview:-1"},"canonical":"https:\/\/aconteceunovale.com.br\/portal\/?p=119044","og_locale":"pt_BR","og_type":"article","og_title":"Prefeito mineiro interdita parte de cemit\u00e9rio ap\u00f3s cair em t\u00famulo - Aconteceu no Vale","og_description":"Parte do Cemit\u00e9rio Municipal Aristides Pires de Andrade, em Arcos, na regi\u00e3o Centro-Oeste de Minas, foi interditada nesta quinta-feira (13\/07\/2017), a pedido do prefeito Denilson Teixeira (PMDB), que sofreu um acidente na tarde de quarta-feira (12) durante uma vistoria no local. Ao caminhar entre as lajes que cobrem as sepulturas, uma delas se quebrou e [&hellip;]","og_url":"https:\/\/aconteceunovale.com.br\/portal\/?p=119044","og_site_name":"Aconteceu no Vale","article_publisher":"https:\/\/www.facebook.com\/aconteceunovale\/","article_published_time":"2017-07-14T01:13:36+00:00","article_modified_time":"2017-07-14T01:34:55+00:00","og_image":[{"width":620,"height":413,"url":"https:\/\/aconteceunovale.com.br\/portal\/wp-content\/uploads\/2017\/07\/tumulo_prefeito.jpg","type":"image\/jpeg"}],"author":"Aconteceu no Vale","twitter_card":"summary_large_image","twitter_creator":"@noticiadosvales","twitter_site":"@noticiadosvales","twitter_misc":{"Escrito por":"Aconteceu no Vale","Est. tempo de leitura":"2 minutos"},"schema":{"@context":"https:\/\/schema.org","@graph":[{"@type":"Article","@id":"https:\/\/aconteceunovale.com.br\/portal\/?p=119044#article","isPartOf":{"@id":"https:\/\/aconteceunovale.com.br\/portal\/?p=119044"},"author":{"name":"Aconteceu no Vale","@id":"https:\/\/aconteceunovale.com.br\/portal\/#\/schema\/person\/633529146f2c94272bef50ac2953d589"},"headline":"Prefeito mineiro interdita parte de cemit\u00e9rio ap\u00f3s cair em t\u00famulo","datePublished":"2017-07-14T01:13:36+00:00","dateModified":"2017-07-14T01:34:55+00:00","mainEntityOfPage":{"@id":"https:\/\/aconteceunovale.com.br\/portal\/?p=119044"},"wordCount":359,"commentCount":0,"image":{"@id":"https:\/\/aconteceunovale.com.br\/portal\/?p=119044#primaryimage"},"thumbnailUrl":"https:\/\/aconteceunovale.com.br\/portal\/wp-content\/uploads\/2017\/07\/tumulo_prefeito.jpg","keywords":["Arcos","Cemit\u00e9rio Municipal Aristides Pires de Andrade","Denilson Teixeira","destaque","Prefeito cai em cova","Prefeito de Arcos interdita parte de cemit\u00e9rio ap\u00f3s cair em cova","Prefeito Denilson Teixeira","Prefeito interdita parte de cemit\u00e9rio ap\u00f3s cair em cova","Prefeito interdita parte de cemit\u00e9rio ap\u00f3s cair em cova no interior de Minas","Prefeito mineiro interdita parte de cemit\u00e9rio ap\u00f3s cair em cova","Prefeito mineiro interdita parte de cemit\u00e9rio ap\u00f3s cair em t\u00famulo"],"articleSection":["Minas Gerais"],"inLanguage":"pt-BR","potentialAction":[{"@type":"CommentAction","name":"Comment","target":["https:\/\/aconteceunovale.com.br\/portal\/?p=119044#respond"]}]},{"@type":"WebPage","@id":"https:\/\/aconteceunovale.com.br\/portal\/?p=119044","url":"https:\/\/aconteceunovale.com.br\/portal\/?p=119044","name":"Prefeito mineiro interdita parte de cemit\u00e9rio ap\u00f3s cair em t\u00famulo - Aconteceu no Vale","isPartOf":{"@id":"https:\/\/aconteceunovale.com.br\/portal\/#website"},"primaryImageOfPage":{"@id":"https:\/\/aconteceunovale.com.br\/portal\/?p=119044#primaryimage"},"image":{"@id":"https:\/\/aconteceunovale.com.br\/portal\/?p=119044#primaryimage"},"thumbnailUrl":"https:\/\/aconteceunovale.com.br\/portal\/wp-content\/uploads\/2017\/07\/tumulo_prefeito.jpg","datePublished":"2017-07-14T01:13:36+00:00","dateModified":"2017-07-14T01:34:55+00:00","author":{"@id":"https:\/\/aconteceunovale.com.br\/portal\/#\/schema\/person\/633529146f2c94272bef50ac2953d589"},"breadcrumb":{"@id":"https:\/\/aconteceunovale.com.br\/portal\/?p=119044#breadcrumb"},"inLanguage":"pt-BR","potentialAction":[{"@type":"ReadAction","target":["https:\/\/aconteceunovale.com.br\/portal\/?p=119044"]}]},{"@type":"ImageObject","inLanguage":"pt-BR","@id":"https:\/\/aconteceunovale.com.br\/portal\/?p=119044#primaryimage","url":"https:\/\/aconteceunovale.com.br\/portal\/wp-content\/uploads\/2017\/07\/tumulo_prefeito.jpg","contentUrl":"https:\/\/aconteceunovale.com.br\/portal\/wp-content\/uploads\/2017\/07\/tumulo_prefeito.jpg","width":620,"height":413},{"@type":"BreadcrumbList","@id":"https:\/\/aconteceunovale.com.br\/portal\/?p=119044#breadcrumb","itemListElement":[{"@type":"ListItem","position":1,"name":"In\u00edcio","item":"https:\/\/aconteceunovale.com.br\/portal\/"},{"@type":"ListItem","position":2,"name":"Prefeito mineiro interdita parte de cemit\u00e9rio ap\u00f3s cair em t\u00famulo"}]},{"@type":"WebSite","@id":"https:\/\/aconteceunovale.com.br\/portal\/#website","url":"https:\/\/aconteceunovale.com.br\/portal\/","name":"Aconteceu no Vale","description":"Portal de Not\u00edcias","potentialAction":[{"@type":"SearchAction","target":{"@type":"EntryPoint","urlTemplate":"https:\/\/aconteceunovale.com.br\/portal\/?s={search_term_string}"},"query-input":{"@type":"PropertyValueSpecification","valueRequired":true,"valueName":"search_term_string"}}],"inLanguage":"pt-BR"},{"@type":"Person","@id":"https:\/\/aconteceunovale.com.br\/portal\/#\/schema\/person\/633529146f2c94272bef50ac2953d589","name":"Aconteceu no Vale","description":"Equipe de reportagem do Aconteceu no Vale, portal de not\u00edcias do Vale do Jequitinhonha, em Minas Gerais. Cobrimos as 51 cidades do Vale desde 2013. Sugest\u00f5es de pauta e pedidos de corre\u00e7\u00e3o: contato@aconteceunovale.com.br","sameAs":["http:\/\/www.aconteceunovale.com.br"],"url":"https:\/\/aconteceunovale.com.br\/portal\/?author=1"}]}},"_links":{"self":[{"href":"https:\/\/aconteceunovale.com.br\/portal\/index.php?rest_route=\/wp\/v2\/posts\/119044","targetHints":{"allow":["GET"]}}],"collection":[{"href":"https:\/\/aconteceunovale.com.br\/portal\/index.php?rest_route=\/wp\/v2\/posts"}],"about":[{"href":"https:\/\/aconteceunovale.com.br\/portal\/index.php?rest_route=\/wp\/v2\/types\/post"}],"author":[{"embeddable":true,"href":"https:\/\/aconteceunovale.com.br\/portal\/index.php?rest_route=\/wp\/v2\/users\/1"}],"replies":[{"embeddable":true,"href":"https:\/\/aconteceunovale.com.br\/portal\/index.php?rest_route=%2Fwp%2Fv2%2Fcomments&post=119044"}],"version-history":[{"count":0,"href":"https:\/\/aconteceunovale.com.br\/portal\/index.php?rest_route=\/wp\/v2\/posts\/119044\/revisions"}],"wp:featuredmedia":[{"embeddable":true,"href":"https:\/\/aconteceunovale.com.br\/portal\/index.php?rest_route=\/wp\/v2\/media\/119045"}],"wp:attachment":[{"href":"https:\/\/aconteceunovale.com.br\/portal\/index.php?rest_route=%2Fwp%2Fv2%2Fmedia&parent=119044"}],"wp:term":[{"taxonomy":"category","embeddable":true,"href":"https:\/\/aconteceunovale.com.br\/portal\/index.php?rest_route=%2Fwp%2Fv2%2Fcategories&post=119044"},{"taxonomy":"post_tag","embeddable":true,"href":"https:\/\/aconteceunovale.com.br\/portal\/index.php?rest_route=%2Fwp%2Fv2%2Ftags&post=119044"}],"curies":[{"name":"wp","href":"https:\/\/api.w.org\/{rel}","templated":true}]}}