{"id":119036,"date":"2017-07-13T22:05:44","date_gmt":"2017-07-14T00:05:44","guid":{"rendered":"http:\/\/aconteceunovale.com.br\/portal\/?p=119036"},"modified":"2017-07-13T22:05:44","modified_gmt":"2017-07-14T00:05:44","slug":"ex-prefeito-de-iapu-morre-apos-acidente-em-belo-horizonte","status":"publish","type":"post","link":"https:\/\/aconteceunovale.com.br\/portal\/?p=119036","title":{"rendered":"Ex-prefeito de Iapu morre ap\u00f3s acidente em Belo Horizonte"},"content":{"rendered":"<p>Faleceu nessa quarta-feira (12\/07\/2017), aos 75 anos, Isael Dias, ex-prefeito de Iapu, no Leste de Minas Gerais. Ele era passageiro do Toyota Etios que caiu de uma altura de 9 metros dentro de um canteiro de obras no Barro Preto, Regi\u00e3o Centro-Sul de Belo Horizonte, na \u00faltima sexta. <\/p>\n<p>O acidente ocorreu na Avenida Barbacena, no fim da manh\u00e3 do dia 7. O motorista do Etios parou na entrada do Hospital Vera Cruz, pegou o passageiro e desceu a rampa da entrada. Nesse momento, ele perdeu o controle da dire\u00e7\u00e3o, atingiu o bra\u00e7o de um lavador de carros, atravessou o canteiro central da avenida, bateu em um Uno vermelho estacionado e rompeu o tapume da obra, caindo em uma vala. <\/p>\n<p>Quando a Pol\u00edcia Militar (PM) chegou ao local, equipes do Corpo de Bombeiros retiravam o motorista e Isael das ferragens. O condutor, de 65 anos, foi levado pelo Servi\u00e7o de Atendimento M\u00f3vel de Urg\u00eancia ao Hospital Vera Cruz, com escoria\u00e7\u00f5es. O ex-prefeito de Iapu foi levado para o Hospital Jo\u00e3o XXIII com traumatismo na face. Ambos estavam l\u00facidos e, aparentemente, sem fraturas. <\/p>\n<p>De acordo com a  PM, consta no boletim de ocorr\u00eancia que o condutor do carro disse que seu sapato ficou preso no acelerador do ve\u00edculo. J\u00e1 o motorista do Uno contou que estava dormindo e acordou com o barulho da colis\u00e3o. Ele se queixava de dores e dispensou atendimento m\u00e9dico. <\/p>\n<p><img decoding=\"async\" src=\"http:\/\/aconteceunovale.com.br\/portal\/wp-content\/uploads\/2017\/07\/acidente_prefeitoiapu_1.jpg\" alt=\"\" \/><em>Carro caiu em canteiro de obras (Fotos: Divulga\u00e7\u00e3o\/Corpo de Bombeiros)<\/em><br \/>\n<\/br><\/p>\n<h4>Nota da Prefeitura de Iapu<\/h4>\n<p>A prefeitura de Iapu divulgou uma nota de pesar pela morte de Isael Dias, que foi prefeito de 1989 a 1992. \u201cAgradecemos imensamente o tempo que pudemos conviver com ele, e pelos anos dedicados em contribuir com a constru\u00e7\u00e3o da hist\u00f3ria de nosso munic\u00edpio. Deixamos os nossos mais sinceros sentimentos aos familiares e amigos. Muito obrigado, Isael Dias! Descanse em Paz!\u201d. Ainda segundo a prefeitura, a cerim\u00f4nia f\u00fanebre \u00e9 foi realizada na Capela Vel\u00f3rio de Iapu e o sepultamento est\u00e1 marcado para esta quinta-feira. Segundo moradores, o enterro ocorreu por volta das 11h, no cemit\u00e9rio municipal.<\/p>\n<p><strong>VER PRIMEIRO<\/strong><\/p>\n<p>Receba as not\u00edcias do Aconteceu no Vale em primeira m\u00e3o. Clique em curtir no endere\u00e7o <a href=\"https:\/\/www.facebook.com\/aconteceunovale\" target=\"_blank\"><font color=\"red\">www.facebook.com\/aconteceunovale<\/font><\/a> ou no box abaixo:<\/p>\n<div class=\"fb-like\" data-href=\"https:\/\/www.facebook.com\/aconteceunovale\" data-width=\"120\" data-layout=\"standard\" data-action=\"like\" data-size=\"small\" data-show-faces=\"true\" data-share=\"true\"><\/div>\n<p><\/br><\/p>\n<p><em>(Fonte: Estado de Minas)<\/em><\/p>\n","protected":false},"excerpt":{"rendered":"<p>Faleceu nessa quarta-feira (12\/07\/2017), aos 75 anos, Isael Dias, ex-prefeito de Iapu, no Leste de Minas Gerais. Ele era passageiro do Toyota Etios que caiu de uma altura de 9 metros dentro de um canteiro de obras no Barro Preto, Regi\u00e3o Centro-Sul de Belo Horizonte, na \u00faltima sexta. O acidente ocorreu na Avenida Barbacena, no [&hellip;]<\/p>\n","protected":false},"author":1,"featured_media":119037,"comment_status":"open","ping_status":"closed","sticky":false,"template":"","format":"standard","meta":{"amp_status":"","footnotes":""},"categories":[121],"tags":[155882,155885,155886,1722,155880,155883,155881,155884,123463],"class_list":["post-119036","post","type-post","status-publish","format-standard","has-post-thumbnail","hentry","category-leste","tag-ex-prefeito-de-iapu","tag-ex-prefeito-de-iapu-morre-apos-acidente-em-belo-horizonte","tag-ex-prefeito-de-iapu-morre-apos-acidente-em-bh","tag-iapu","tag-isael-dias","tag-morre-ex-prefeito-de-iapu","tag-morre-isael-dias","tag-nota-da-prefeitura-de-iapu","tag-prefeitura-de-iapu"],"yoast_head":"<!-- This site is optimized with the Yoast SEO plugin v28.3 - https:\/\/yoast.com\/product\/yoast-seo-wordpress\/ -->\n<title>Ex-prefeito de Iapu morre ap\u00f3s acidente em Belo Horizonte - Aconteceu no Vale<\/title>\n<meta name=\"robots\" content=\"index, follow, max-snippet:-1, max-image-preview:large, max-video-preview:-1\" \/>\n<link rel=\"canonical\" href=\"https:\/\/aconteceunovale.com.br\/portal\/?p=119036\" \/>\n<meta property=\"og:locale\" content=\"pt_BR\" \/>\n<meta property=\"og:type\" content=\"article\" \/>\n<meta property=\"og:title\" content=\"Ex-prefeito de Iapu morre ap\u00f3s acidente em Belo Horizonte - Aconteceu no Vale\" \/>\n<meta property=\"og:description\" content=\"Faleceu nessa quarta-feira (12\/07\/2017), aos 75 anos, Isael Dias, ex-prefeito de Iapu, no Leste de Minas Gerais. Ele era passageiro do Toyota Etios que caiu de uma altura de 9 metros dentro de um canteiro de obras no Barro Preto, Regi\u00e3o Centro-Sul de Belo Horizonte, na \u00faltima sexta. O acidente ocorreu na Avenida Barbacena, no [&hellip;]\" \/>\n<meta property=\"og:url\" content=\"https:\/\/aconteceunovale.com.br\/portal\/?p=119036\" \/>\n<meta property=\"og:site_name\" content=\"Aconteceu no Vale\" \/>\n<meta property=\"article:publisher\" content=\"https:\/\/www.facebook.com\/aconteceunovale\/\" \/>\n<meta property=\"article:published_time\" content=\"2017-07-14T00:05:44+00:00\" \/>\n<meta property=\"og:image\" content=\"https:\/\/aconteceunovale.com.br\/portal\/wp-content\/uploads\/2017\/07\/acidente_prefeitoiapu_1.jpg\" \/>\n\t<meta property=\"og:image:width\" content=\"678\" \/>\n\t<meta property=\"og:image:height\" content=\"398\" \/>\n\t<meta property=\"og:image:type\" content=\"image\/jpeg\" \/>\n<meta name=\"author\" content=\"Aconteceu no Vale\" \/>\n<meta name=\"twitter:card\" content=\"summary_large_image\" \/>\n<meta name=\"twitter:creator\" content=\"@noticiadosvales\" \/>\n<meta name=\"twitter:site\" content=\"@noticiadosvales\" \/>\n<meta name=\"twitter:label1\" content=\"Escrito por\" \/>\n\t<meta name=\"twitter:data1\" content=\"Aconteceu no Vale\" \/>\n\t<meta name=\"twitter:label2\" content=\"Est. tempo de leitura\" \/>\n\t<meta name=\"twitter:data2\" content=\"2 minutos\" \/>\n<script type=\"application\/ld+json\" class=\"yoast-schema-graph\">{\"@context\":\"https:\\\/\\\/schema.org\",\"@graph\":[{\"@type\":\"Article\",\"@id\":\"https:\\\/\\\/aconteceunovale.com.br\\\/portal\\\/?p=119036#article\",\"isPartOf\":{\"@id\":\"https:\\\/\\\/aconteceunovale.com.br\\\/portal\\\/?p=119036\"},\"author\":{\"name\":\"Aconteceu no Vale\",\"@id\":\"https:\\\/\\\/aconteceunovale.com.br\\\/portal\\\/#\\\/schema\\\/person\\\/633529146f2c94272bef50ac2953d589\"},\"headline\":\"Ex-prefeito de Iapu morre ap\u00f3s acidente em Belo Horizonte\",\"datePublished\":\"2017-07-14T00:05:44+00:00\",\"mainEntityOfPage\":{\"@id\":\"https:\\\/\\\/aconteceunovale.com.br\\\/portal\\\/?p=119036\"},\"wordCount\":399,\"commentCount\":0,\"image\":{\"@id\":\"https:\\\/\\\/aconteceunovale.com.br\\\/portal\\\/?p=119036#primaryimage\"},\"thumbnailUrl\":\"https:\\\/\\\/aconteceunovale.com.br\\\/portal\\\/wp-content\\\/uploads\\\/2017\\\/07\\\/acidente_prefeitoiapu_1.jpg\",\"keywords\":[\"ex-prefeito de Iapu\",\"Ex-prefeito de Iapu morre ap\u00f3s acidente em Belo Horizonte\",\"Ex-prefeito de Iapu morre ap\u00f3s acidente em BH\",\"Iapu\",\"Isael Dias\",\"Morre ex-prefeito de Iapu\",\"Morre Isael Dias\",\"Nota da Prefeitura de Iapu\",\"Prefeitura de Iapu\"],\"articleSection\":[\"Leste de Minas\"],\"inLanguage\":\"pt-BR\",\"potentialAction\":[{\"@type\":\"CommentAction\",\"name\":\"Comment\",\"target\":[\"https:\\\/\\\/aconteceunovale.com.br\\\/portal\\\/?p=119036#respond\"]}]},{\"@type\":\"WebPage\",\"@id\":\"https:\\\/\\\/aconteceunovale.com.br\\\/portal\\\/?p=119036\",\"url\":\"https:\\\/\\\/aconteceunovale.com.br\\\/portal\\\/?p=119036\",\"name\":\"Ex-prefeito de Iapu morre ap\u00f3s acidente em Belo Horizonte - Aconteceu no Vale\",\"isPartOf\":{\"@id\":\"https:\\\/\\\/aconteceunovale.com.br\\\/portal\\\/#website\"},\"primaryImageOfPage\":{\"@id\":\"https:\\\/\\\/aconteceunovale.com.br\\\/portal\\\/?p=119036#primaryimage\"},\"image\":{\"@id\":\"https:\\\/\\\/aconteceunovale.com.br\\\/portal\\\/?p=119036#primaryimage\"},\"thumbnailUrl\":\"https:\\\/\\\/aconteceunovale.com.br\\\/portal\\\/wp-content\\\/uploads\\\/2017\\\/07\\\/acidente_prefeitoiapu_1.jpg\",\"datePublished\":\"2017-07-14T00:05:44+00:00\",\"author\":{\"@id\":\"https:\\\/\\\/aconteceunovale.com.br\\\/portal\\\/#\\\/schema\\\/person\\\/633529146f2c94272bef50ac2953d589\"},\"breadcrumb\":{\"@id\":\"https:\\\/\\\/aconteceunovale.com.br\\\/portal\\\/?p=119036#breadcrumb\"},\"inLanguage\":\"pt-BR\",\"potentialAction\":[{\"@type\":\"ReadAction\",\"target\":[\"https:\\\/\\\/aconteceunovale.com.br\\\/portal\\\/?p=119036\"]}]},{\"@type\":\"ImageObject\",\"inLanguage\":\"pt-BR\",\"@id\":\"https:\\\/\\\/aconteceunovale.com.br\\\/portal\\\/?p=119036#primaryimage\",\"url\":\"https:\\\/\\\/aconteceunovale.com.br\\\/portal\\\/wp-content\\\/uploads\\\/2017\\\/07\\\/acidente_prefeitoiapu_1.jpg\",\"contentUrl\":\"https:\\\/\\\/aconteceunovale.com.br\\\/portal\\\/wp-content\\\/uploads\\\/2017\\\/07\\\/acidente_prefeitoiapu_1.jpg\",\"width\":678,\"height\":398},{\"@type\":\"BreadcrumbList\",\"@id\":\"https:\\\/\\\/aconteceunovale.com.br\\\/portal\\\/?p=119036#breadcrumb\",\"itemListElement\":[{\"@type\":\"ListItem\",\"position\":1,\"name\":\"In\u00edcio\",\"item\":\"https:\\\/\\\/aconteceunovale.com.br\\\/portal\\\/\"},{\"@type\":\"ListItem\",\"position\":2,\"name\":\"Ex-prefeito de Iapu morre ap\u00f3s acidente em Belo Horizonte\"}]},{\"@type\":\"WebSite\",\"@id\":\"https:\\\/\\\/aconteceunovale.com.br\\\/portal\\\/#website\",\"url\":\"https:\\\/\\\/aconteceunovale.com.br\\\/portal\\\/\",\"name\":\"Aconteceu no Vale\",\"description\":\"Portal de Not\u00edcias\",\"potentialAction\":[{\"@type\":\"SearchAction\",\"target\":{\"@type\":\"EntryPoint\",\"urlTemplate\":\"https:\\\/\\\/aconteceunovale.com.br\\\/portal\\\/?s={search_term_string}\"},\"query-input\":{\"@type\":\"PropertyValueSpecification\",\"valueRequired\":true,\"valueName\":\"search_term_string\"}}],\"inLanguage\":\"pt-BR\"},{\"@type\":\"Person\",\"@id\":\"https:\\\/\\\/aconteceunovale.com.br\\\/portal\\\/#\\\/schema\\\/person\\\/633529146f2c94272bef50ac2953d589\",\"name\":\"Aconteceu no Vale\",\"description\":\"Equipe de reportagem do Aconteceu no Vale, portal de not\u00edcias do Vale do Jequitinhonha, em Minas Gerais. Cobrimos as 51 cidades do Vale desde 2013. Sugest\u00f5es de pauta e pedidos de corre\u00e7\u00e3o: contato@aconteceunovale.com.br\",\"sameAs\":[\"http:\\\/\\\/www.aconteceunovale.com.br\"],\"url\":\"https:\\\/\\\/aconteceunovale.com.br\\\/portal\\\/?author=1\"}]}<\/script>\n<!-- \/ Yoast SEO plugin. -->","yoast_head_json":{"title":"Ex-prefeito de Iapu morre ap\u00f3s acidente em Belo Horizonte - Aconteceu no Vale","robots":{"index":"index","follow":"follow","max-snippet":"max-snippet:-1","max-image-preview":"max-image-preview:large","max-video-preview":"max-video-preview:-1"},"canonical":"https:\/\/aconteceunovale.com.br\/portal\/?p=119036","og_locale":"pt_BR","og_type":"article","og_title":"Ex-prefeito de Iapu morre ap\u00f3s acidente em Belo Horizonte - Aconteceu no Vale","og_description":"Faleceu nessa quarta-feira (12\/07\/2017), aos 75 anos, Isael Dias, ex-prefeito de Iapu, no Leste de Minas Gerais. Ele era passageiro do Toyota Etios que caiu de uma altura de 9 metros dentro de um canteiro de obras no Barro Preto, Regi\u00e3o Centro-Sul de Belo Horizonte, na \u00faltima sexta. O acidente ocorreu na Avenida Barbacena, no [&hellip;]","og_url":"https:\/\/aconteceunovale.com.br\/portal\/?p=119036","og_site_name":"Aconteceu no Vale","article_publisher":"https:\/\/www.facebook.com\/aconteceunovale\/","article_published_time":"2017-07-14T00:05:44+00:00","og_image":[{"width":678,"height":398,"url":"https:\/\/aconteceunovale.com.br\/portal\/wp-content\/uploads\/2017\/07\/acidente_prefeitoiapu_1.jpg","type":"image\/jpeg"}],"author":"Aconteceu no Vale","twitter_card":"summary_large_image","twitter_creator":"@noticiadosvales","twitter_site":"@noticiadosvales","twitter_misc":{"Escrito por":"Aconteceu no Vale","Est. tempo de leitura":"2 minutos"},"schema":{"@context":"https:\/\/schema.org","@graph":[{"@type":"Article","@id":"https:\/\/aconteceunovale.com.br\/portal\/?p=119036#article","isPartOf":{"@id":"https:\/\/aconteceunovale.com.br\/portal\/?p=119036"},"author":{"name":"Aconteceu no Vale","@id":"https:\/\/aconteceunovale.com.br\/portal\/#\/schema\/person\/633529146f2c94272bef50ac2953d589"},"headline":"Ex-prefeito de Iapu morre ap\u00f3s acidente em Belo Horizonte","datePublished":"2017-07-14T00:05:44+00:00","mainEntityOfPage":{"@id":"https:\/\/aconteceunovale.com.br\/portal\/?p=119036"},"wordCount":399,"commentCount":0,"image":{"@id":"https:\/\/aconteceunovale.com.br\/portal\/?p=119036#primaryimage"},"thumbnailUrl":"https:\/\/aconteceunovale.com.br\/portal\/wp-content\/uploads\/2017\/07\/acidente_prefeitoiapu_1.jpg","keywords":["ex-prefeito de Iapu","Ex-prefeito de Iapu morre ap\u00f3s acidente em Belo Horizonte","Ex-prefeito de Iapu morre ap\u00f3s acidente em BH","Iapu","Isael Dias","Morre ex-prefeito de Iapu","Morre Isael Dias","Nota da Prefeitura de Iapu","Prefeitura de Iapu"],"articleSection":["Leste de Minas"],"inLanguage":"pt-BR","potentialAction":[{"@type":"CommentAction","name":"Comment","target":["https:\/\/aconteceunovale.com.br\/portal\/?p=119036#respond"]}]},{"@type":"WebPage","@id":"https:\/\/aconteceunovale.com.br\/portal\/?p=119036","url":"https:\/\/aconteceunovale.com.br\/portal\/?p=119036","name":"Ex-prefeito de Iapu morre ap\u00f3s acidente em Belo Horizonte - Aconteceu no Vale","isPartOf":{"@id":"https:\/\/aconteceunovale.com.br\/portal\/#website"},"primaryImageOfPage":{"@id":"https:\/\/aconteceunovale.com.br\/portal\/?p=119036#primaryimage"},"image":{"@id":"https:\/\/aconteceunovale.com.br\/portal\/?p=119036#primaryimage"},"thumbnailUrl":"https:\/\/aconteceunovale.com.br\/portal\/wp-content\/uploads\/2017\/07\/acidente_prefeitoiapu_1.jpg","datePublished":"2017-07-14T00:05:44+00:00","author":{"@id":"https:\/\/aconteceunovale.com.br\/portal\/#\/schema\/person\/633529146f2c94272bef50ac2953d589"},"breadcrumb":{"@id":"https:\/\/aconteceunovale.com.br\/portal\/?p=119036#breadcrumb"},"inLanguage":"pt-BR","potentialAction":[{"@type":"ReadAction","target":["https:\/\/aconteceunovale.com.br\/portal\/?p=119036"]}]},{"@type":"ImageObject","inLanguage":"pt-BR","@id":"https:\/\/aconteceunovale.com.br\/portal\/?p=119036#primaryimage","url":"https:\/\/aconteceunovale.com.br\/portal\/wp-content\/uploads\/2017\/07\/acidente_prefeitoiapu_1.jpg","contentUrl":"https:\/\/aconteceunovale.com.br\/portal\/wp-content\/uploads\/2017\/07\/acidente_prefeitoiapu_1.jpg","width":678,"height":398},{"@type":"BreadcrumbList","@id":"https:\/\/aconteceunovale.com.br\/portal\/?p=119036#breadcrumb","itemListElement":[{"@type":"ListItem","position":1,"name":"In\u00edcio","item":"https:\/\/aconteceunovale.com.br\/portal\/"},{"@type":"ListItem","position":2,"name":"Ex-prefeito de Iapu morre ap\u00f3s acidente em Belo Horizonte"}]},{"@type":"WebSite","@id":"https:\/\/aconteceunovale.com.br\/portal\/#website","url":"https:\/\/aconteceunovale.com.br\/portal\/","name":"Aconteceu no Vale","description":"Portal de Not\u00edcias","potentialAction":[{"@type":"SearchAction","target":{"@type":"EntryPoint","urlTemplate":"https:\/\/aconteceunovale.com.br\/portal\/?s={search_term_string}"},"query-input":{"@type":"PropertyValueSpecification","valueRequired":true,"valueName":"search_term_string"}}],"inLanguage":"pt-BR"},{"@type":"Person","@id":"https:\/\/aconteceunovale.com.br\/portal\/#\/schema\/person\/633529146f2c94272bef50ac2953d589","name":"Aconteceu no Vale","description":"Equipe de reportagem do Aconteceu no Vale, portal de not\u00edcias do Vale do Jequitinhonha, em Minas Gerais. Cobrimos as 51 cidades do Vale desde 2013. Sugest\u00f5es de pauta e pedidos de corre\u00e7\u00e3o: contato@aconteceunovale.com.br","sameAs":["http:\/\/www.aconteceunovale.com.br"],"url":"https:\/\/aconteceunovale.com.br\/portal\/?author=1"}]}},"_links":{"self":[{"href":"https:\/\/aconteceunovale.com.br\/portal\/index.php?rest_route=\/wp\/v2\/posts\/119036","targetHints":{"allow":["GET"]}}],"collection":[{"href":"https:\/\/aconteceunovale.com.br\/portal\/index.php?rest_route=\/wp\/v2\/posts"}],"about":[{"href":"https:\/\/aconteceunovale.com.br\/portal\/index.php?rest_route=\/wp\/v2\/types\/post"}],"author":[{"embeddable":true,"href":"https:\/\/aconteceunovale.com.br\/portal\/index.php?rest_route=\/wp\/v2\/users\/1"}],"replies":[{"embeddable":true,"href":"https:\/\/aconteceunovale.com.br\/portal\/index.php?rest_route=%2Fwp%2Fv2%2Fcomments&post=119036"}],"version-history":[{"count":0,"href":"https:\/\/aconteceunovale.com.br\/portal\/index.php?rest_route=\/wp\/v2\/posts\/119036\/revisions"}],"wp:featuredmedia":[{"embeddable":true,"href":"https:\/\/aconteceunovale.com.br\/portal\/index.php?rest_route=\/wp\/v2\/media\/119037"}],"wp:attachment":[{"href":"https:\/\/aconteceunovale.com.br\/portal\/index.php?rest_route=%2Fwp%2Fv2%2Fmedia&parent=119036"}],"wp:term":[{"taxonomy":"category","embeddable":true,"href":"https:\/\/aconteceunovale.com.br\/portal\/index.php?rest_route=%2Fwp%2Fv2%2Fcategories&post=119036"},{"taxonomy":"post_tag","embeddable":true,"href":"https:\/\/aconteceunovale.com.br\/portal\/index.php?rest_route=%2Fwp%2Fv2%2Ftags&post=119036"}],"curies":[{"name":"wp","href":"https:\/\/api.w.org\/{rel}","templated":true}]}}