{"id":119024,"date":"2017-07-13T21:25:31","date_gmt":"2017-07-13T23:25:31","guid":{"rendered":"http:\/\/aconteceunovale.com.br\/portal\/?p=119024"},"modified":"2017-07-13T21:25:31","modified_gmt":"2017-07-13T23:25:31","slug":"operacao-deja-vu-apreende-mais-de-800-quilos-de-maconha-em-montes-claros","status":"publish","type":"post","link":"https:\/\/aconteceunovale.com.br\/portal\/?p=119024","title":{"rendered":"Opera\u00e7\u00e3o D\u00e9j\u00e0 Vu apreende mais de 800 quilos de maconha em Montes Claros"},"content":{"rendered":"<p>A Pol\u00edcia Civil de Minas Gerais (PCMG), em conjunto com a Pol\u00edcia Militar (PMMG), realizou, na manh\u00e3 de hoje (13\/07\/2017), a Opera\u00e7\u00e3o D\u00e9j\u00e0 Vu. A a\u00e7\u00e3o resultou na pris\u00e3o de quatro suspeitos, sendo L.C.B, de 34 anos, R.P.S.A, de 33, S.A.C, de 31, e M.S.F, de 40. Tamb\u00e9m foram apreendidos 807 quilos de maconha. Os investigados foram autuados por tr\u00e1fico de drogas e associa\u00e7\u00e3o ao tr\u00e1fico.  <\/p>\n<p>As investiga\u00e7\u00f5es tiveram in\u00edcio em maio deste ano, ap\u00f3s a conclus\u00e3o da Opera\u00e7\u00e3o Vaccari, realizada em Montes Claros, quando a PCMG apreendeu mais de 300 quilos de drogas. Novas apura\u00e7\u00f5es apontaram que os suspeitos remanescentes do grupo autuado assumiram as fun\u00e7\u00f5es dos integrantes presos.<\/p>\n<p>&#8220;Os policiais militares repassaram informa\u00e7\u00f5es para a Pol\u00edcia Civil acerca do grupo que n\u00e3o havia sido preso na Opera\u00e7\u00e3o Vaccari, instauramos o inqu\u00e9rito policial e solicitamos todas as medidas judiciais cab\u00edveis&#8221;, relatou o delegado Heriventon Ruas Santana, acrescentando que: \u201ccomo ficou este grupo restante, colocamos o nome da opera\u00e7\u00e3o D\u00e9J\u00e0 vu\u201d.<\/p>\n<p>A droga apreendida foi adquirida no Paraguai, na fronteira de Ponta Por\u00e3, em Mato Grosso do Sul. &#8220;Os suspeitos seguiam por rotas n\u00e3o usuais, como estradas vicinais. Al\u00e9m disso, transportavam gasolina dentro do veiculo, evitando parar em postos de combust\u00edveis para n\u00e3o despertar suspeitas&#8221;, explicou o delegado Jurandir Rodrigues.<\/p>\n<p>A maconha foi acondicionada dentro de \u00fanico ve\u00edculo, que foi transformado para acomodar os 807 quilos de drogas.  Apenas o banco do motorista foi mantido.<\/p>\n<p>Os outros tr\u00eas suspeitos exerciam a miss\u00e3o de \u201cbatedores\u201d, seguiam em dois carros,  escoltavam  o ve\u00edculo que transportava  a droga, verificando a realiza\u00e7\u00e3o de blitz, fiscaliza\u00e7\u00f5es  e a\u00e7\u00f5es policiais no percurso.<\/p>\n<p>A ousadia dos suspeitos em viajar cerca de dois mil quil\u00f4metros com mais de 800 quilos de maconha acondicionada em um \u00fanico ve\u00edculo chamou a aten\u00e7\u00e3o dos policiais.<\/p>\n<p>Desde o \u00faltimo domingo (09\/07\/2017), os policiais civis e militares se revezavam em turno para monitorar e prender os criminosos. Na a\u00e7\u00e3o de hoje, trinta policiais, divididos em dez equipes, ficaram posicionados em pontos diferentes da BR-365, estrat\u00e9gia usada para diminuir o risco de fuga e garantir o sucesso da a\u00e7\u00e3o.<\/p>\n<p>Outras opera\u00e7\u00f5es como essas ser\u00e3o realizadas no \u00e2mbito do Norte de Minas, destacou o chefe de departamento, Renato Nunes Henriques, atribuindo o sucesso da Opera\u00e7\u00e3o D\u00e9j\u00e0 Vu ao apoio existente entre as pol\u00edcias Civil e Militar, o Minist\u00e9rio P\u00fablico e o Poder Judici\u00e1rio. <\/p>\n<p>As investiga\u00e7\u00f5es continuam com o objetivo de identificar o destino da droga. &#8220;J\u00e1 sabemos que as substancias seriam distribu\u00eddas em Montes Claros e Regi\u00e3o&#8221;, esclareceu o delegado Herivelton.<\/p>\n<p><img decoding=\"async\" src=\"http:\/\/aconteceunovale.com.br\/portal\/wp-content\/uploads\/2017\/07\/maconha_moc_800_1.jpeg\" alt=\"\" \/><em>Grande quantidade de maconha foi apreendida na opera\u00e7\u00e3o (Foto: Divulga\u00e7\u00e3o\/PC)<\/em><br \/>\n<\/br><\/p>\n<p><img decoding=\"async\" src=\"http:\/\/aconteceunovale.com.br\/portal\/wp-content\/uploads\/2017\/07\/maconha_moc_800_2.jpeg\" alt=\"\" \/><em>Grande quantidade de maconha foi apreendida na opera\u00e7\u00e3o (Foto: Divulga\u00e7\u00e3o\/PC)<\/em><br \/>\n<\/br><\/p>\n<p><img decoding=\"async\" src=\"http:\/\/aconteceunovale.com.br\/portal\/wp-content\/uploads\/2017\/07\/maconha_moc_800_3.jpeg\" alt=\"\" \/><em>Grande quantidade de maconha foi apreendida na opera\u00e7\u00e3o (Foto: Divulga\u00e7\u00e3o\/PC)<\/em><br \/>\n<\/br><\/p>\n<p><img decoding=\"async\" src=\"http:\/\/aconteceunovale.com.br\/portal\/wp-content\/uploads\/2017\/07\/maconha_moc_800_4.jpg\" alt=\"\" \/><em>Grande quantidade de maconha foi apreendida na opera\u00e7\u00e3o (Foto: Divulga\u00e7\u00e3o\/PM)<\/em><br \/>\n<\/br><\/p>\n<p><strong>VER PRIMEIRO<\/strong><\/p>\n<p>Receba as not\u00edcias do Aconteceu no Vale em primeira m\u00e3o. Clique em curtir no endere\u00e7o <a href=\"https:\/\/www.facebook.com\/aconteceunovale\" target=\"_blank\"><font color=\"red\">www.facebook.com\/aconteceunovale<\/font><\/a> ou no box abaixo:<\/p>\n<div class=\"fb-like\" data-href=\"https:\/\/www.facebook.com\/aconteceunovale\" data-width=\"120\" data-layout=\"standard\" data-action=\"like\" data-size=\"small\" data-show-faces=\"true\" data-share=\"true\"><\/div>\n<p><\/br><\/p>\n<p><em>(Fonte: PCMG)<\/em><\/p>\n","protected":false},"excerpt":{"rendered":"<p>A Pol\u00edcia Civil de Minas Gerais (PCMG), em conjunto com a Pol\u00edcia Militar (PMMG), realizou, na manh\u00e3 de hoje (13\/07\/2017), a Opera\u00e7\u00e3o D\u00e9j\u00e0 Vu. A a\u00e7\u00e3o resultou na pris\u00e3o de quatro suspeitos, sendo L.C.B, de 34 anos, R.P.S.A, de 33, S.A.C, de 31, e M.S.F, de 40. Tamb\u00e9m foram apreendidos 807 quilos de maconha. Os [&hellip;]<\/p>\n","protected":false},"author":1,"featured_media":119027,"comment_status":"open","ping_status":"closed","sticky":false,"template":"","format":"standard","meta":{"amp_status":"","footnotes":""},"categories":[1236],"tags":[142828,126946,155870,104862,155871,155869,113765,101954,155867,155872,155868,140081,16735,604,38187,44644,8336,114703,124014],"class_list":["post-119024","post","type-post","status-publish","format-standard","has-post-thumbnail","hentry","category-norte_de_minas","tag-apreensao-de-droga-em-montes-claros","tag-apreensao-de-maconha-em-montes-claros","tag-delegado-heriventon-ruas-santana","tag-droga-apreendida-em-montes-claros","tag-droga-do-paraguai","tag-heriventon-ruas-santana","tag-maconha-apreendida-em-montes-claros","tag-mato-grosso-do-sul","tag-operacao-deja-vu","tag-operacao-deja-vu-apreende-mais-de-800-quilos-de-maconha-em-montes-claros","tag-operacao-deja-vu-em-montes-claros","tag-operacao-vaccari","tag-paraguai","tag-pcmg","tag-pmmg","tag-policia-civil-de-minas-gerais","tag-ponta-pora","tag-traficantes-presos-em-montes-claros","tag-trafico-em-montes-claros"],"yoast_head":"<!-- This site is optimized with the Yoast SEO plugin v28.3 - https:\/\/yoast.com\/product\/yoast-seo-wordpress\/ -->\n<title>Opera\u00e7\u00e3o D\u00e9j\u00e0 Vu apreende mais de 800 quilos de maconha em Montes Claros - Aconteceu no Vale<\/title>\n<meta name=\"robots\" content=\"index, follow, max-snippet:-1, max-image-preview:large, max-video-preview:-1\" \/>\n<link rel=\"canonical\" href=\"https:\/\/aconteceunovale.com.br\/portal\/?p=119024\" \/>\n<meta property=\"og:locale\" content=\"pt_BR\" \/>\n<meta property=\"og:type\" content=\"article\" \/>\n<meta property=\"og:title\" content=\"Opera\u00e7\u00e3o D\u00e9j\u00e0 Vu apreende mais de 800 quilos de maconha em Montes Claros - Aconteceu no Vale\" \/>\n<meta property=\"og:description\" content=\"A Pol\u00edcia Civil de Minas Gerais (PCMG), em conjunto com a Pol\u00edcia Militar (PMMG), realizou, na manh\u00e3 de hoje (13\/07\/2017), a Opera\u00e7\u00e3o D\u00e9j\u00e0 Vu. A a\u00e7\u00e3o resultou na pris\u00e3o de quatro suspeitos, sendo L.C.B, de 34 anos, R.P.S.A, de 33, S.A.C, de 31, e M.S.F, de 40. Tamb\u00e9m foram apreendidos 807 quilos de maconha. Os [&hellip;]\" \/>\n<meta property=\"og:url\" content=\"https:\/\/aconteceunovale.com.br\/portal\/?p=119024\" \/>\n<meta property=\"og:site_name\" content=\"Aconteceu no Vale\" \/>\n<meta property=\"article:publisher\" content=\"https:\/\/www.facebook.com\/aconteceunovale\/\" \/>\n<meta property=\"article:published_time\" content=\"2017-07-13T23:25:31+00:00\" \/>\n<meta property=\"og:image\" content=\"https:\/\/aconteceunovale.com.br\/portal\/wp-content\/uploads\/2017\/07\/maconha_moc_800_4.jpg\" \/>\n\t<meta property=\"og:image:width\" content=\"678\" \/>\n\t<meta property=\"og:image:height\" content=\"292\" \/>\n\t<meta property=\"og:image:type\" content=\"image\/jpeg\" \/>\n<meta name=\"author\" content=\"Aconteceu no Vale\" \/>\n<meta name=\"twitter:card\" content=\"summary_large_image\" \/>\n<meta name=\"twitter:creator\" content=\"@noticiadosvales\" \/>\n<meta name=\"twitter:site\" content=\"@noticiadosvales\" \/>\n<meta name=\"twitter:label1\" content=\"Escrito por\" \/>\n\t<meta name=\"twitter:data1\" content=\"Aconteceu no Vale\" \/>\n\t<meta name=\"twitter:label2\" content=\"Est. tempo de leitura\" \/>\n\t<meta name=\"twitter:data2\" content=\"3 minutos\" \/>\n<script type=\"application\/ld+json\" class=\"yoast-schema-graph\">{\"@context\":\"https:\\\/\\\/schema.org\",\"@graph\":[{\"@type\":\"Article\",\"@id\":\"https:\\\/\\\/aconteceunovale.com.br\\\/portal\\\/?p=119024#article\",\"isPartOf\":{\"@id\":\"https:\\\/\\\/aconteceunovale.com.br\\\/portal\\\/?p=119024\"},\"author\":{\"name\":\"Aconteceu no Vale\",\"@id\":\"https:\\\/\\\/aconteceunovale.com.br\\\/portal\\\/#\\\/schema\\\/person\\\/633529146f2c94272bef50ac2953d589\"},\"headline\":\"Opera\u00e7\u00e3o D\u00e9j\u00e0 Vu apreende mais de 800 quilos de maconha em Montes Claros\",\"datePublished\":\"2017-07-13T23:25:31+00:00\",\"mainEntityOfPage\":{\"@id\":\"https:\\\/\\\/aconteceunovale.com.br\\\/portal\\\/?p=119024\"},\"wordCount\":564,\"commentCount\":0,\"image\":{\"@id\":\"https:\\\/\\\/aconteceunovale.com.br\\\/portal\\\/?p=119024#primaryimage\"},\"thumbnailUrl\":\"https:\\\/\\\/aconteceunovale.com.br\\\/portal\\\/wp-content\\\/uploads\\\/2017\\\/07\\\/maconha_moc_800_4.jpg\",\"keywords\":[\"Apreens\u00e3o de droga em Montes Claros\",\"Apreens\u00e3o de maconha em Montes Claros\",\"Delegado Heriventon Ruas Santana\",\"droga apreendida em Montes Claros\",\"Droga do Paraguai\",\"Heriventon Ruas Santana\",\"maconha apreendida em montes claros\",\"Mato Grosso do Sul\",\"Opera\u00e7\u00e3o D\u00e9j\u00e0 Vu\",\"Opera\u00e7\u00e3o D\u00e9j\u00e0 Vu apreende mais de 800 quilos de maconha em Montes Claros\",\"Opera\u00e7\u00e3o D\u00e9j\u00e0 Vu em Montes Claros\",\"Opera\u00e7\u00e3o Vaccari\",\"Paraguai\",\"PCMG\",\"PMMG\",\"Pol\u00edcia Civil de Minas Gerais\",\"Ponta Por\u00e3\",\"traficantes presos em Montes Claros\",\"Tr\u00e1fico em Montes Claros\"],\"articleSection\":[\"Norte de Minas\"],\"inLanguage\":\"pt-BR\",\"potentialAction\":[{\"@type\":\"CommentAction\",\"name\":\"Comment\",\"target\":[\"https:\\\/\\\/aconteceunovale.com.br\\\/portal\\\/?p=119024#respond\"]}]},{\"@type\":\"WebPage\",\"@id\":\"https:\\\/\\\/aconteceunovale.com.br\\\/portal\\\/?p=119024\",\"url\":\"https:\\\/\\\/aconteceunovale.com.br\\\/portal\\\/?p=119024\",\"name\":\"Opera\u00e7\u00e3o D\u00e9j\u00e0 Vu apreende mais de 800 quilos de maconha em Montes Claros - Aconteceu no Vale\",\"isPartOf\":{\"@id\":\"https:\\\/\\\/aconteceunovale.com.br\\\/portal\\\/#website\"},\"primaryImageOfPage\":{\"@id\":\"https:\\\/\\\/aconteceunovale.com.br\\\/portal\\\/?p=119024#primaryimage\"},\"image\":{\"@id\":\"https:\\\/\\\/aconteceunovale.com.br\\\/portal\\\/?p=119024#primaryimage\"},\"thumbnailUrl\":\"https:\\\/\\\/aconteceunovale.com.br\\\/portal\\\/wp-content\\\/uploads\\\/2017\\\/07\\\/maconha_moc_800_4.jpg\",\"datePublished\":\"2017-07-13T23:25:31+00:00\",\"author\":{\"@id\":\"https:\\\/\\\/aconteceunovale.com.br\\\/portal\\\/#\\\/schema\\\/person\\\/633529146f2c94272bef50ac2953d589\"},\"breadcrumb\":{\"@id\":\"https:\\\/\\\/aconteceunovale.com.br\\\/portal\\\/?p=119024#breadcrumb\"},\"inLanguage\":\"pt-BR\",\"potentialAction\":[{\"@type\":\"ReadAction\",\"target\":[\"https:\\\/\\\/aconteceunovale.com.br\\\/portal\\\/?p=119024\"]}]},{\"@type\":\"ImageObject\",\"inLanguage\":\"pt-BR\",\"@id\":\"https:\\\/\\\/aconteceunovale.com.br\\\/portal\\\/?p=119024#primaryimage\",\"url\":\"https:\\\/\\\/aconteceunovale.com.br\\\/portal\\\/wp-content\\\/uploads\\\/2017\\\/07\\\/maconha_moc_800_4.jpg\",\"contentUrl\":\"https:\\\/\\\/aconteceunovale.com.br\\\/portal\\\/wp-content\\\/uploads\\\/2017\\\/07\\\/maconha_moc_800_4.jpg\",\"width\":678,\"height\":292},{\"@type\":\"BreadcrumbList\",\"@id\":\"https:\\\/\\\/aconteceunovale.com.br\\\/portal\\\/?p=119024#breadcrumb\",\"itemListElement\":[{\"@type\":\"ListItem\",\"position\":1,\"name\":\"In\u00edcio\",\"item\":\"https:\\\/\\\/aconteceunovale.com.br\\\/portal\\\/\"},{\"@type\":\"ListItem\",\"position\":2,\"name\":\"Opera\u00e7\u00e3o D\u00e9j\u00e0 Vu apreende mais de 800 quilos de maconha em Montes Claros\"}]},{\"@type\":\"WebSite\",\"@id\":\"https:\\\/\\\/aconteceunovale.com.br\\\/portal\\\/#website\",\"url\":\"https:\\\/\\\/aconteceunovale.com.br\\\/portal\\\/\",\"name\":\"Aconteceu no Vale\",\"description\":\"Portal de Not\u00edcias\",\"potentialAction\":[{\"@type\":\"SearchAction\",\"target\":{\"@type\":\"EntryPoint\",\"urlTemplate\":\"https:\\\/\\\/aconteceunovale.com.br\\\/portal\\\/?s={search_term_string}\"},\"query-input\":{\"@type\":\"PropertyValueSpecification\",\"valueRequired\":true,\"valueName\":\"search_term_string\"}}],\"inLanguage\":\"pt-BR\"},{\"@type\":\"Person\",\"@id\":\"https:\\\/\\\/aconteceunovale.com.br\\\/portal\\\/#\\\/schema\\\/person\\\/633529146f2c94272bef50ac2953d589\",\"name\":\"Aconteceu no Vale\",\"description\":\"Equipe de reportagem do Aconteceu no Vale, portal de not\u00edcias do Vale do Jequitinhonha, em Minas Gerais. Cobrimos as 51 cidades do Vale desde 2013. Sugest\u00f5es de pauta e pedidos de corre\u00e7\u00e3o: contato@aconteceunovale.com.br\",\"sameAs\":[\"http:\\\/\\\/www.aconteceunovale.com.br\"],\"url\":\"https:\\\/\\\/aconteceunovale.com.br\\\/portal\\\/?author=1\"}]}<\/script>\n<!-- \/ Yoast SEO plugin. -->","yoast_head_json":{"title":"Opera\u00e7\u00e3o D\u00e9j\u00e0 Vu apreende mais de 800 quilos de maconha em Montes Claros - Aconteceu no Vale","robots":{"index":"index","follow":"follow","max-snippet":"max-snippet:-1","max-image-preview":"max-image-preview:large","max-video-preview":"max-video-preview:-1"},"canonical":"https:\/\/aconteceunovale.com.br\/portal\/?p=119024","og_locale":"pt_BR","og_type":"article","og_title":"Opera\u00e7\u00e3o D\u00e9j\u00e0 Vu apreende mais de 800 quilos de maconha em Montes Claros - Aconteceu no Vale","og_description":"A Pol\u00edcia Civil de Minas Gerais (PCMG), em conjunto com a Pol\u00edcia Militar (PMMG), realizou, na manh\u00e3 de hoje (13\/07\/2017), a Opera\u00e7\u00e3o D\u00e9j\u00e0 Vu. A a\u00e7\u00e3o resultou na pris\u00e3o de quatro suspeitos, sendo L.C.B, de 34 anos, R.P.S.A, de 33, S.A.C, de 31, e M.S.F, de 40. Tamb\u00e9m foram apreendidos 807 quilos de maconha. Os [&hellip;]","og_url":"https:\/\/aconteceunovale.com.br\/portal\/?p=119024","og_site_name":"Aconteceu no Vale","article_publisher":"https:\/\/www.facebook.com\/aconteceunovale\/","article_published_time":"2017-07-13T23:25:31+00:00","og_image":[{"width":678,"height":292,"url":"https:\/\/aconteceunovale.com.br\/portal\/wp-content\/uploads\/2017\/07\/maconha_moc_800_4.jpg","type":"image\/jpeg"}],"author":"Aconteceu no Vale","twitter_card":"summary_large_image","twitter_creator":"@noticiadosvales","twitter_site":"@noticiadosvales","twitter_misc":{"Escrito por":"Aconteceu no Vale","Est. tempo de leitura":"3 minutos"},"schema":{"@context":"https:\/\/schema.org","@graph":[{"@type":"Article","@id":"https:\/\/aconteceunovale.com.br\/portal\/?p=119024#article","isPartOf":{"@id":"https:\/\/aconteceunovale.com.br\/portal\/?p=119024"},"author":{"name":"Aconteceu no Vale","@id":"https:\/\/aconteceunovale.com.br\/portal\/#\/schema\/person\/633529146f2c94272bef50ac2953d589"},"headline":"Opera\u00e7\u00e3o D\u00e9j\u00e0 Vu apreende mais de 800 quilos de maconha em Montes Claros","datePublished":"2017-07-13T23:25:31+00:00","mainEntityOfPage":{"@id":"https:\/\/aconteceunovale.com.br\/portal\/?p=119024"},"wordCount":564,"commentCount":0,"image":{"@id":"https:\/\/aconteceunovale.com.br\/portal\/?p=119024#primaryimage"},"thumbnailUrl":"https:\/\/aconteceunovale.com.br\/portal\/wp-content\/uploads\/2017\/07\/maconha_moc_800_4.jpg","keywords":["Apreens\u00e3o de droga em Montes Claros","Apreens\u00e3o de maconha em Montes Claros","Delegado Heriventon Ruas Santana","droga apreendida em Montes Claros","Droga do Paraguai","Heriventon Ruas Santana","maconha apreendida em montes claros","Mato Grosso do Sul","Opera\u00e7\u00e3o D\u00e9j\u00e0 Vu","Opera\u00e7\u00e3o D\u00e9j\u00e0 Vu apreende mais de 800 quilos de maconha em Montes Claros","Opera\u00e7\u00e3o D\u00e9j\u00e0 Vu em Montes Claros","Opera\u00e7\u00e3o Vaccari","Paraguai","PCMG","PMMG","Pol\u00edcia Civil de Minas Gerais","Ponta Por\u00e3","traficantes presos em Montes Claros","Tr\u00e1fico em Montes Claros"],"articleSection":["Norte de Minas"],"inLanguage":"pt-BR","potentialAction":[{"@type":"CommentAction","name":"Comment","target":["https:\/\/aconteceunovale.com.br\/portal\/?p=119024#respond"]}]},{"@type":"WebPage","@id":"https:\/\/aconteceunovale.com.br\/portal\/?p=119024","url":"https:\/\/aconteceunovale.com.br\/portal\/?p=119024","name":"Opera\u00e7\u00e3o D\u00e9j\u00e0 Vu apreende mais de 800 quilos de maconha em Montes Claros - Aconteceu no Vale","isPartOf":{"@id":"https:\/\/aconteceunovale.com.br\/portal\/#website"},"primaryImageOfPage":{"@id":"https:\/\/aconteceunovale.com.br\/portal\/?p=119024#primaryimage"},"image":{"@id":"https:\/\/aconteceunovale.com.br\/portal\/?p=119024#primaryimage"},"thumbnailUrl":"https:\/\/aconteceunovale.com.br\/portal\/wp-content\/uploads\/2017\/07\/maconha_moc_800_4.jpg","datePublished":"2017-07-13T23:25:31+00:00","author":{"@id":"https:\/\/aconteceunovale.com.br\/portal\/#\/schema\/person\/633529146f2c94272bef50ac2953d589"},"breadcrumb":{"@id":"https:\/\/aconteceunovale.com.br\/portal\/?p=119024#breadcrumb"},"inLanguage":"pt-BR","potentialAction":[{"@type":"ReadAction","target":["https:\/\/aconteceunovale.com.br\/portal\/?p=119024"]}]},{"@type":"ImageObject","inLanguage":"pt-BR","@id":"https:\/\/aconteceunovale.com.br\/portal\/?p=119024#primaryimage","url":"https:\/\/aconteceunovale.com.br\/portal\/wp-content\/uploads\/2017\/07\/maconha_moc_800_4.jpg","contentUrl":"https:\/\/aconteceunovale.com.br\/portal\/wp-content\/uploads\/2017\/07\/maconha_moc_800_4.jpg","width":678,"height":292},{"@type":"BreadcrumbList","@id":"https:\/\/aconteceunovale.com.br\/portal\/?p=119024#breadcrumb","itemListElement":[{"@type":"ListItem","position":1,"name":"In\u00edcio","item":"https:\/\/aconteceunovale.com.br\/portal\/"},{"@type":"ListItem","position":2,"name":"Opera\u00e7\u00e3o D\u00e9j\u00e0 Vu apreende mais de 800 quilos de maconha em Montes Claros"}]},{"@type":"WebSite","@id":"https:\/\/aconteceunovale.com.br\/portal\/#website","url":"https:\/\/aconteceunovale.com.br\/portal\/","name":"Aconteceu no Vale","description":"Portal de Not\u00edcias","potentialAction":[{"@type":"SearchAction","target":{"@type":"EntryPoint","urlTemplate":"https:\/\/aconteceunovale.com.br\/portal\/?s={search_term_string}"},"query-input":{"@type":"PropertyValueSpecification","valueRequired":true,"valueName":"search_term_string"}}],"inLanguage":"pt-BR"},{"@type":"Person","@id":"https:\/\/aconteceunovale.com.br\/portal\/#\/schema\/person\/633529146f2c94272bef50ac2953d589","name":"Aconteceu no Vale","description":"Equipe de reportagem do Aconteceu no Vale, portal de not\u00edcias do Vale do Jequitinhonha, em Minas Gerais. Cobrimos as 51 cidades do Vale desde 2013. Sugest\u00f5es de pauta e pedidos de corre\u00e7\u00e3o: contato@aconteceunovale.com.br","sameAs":["http:\/\/www.aconteceunovale.com.br"],"url":"https:\/\/aconteceunovale.com.br\/portal\/?author=1"}]}},"_links":{"self":[{"href":"https:\/\/aconteceunovale.com.br\/portal\/index.php?rest_route=\/wp\/v2\/posts\/119024","targetHints":{"allow":["GET"]}}],"collection":[{"href":"https:\/\/aconteceunovale.com.br\/portal\/index.php?rest_route=\/wp\/v2\/posts"}],"about":[{"href":"https:\/\/aconteceunovale.com.br\/portal\/index.php?rest_route=\/wp\/v2\/types\/post"}],"author":[{"embeddable":true,"href":"https:\/\/aconteceunovale.com.br\/portal\/index.php?rest_route=\/wp\/v2\/users\/1"}],"replies":[{"embeddable":true,"href":"https:\/\/aconteceunovale.com.br\/portal\/index.php?rest_route=%2Fwp%2Fv2%2Fcomments&post=119024"}],"version-history":[{"count":0,"href":"https:\/\/aconteceunovale.com.br\/portal\/index.php?rest_route=\/wp\/v2\/posts\/119024\/revisions"}],"wp:featuredmedia":[{"embeddable":true,"href":"https:\/\/aconteceunovale.com.br\/portal\/index.php?rest_route=\/wp\/v2\/media\/119027"}],"wp:attachment":[{"href":"https:\/\/aconteceunovale.com.br\/portal\/index.php?rest_route=%2Fwp%2Fv2%2Fmedia&parent=119024"}],"wp:term":[{"taxonomy":"category","embeddable":true,"href":"https:\/\/aconteceunovale.com.br\/portal\/index.php?rest_route=%2Fwp%2Fv2%2Fcategories&post=119024"},{"taxonomy":"post_tag","embeddable":true,"href":"https:\/\/aconteceunovale.com.br\/portal\/index.php?rest_route=%2Fwp%2Fv2%2Ftags&post=119024"}],"curies":[{"name":"wp","href":"https:\/\/api.w.org\/{rel}","templated":true}]}}