{"id":118667,"date":"2017-07-05T20:52:29","date_gmt":"2017-07-05T22:52:29","guid":{"rendered":"http:\/\/aconteceunovale.com.br\/portal\/?p=118667"},"modified":"2017-07-05T20:56:43","modified_gmt":"2017-07-05T22:56:43","slug":"feam-divulga-emissao-de-poluentes-atmosfericos-veiculares-de-montes-claros-governador-valadares-ipatinga-e-outros-8-municipios","status":"publish","type":"post","link":"https:\/\/aconteceunovale.com.br\/portal\/?p=118667","title":{"rendered":"Feam divulga emiss\u00e3o de poluentes atmosf\u00e9ricos veiculares de Montes Claros, Governador Valadares, Ipatinga e outros 8 munic\u00edpios"},"content":{"rendered":"<p>A\u00a0Funda\u00e7\u00e3o Estadual de Meio Ambiente (Feam)\u00a0divulgou os fatores de emiss\u00e3o de poluentes atmosf\u00e9ricos de origem veicular para os 11 munic\u00edpios de Minas Gerais com maior frota de ve\u00edculos. O fator de emiss\u00e3o veicular (FE) \u00e9 o indicativo b\u00e1sico de emiss\u00e3o e prev\u00ea a quantidade de poluente emitido por dist\u00e2ncia percorrida ou quantidade de combust\u00edvel utilizado.<\/p>\n<p>O gerente de Monitoramento da Qualidade do Ar e Emiss\u00f5es da Feam, Fl\u00e1vio Daniel Ferreira, explica que foram determinados os fatores m\u00e9dios de emiss\u00e3o de poluentes atmosf\u00e9ricos de origem veicular para os 11 munic\u00edpios com maior frota: Belo Horizonte, Uberl\u00e2ndia, Contagem, Juiz de Fora, Uberaba, Montes Claros, Betim, Ipatinga, Divin\u00f3polis, Governador Valadares e Sete Lagoas. O FE, geralmente, \u00e9 obtido por categoria de ve\u00edculo.<\/p>\n<p>\u201cA emiss\u00e3o de poluentes por ve\u00edculos automotores \u00e9 a principal respons\u00e1vel pela degrada\u00e7\u00e3o da qualidade do ar nos centros urbanos. Para avaliar o estado atual e futuro das emiss\u00f5es e a possibilidade de aplica\u00e7\u00e3o de diferentes pol\u00edticas para redu\u00e7\u00e3o destas emiss\u00f5es, mediante Invent\u00e1rios de Emiss\u00e3o Veicular, \u00e9 necess\u00e1rio conhecer os fatores m\u00e9dios de emiss\u00e3o\u201d, afirma Ferreira.<\/p>\n<p>\u201cNeste contexto, a defini\u00e7\u00e3o de fatores de emiss\u00e3o condizentes com a realidade de cada munic\u00edpio (fatores m\u00e9dios de emiss\u00e3o referentes aos ve\u00edculos licenciados em cada munic\u00edpio) \u00e9 fundamental para a elabora\u00e7\u00e3o de invent\u00e1rios consistentes\u201d, completa.<\/p>\n<p>Fl\u00e1vio Ferreira ressalta que os fatores de emiss\u00e3o calculados ser\u00e3o utilizados na elabora\u00e7\u00e3o do Invent\u00e1rio de Emiss\u00e3o Veicular de Belo Horizonte.<\/p>\n<p>O c\u00e1lculo dos fatores de emiss\u00e3o faz parte do Plano de Controle de Polui\u00e7\u00e3o Veicular de Minas Gerais (PCPV\/MG), que considera como linhas de a\u00e7\u00e3o a substitui\u00e7\u00e3o de ve\u00edculos antigos por ve\u00edculos com menor fator de emiss\u00e3o e o planejamento da mobilidade urbana, al\u00e9m de definir diretrizes para orientar a gest\u00e3o e o controle da polui\u00e7\u00e3o do tr\u00e1fego, no \u00e2mbito do planejamento da mobilidade urbana.<\/p>\n<p>Para ter acesso aos fatores de emiss\u00e3o de poluentes atmosf\u00e9ricos de origem veicular, clique no munic\u00edpio desejado:<\/p>\n<p><span style=\"color: #0000ff;\"><a tabindex=\"53\" href=\"http:\/\/www.feam.br\/images\/stories\/2017\/QUALIDADE_AR\/Fator_Emiss%C3%A3o_BH.pdf\" target=\"_blank\" rel=\"external\"><span style=\"color: #0000ff;\">&#8211; Belo Horizonte (clique aqui)<\/span><\/a><\/span><\/p>\n<p><span style=\"color: #0000ff;\">\u00a0<\/span><\/p>\n<p><span style=\"color: #0000ff;\"><a tabindex=\"54\" href=\"http:\/\/www.feam.br\/images\/stories\/2017\/QUALIDADE_AR\/Fator_Emiss%C3%A3o_Uberlndia.pdf\" target=\"_blank\" rel=\"external\"><span style=\"color: #0000ff;\">&#8211; Uberl\u00e2ndia (clique aqui)<\/span><\/a><\/span><\/p>\n<p><span style=\"color: #0000ff;\">\u00a0<\/span><\/p>\n<p><span style=\"color: #0000ff;\"><a tabindex=\"55\" href=\"http:\/\/www.feam.br\/images\/stories\/2017\/QUALIDADE_AR\/Fator_Emiss%C3%A3o_Contagem.pdf\" target=\"_blank\" rel=\"external\"><span style=\"color: #0000ff;\">&#8211; Contagem (clique aqui)<\/span><\/a><\/span><\/p>\n<p><span style=\"color: #0000ff;\">\u00a0<\/span><\/p>\n<p><span style=\"color: #0000ff;\"><a tabindex=\"56\" href=\"http:\/\/www.feam.br\/images\/stories\/2017\/QUALIDADE_AR\/Fator_Emiss%C3%A3o_JuizdeFora.pdf\" target=\"_blank\" rel=\"external\"><span style=\"color: #0000ff;\">&#8211; Juiz de Fora (clique aqui)<\/span><\/a><\/span><\/p>\n<p><span style=\"color: #0000ff;\">\u00a0<\/span><\/p>\n<p><span style=\"color: #0000ff;\"><a tabindex=\"57\" href=\"http:\/\/www.feam.br\/images\/stories\/2017\/QUALIDADE_AR\/Fator_Emiss%C3%A3o_Uberaba.pdf\" target=\"_blank\" rel=\"external\"><span style=\"color: #0000ff;\">&#8211; Uberaba (clique aqui)<\/span><\/a><\/span><\/p>\n<p><span style=\"color: #0000ff;\">\u00a0<\/span><\/p>\n<p><span style=\"color: #0000ff;\"><a tabindex=\"58\" href=\"http:\/\/www.feam.br\/images\/stories\/2017\/QUALIDADE_AR\/Fator_Emiss%C3%A3o_MontesClaros.pdf\" target=\"_blank\" rel=\"external\"><span style=\"color: #0000ff;\">&#8211; Montes Claros (clique aqui)<\/span><\/a><\/span><\/p>\n<p><span style=\"color: #0000ff;\">\u00a0<\/span><\/p>\n<p><span style=\"color: #0000ff;\"><a tabindex=\"59\" href=\"http:\/\/www.feam.br\/images\/stories\/2017\/QUALIDADE_AR\/Fator_Emiss%C3%A3o_Betim.pdf\" target=\"_blank\" rel=\"external\"><span style=\"color: #0000ff;\">&#8211; Betim (clique aqui)<\/span><\/a><\/span><\/p>\n<p><span style=\"color: #0000ff;\">\u00a0<\/span><\/p>\n<p><span style=\"color: #0000ff;\"><a tabindex=\"60\" href=\"http:\/\/www.feam.br\/images\/stories\/2017\/QUALIDADE_AR\/Fator_Emiss%C3%A3o_Ipatinga.pdf\" target=\"_blank\" rel=\"external\"><span style=\"color: #0000ff;\">&#8211; Ipatinga (clique aqui)<\/span><\/a><\/span><\/p>\n<p><span style=\"color: #0000ff;\">\u00a0<\/span><\/p>\n<p><span style=\"color: #0000ff;\"><a tabindex=\"61\" href=\"http:\/\/www.feam.br\/images\/stories\/2017\/QUALIDADE_AR\/Fator_Emiss%C3%A3o_Divin%C3%B3polis.pdf\" target=\"_blank\" rel=\"external\"><span style=\"color: #0000ff;\">&#8211; Divin\u00f3polis (clique aqui)<\/span><\/a><\/span><\/p>\n<p><span style=\"color: #0000ff;\">\u00a0<\/span><\/p>\n<p><span style=\"color: #0000ff;\"><a tabindex=\"62\" href=\"http:\/\/www.feam.br\/images\/stories\/2017\/QUALIDADE_AR\/Fator_Emiss%C3%A3o_GovernadorValadares.pdf\" target=\"_blank\" rel=\"external\"><span style=\"color: #0000ff;\">&#8211; Governador Valadares (clique aqui)<\/span><\/a><\/span><\/p>\n<p><span style=\"color: #0000ff;\">\u00a0<\/span><\/p>\n<p><span style=\"color: #0000ff;\"><a tabindex=\"63\" href=\"http:\/\/www.feam.br\/images\/stories\/2017\/QUALIDADE_AR\/Fator_Emiss%C3%A3o_SeteLagoas.pdf\" target=\"_blank\" rel=\"external\"><span style=\"color: #0000ff;\">&#8211; Sete Lagoas (clique aqui)<\/span><\/a><\/span><\/p>\n<p><\/br><\/p>\n<p><strong>VER PRIMEIRO<\/strong><\/p>\n<p>Receba as not\u00edcias do Aconteceu no Vale em primeira m\u00e3o. Clique em curtir no endere\u00e7o <a href=\"https:\/\/www.facebook.com\/aconteceunovale\" target=\"_blank\"><font color=\"red\">www.facebook.com\/aconteceunovale<\/font><\/a> ou no box abaixo:<\/p>\n<div class=\"fb-like\" data-href=\"https:\/\/www.facebook.com\/aconteceunovale\" data-width=\"120\" data-layout=\"standard\" data-action=\"like\" data-size=\"small\" data-show-faces=\"true\" data-share=\"true\"><\/div>\n<p><\/br><\/p>\n<p><em>(Fonte: Ag\u00eancia Minas)<\/em><\/p>\n","protected":false},"excerpt":{"rendered":"<p>A\u00a0Funda\u00e7\u00e3o Estadual de Meio Ambiente (Feam)\u00a0divulgou os fatores de emiss\u00e3o de poluentes atmosf\u00e9ricos de origem veicular para os 11 munic\u00edpios de Minas Gerais com maior frota de ve\u00edculos. O fator de emiss\u00e3o veicular (FE) \u00e9 o indicativo b\u00e1sico de emiss\u00e3o e prev\u00ea a quantidade de poluente emitido por dist\u00e2ncia percorrida ou quantidade de combust\u00edvel utilizado. [&hellip;]<\/p>\n","protected":false},"author":1,"featured_media":118668,"comment_status":"open","ping_status":"closed","sticky":false,"template":"","format":"standard","meta":{"amp_status":"","footnotes":""},"categories":[123],"tags":[194,1495,956,199,32279,155289,155294,155291,155295,155287,155288,155292,155286,155296,155293,155290,155298,34963,155297,247,201,206,210,1532,220,221],"class_list":["post-118667","post","type-post","status-publish","format-standard","has-post-thumbnail","hentry","category-gerais","tag-belo-horizonte","tag-betim","tag-contagem","tag-divinopolis","tag-feam","tag-feam-divulga-emissao-de-poluentes-atmosfericos-veiculares-de-belo-horizonte","tag-feam-divulga-emissao-de-poluentes-atmosfericos-veiculares-de-betim","tag-feam-divulga-emissao-de-poluentes-atmosfericos-veiculares-de-contagem","tag-feam-divulga-emissao-de-poluentes-atmosfericos-veiculares-de-divinopolis","tag-feam-divulga-emissao-de-poluentes-atmosfericos-veiculares-de-governador-valadares","tag-feam-divulga-emissao-de-poluentes-atmosfericos-veiculares-de-ipatinga","tag-feam-divulga-emissao-de-poluentes-atmosfericos-veiculares-de-juiz-de-fora","tag-feam-divulga-emissao-de-poluentes-atmosfericos-veiculares-de-montes-claros","tag-feam-divulga-emissao-de-poluentes-atmosfericos-veiculares-de-sete-lagoas","tag-feam-divulga-emissao-de-poluentes-atmosfericos-veiculares-de-uberaba","tag-feam-divulga-emissao-de-poluentes-atmosfericos-veiculares-de-uberlandia","tag-flavio-daniel-ferreira","tag-fundacao-estadual-de-meio-ambiente","tag-gerente-de-monitoramento-da-qualidade-do-ar-e-emissoes-da-feam","tag-governador-valadares","tag-ipatinga","tag-juiz-de-fora","tag-montes-claros","tag-sete-lagoas","tag-uberaba","tag-uberlandia"],"_links":{"self":[{"href":"https:\/\/aconteceunovale.com.br\/portal\/index.php?rest_route=\/wp\/v2\/posts\/118667","targetHints":{"allow":["GET"]}}],"collection":[{"href":"https:\/\/aconteceunovale.com.br\/portal\/index.php?rest_route=\/wp\/v2\/posts"}],"about":[{"href":"https:\/\/aconteceunovale.com.br\/portal\/index.php?rest_route=\/wp\/v2\/types\/post"}],"author":[{"embeddable":true,"href":"https:\/\/aconteceunovale.com.br\/portal\/index.php?rest_route=\/wp\/v2\/users\/1"}],"replies":[{"embeddable":true,"href":"https:\/\/aconteceunovale.com.br\/portal\/index.php?rest_route=%2Fwp%2Fv2%2Fcomments&post=118667"}],"version-history":[{"count":0,"href":"https:\/\/aconteceunovale.com.br\/portal\/index.php?rest_route=\/wp\/v2\/posts\/118667\/revisions"}],"wp:featuredmedia":[{"embeddable":true,"href":"https:\/\/aconteceunovale.com.br\/portal\/index.php?rest_route=\/wp\/v2\/media\/118668"}],"wp:attachment":[{"href":"https:\/\/aconteceunovale.com.br\/portal\/index.php?rest_route=%2Fwp%2Fv2%2Fmedia&parent=118667"}],"wp:term":[{"taxonomy":"category","embeddable":true,"href":"https:\/\/aconteceunovale.com.br\/portal\/index.php?rest_route=%2Fwp%2Fv2%2Fcategories&post=118667"},{"taxonomy":"post_tag","embeddable":true,"href":"https:\/\/aconteceunovale.com.br\/portal\/index.php?rest_route=%2Fwp%2Fv2%2Ftags&post=118667"}],"curies":[{"name":"wp","href":"https:\/\/api.w.org\/{rel}","templated":true}]}}