{"id":118663,"date":"2017-07-05T13:07:22","date_gmt":"2017-07-05T15:07:22","guid":{"rendered":"http:\/\/aconteceunovale.com.br\/portal\/?p=118663"},"modified":"2017-07-05T13:07:22","modified_gmt":"2017-07-05T15:07:22","slug":"prf-suspende-resgate-aereo-e-outros-servicos-por-limite-no-orcamento","status":"publish","type":"post","link":"https:\/\/aconteceunovale.com.br\/portal\/?p=118663","title":{"rendered":"PRF suspende resgate a\u00e9reo e outros servi\u00e7os por limite no or\u00e7amento"},"content":{"rendered":"<p>A Pol\u00edcia Rodovi\u00e1ria Federal vai suspender temporariamente alguns servi\u00e7os devido a contingenciamento or\u00e7ament\u00e1rio, informou o \u00f3rg\u00e3o, em nota, na manh\u00e3 de hoje (05\/07\/2017). Entre as medidas est\u00e3o o desativamento de unidades operacionais, a suspens\u00e3o imediata de resgates e policiamento a\u00e9reo e a redu\u00e7\u00e3o de patrulhamento terrestres.<\/p>\n<p>Al\u00e9m disso, a partir de amanh\u00e3 (6), ser\u00e3o suspensos os servi\u00e7os de escolta em rodovias federais. O servi\u00e7o \u00e9 prestado, entre outros, a ve\u00edculos com cargas superdimensionadas. O hor\u00e1rio de funcionamento das unidades administrativas ser\u00e1 alterado, com prioridade de atendimento ao p\u00fablico das 9h \u00e0s 13h. As superintend\u00eancias regionais divulgar\u00e3o novos hor\u00e1rios de funcionamento.<\/p>\n<p>A PRF informou que o cronograma de desativa\u00e7\u00e3o de unidades operacionais se dar\u00e1 conforme planejamento e adequa\u00e7\u00e3o regional.<\/p>\n<p>As medidas foram tomadas devido ao contingenciamento estabelecido no Decreto 9.018\/2017, que disp\u00f5e sobre a programa\u00e7\u00e3o financeira e or\u00e7ament\u00e1ria do Poder Executivo para este ano. O contingenciamento, de acordo com a PRF, resultou em limita\u00e7\u00e3o para aquisi\u00e7\u00e3o de combust\u00edvel e pagamentos de manuten\u00e7\u00e3o e diarias.<\/p>\n<p>Segundo nota divulgada pelo \u00f3rg\u00e3o, as medidas foram selacionadas de modo que impactem o m\u00ednimo poss\u00edvel as atividades. A PRF vai priorizar o atendimento de acidentes com v\u00edtimas, aux\u00edlios que sejam de compet\u00eancia exclusiva da PRF e enfrentamento a il\u00edcitos.<\/p>\n<p>A Pol\u00edcia Rodovi\u00e1ria disse que, em conjunto com o Minist\u00e9rio da Justi\u00e7a e Seguran\u00e7a P\u00fablica, est\u00e1 &#8220;em tratativas com o Minist\u00e9rio do Planejamento, Or\u00e7amento e Gest\u00e3o para que se tenha uma c\u00e9lere recomposi\u00e7\u00e3o do or\u00e7amento e consequente reestabelecimento dos servi\u00e7os e normaliza\u00e7\u00e3o da atua\u00e7\u00e3o da institui\u00e7\u00e3o&#8221;.<\/p>\n<p>Na semana passada, tamb\u00e9m devido ao contingenciamento or\u00e7ament\u00e1rio, a Pol\u00edcia Federal suspendeu a emiss\u00e3o de novos passaportes. A medida vale para quem tentou fazer a solicita\u00e7\u00e3o depois das 22h do dia 27.<\/p>\n<p>De acordo com a PF, o setor atingiu o limite de gastos previstos na Lei Or\u00e7ament\u00e1ria da Uni\u00e3o. Ontem (5), a Comiss\u00e3o Mista de Or\u00e7amento (CMO) do Congresso aprovou projeto de lei que libera R$ 102,3 milh\u00f5es para que o \u00f3rg\u00e3o possa retomar o servi\u00e7o. A mat\u00e9ria precisa ainda ser aprovada pelo plen\u00e1rio do Congresso, o que dever\u00e1 ocorrer ainda nesta semana.<\/p>\n<p><strong>VER PRIMEIRO<\/strong><\/p>\n<p>Receba as not\u00edcias do Aconteceu no Vale em primeira m\u00e3o. Clique em curtir no endere\u00e7o <a href=\"https:\/\/www.facebook.com\/aconteceunovale\" target=\"_blank\"><font color=\"red\">www.facebook.com\/aconteceunovale<\/font><\/a> ou no box abaixo:<\/p>\n<div class=\"fb-like\" data-href=\"https:\/\/www.facebook.com\/aconteceunovale\" data-width=\"120\" data-layout=\"standard\" data-action=\"like\" data-size=\"small\" data-show-faces=\"true\" data-share=\"true\"><\/div>\n<p><\/br><\/p>\n<p><em>(Fonte: Ag\u00eancia Brasil)<\/em><\/p>\n","protected":false},"excerpt":{"rendered":"<p>A Pol\u00edcia Rodovi\u00e1ria Federal vai suspender temporariamente alguns servi\u00e7os devido a contingenciamento or\u00e7ament\u00e1rio, informou o \u00f3rg\u00e3o, em nota, na manh\u00e3 de hoje (05\/07\/2017). Entre as medidas est\u00e3o o desativamento de unidades operacionais, a suspens\u00e3o imediata de resgates e policiamento a\u00e9reo e a redu\u00e7\u00e3o de patrulhamento terrestres. Al\u00e9m disso, a partir de amanh\u00e3 (6), ser\u00e3o suspensos [&hellip;]<\/p>\n","protected":false},"author":1,"featured_media":118665,"comment_status":"open","ping_status":"closed","sticky":false,"template":"","format":"standard","meta":{"amp_status":"","footnotes":""},"categories":[6],"tags":[42386,1984,155284,155285],"class_list":["post-118663","post","type-post","status-publish","format-standard","has-post-thumbnail","hentry","category-br","tag-contingenciamento","tag-policia-rodoviaria-federal","tag-prf-suspende-resgate-aereo-e-outros-servicos-por-limite-no-orcamento","tag-suspensao-de-servicos"],"_links":{"self":[{"href":"https:\/\/aconteceunovale.com.br\/portal\/index.php?rest_route=\/wp\/v2\/posts\/118663","targetHints":{"allow":["GET"]}}],"collection":[{"href":"https:\/\/aconteceunovale.com.br\/portal\/index.php?rest_route=\/wp\/v2\/posts"}],"about":[{"href":"https:\/\/aconteceunovale.com.br\/portal\/index.php?rest_route=\/wp\/v2\/types\/post"}],"author":[{"embeddable":true,"href":"https:\/\/aconteceunovale.com.br\/portal\/index.php?rest_route=\/wp\/v2\/users\/1"}],"replies":[{"embeddable":true,"href":"https:\/\/aconteceunovale.com.br\/portal\/index.php?rest_route=%2Fwp%2Fv2%2Fcomments&post=118663"}],"version-history":[{"count":0,"href":"https:\/\/aconteceunovale.com.br\/portal\/index.php?rest_route=\/wp\/v2\/posts\/118663\/revisions"}],"wp:featuredmedia":[{"embeddable":true,"href":"https:\/\/aconteceunovale.com.br\/portal\/index.php?rest_route=\/wp\/v2\/media\/118665"}],"wp:attachment":[{"href":"https:\/\/aconteceunovale.com.br\/portal\/index.php?rest_route=%2Fwp%2Fv2%2Fmedia&parent=118663"}],"wp:term":[{"taxonomy":"category","embeddable":true,"href":"https:\/\/aconteceunovale.com.br\/portal\/index.php?rest_route=%2Fwp%2Fv2%2Fcategories&post=118663"},{"taxonomy":"post_tag","embeddable":true,"href":"https:\/\/aconteceunovale.com.br\/portal\/index.php?rest_route=%2Fwp%2Fv2%2Ftags&post=118663"}],"curies":[{"name":"wp","href":"https:\/\/api.w.org\/{rel}","templated":true}]}}