{"id":118659,"date":"2017-07-05T12:45:18","date_gmt":"2017-07-05T14:45:18","guid":{"rendered":"http:\/\/aconteceunovale.com.br\/portal\/?p=118659"},"modified":"2017-07-05T12:54:19","modified_gmt":"2017-07-05T14:54:19","slug":"minas-gerais-abre-inscricoes-para-designacao-em-educacao-profissional-tecnica-de-nivel-medio","status":"publish","type":"post","link":"https:\/\/aconteceunovale.com.br\/portal\/?p=118659","title":{"rendered":"Minas Gerais abre inscri\u00e7\u00f5es para designa\u00e7\u00e3o em Educa\u00e7\u00e3o Profissional T\u00e9cnica de N\u00edvel M\u00e9dio"},"content":{"rendered":"<p>A\u00a0Secretaria de Estado de Educa\u00e7\u00e3o (SEE)\u00a0publicou, no \u00faltimo s\u00e1bado (1\u00ba\/7), no\u00a0<span style=\"color: #ff0000;\"><a href=\"http:\/\/jornal.iof.mg.gov.br\/xmlui\/handle\/123456789\/184891?paginaCorrente=36&amp;posicaoPagCorrente=184890&amp;linkBase=http%3A%2F%2Fjornal.iof.mg.gov.br%3A80%2Fxmlui%2Fhandle%2F123456789%2F&amp;totalPaginas=76&amp;paginaDestino\" target=\"_blank\"><span style=\"color: #ff0000;\">Di\u00e1rio Oficial Minas Gerais, a Resolu\u00e7\u00e3o n\u00ba 3.511<\/span><\/a><\/span>, que define os crit\u00e9rios para a inscri\u00e7\u00e3o e classifica\u00e7\u00e3o de candidatos a designa\u00e7\u00e3o de professor da Educa\u00e7\u00e3o B\u00e1sica para o Ensino Profissional T\u00e9cnico de N\u00edvel M\u00e9dio.<\/p>\n<p>As novas turmas da Rede Estadual de Educa\u00e7\u00e3o Profissional (Rede) ter\u00e3o in\u00edcio em agosto e os interessados em lecionar nesta modalidade e que preencherem os requisitos necess\u00e1rios j\u00e1 podem se inscrever, gratuitamente, para concorrer a uma das vagas de designa\u00e7\u00e3o.<\/p>\n<p>Ap\u00f3s ler atentamente a resolu\u00e7\u00e3o com as informa\u00e7\u00f5es e orienta\u00e7\u00f5es sobre o processo, o candidato interessado dever\u00e1 preencher o \u201cFormul\u00e1rio de Inscri\u00e7\u00e3o\u201d dispon\u00edvel nas escolas e entreg\u00e1-lo, pessoalmente, na escola estadual que ofertar\u00e1 o curso de seu interesse.<\/p>\n<p>Os interessados poder\u00e3o fazer tantas inscri\u00e7\u00f5es quantas forem de seu interesse, em munic\u00edpios e escolas distintas.<\/p>\n<p>As listagens classificat\u00f3rias ser\u00e3o divulgadas na pr\u00f3pria escola onde o candidato se inscreveu. As Superintend\u00eancias Regionais de Ensino (SREs) disponibilizar\u00e3o as listagens classificat\u00f3rias das escolas estaduais sob sua circunscri\u00e7\u00e3o.<\/p>\n<p>No ato da designa\u00e7\u00e3o, o candidato dever\u00e1 comprovar todas as informa\u00e7\u00f5es da inscri\u00e7\u00e3o e idade m\u00ednima de 18 anos.<\/p>\n<p>A atual designa\u00e7\u00e3o atende aos cursos t\u00e9cnicos em Recursos Humanos, Administra\u00e7\u00e3o, Log\u00edstica, Inform\u00e1tica, Inform\u00e1tica para a Internet, Secretariado, Enfermagem, Agente Comunit\u00e1rio de Sa\u00fade, Servi\u00e7os P\u00fablicos, Secretaria Escolar, Transa\u00e7\u00f5es Imobili\u00e1rias, Guia de Turismo, Hospedagem, Marketing, Refrigera\u00e7\u00e3o e Climatiza\u00e7\u00e3o, Cooperativismo, Eletroeletr\u00f4nica, Eletr\u00f4nica, Eletromec\u00e2nica, Agricultura, Artes Circenses, Instrumento Musical, Massoterapia, Multimeios Did\u00e1ticos.<\/p>\n<p><strong>A Rede<\/strong><\/p>\n<p>A Rede est\u00e1 ofertando, para o pr\u00f3ximo semestre, 39.520 vagas, em 988 turmas, de 213 escolas, para estudantes do ensino m\u00e9dio da rede p\u00fablica, da Educa\u00e7\u00e3o de Jovens e Adultos (EJA) e \u00e0s pessoas que j\u00e1 conclu\u00edram os estudos em qualquer rede de ensino nas 47 SREs.<\/p>\n<p>No ano passado, a SEE disponibilizou 20 mil vagas em 112 escolas. \u201cAmpliamos o n\u00famero de escolas, e o leque de cursos oferecidos, al\u00e9m dos eixos de aprendizagem\u201d, explica a superintendente de Desenvolvimento do Ensino M\u00e9dio, da SEE, Cec\u00edlia Resende.<\/p>\n<p>A meta do Governo de Minas\u00a0\u00e9 que, em 2018, esse n\u00famero chegue a 45 mil alunos, em 300 institui\u00e7\u00f5es de ensino.<\/p>\n<p><strong>VER PRIMEIRO<\/strong><\/p>\n<p>Receba as not\u00edcias do Aconteceu no Vale em primeira m\u00e3o. Clique em curtir no endere\u00e7o <a href=\"https:\/\/www.facebook.com\/aconteceunovale\" target=\"_blank\"><font color=\"red\">www.facebook.com\/aconteceunovale<\/font><\/a> ou no box abaixo:<\/p>\n<div class=\"fb-like\" data-href=\"https:\/\/www.facebook.com\/aconteceunovale\" data-width=\"120\" data-layout=\"standard\" data-action=\"like\" data-size=\"small\" data-show-faces=\"true\" data-share=\"true\"><\/div>\n<p><\/br><\/p>\n<p><em>(Fonte: Ag\u00eancia Minas)<\/em><\/p>\n","protected":false},"excerpt":{"rendered":"<p>A\u00a0Secretaria de Estado de Educa\u00e7\u00e3o (SEE)\u00a0publicou, no \u00faltimo s\u00e1bado (1\u00ba\/7), no\u00a0Di\u00e1rio Oficial Minas Gerais, a Resolu\u00e7\u00e3o n\u00ba 3.511, que define os crit\u00e9rios para a inscri\u00e7\u00e3o e classifica\u00e7\u00e3o de candidatos a designa\u00e7\u00e3o de professor da Educa\u00e7\u00e3o B\u00e1sica para o Ensino Profissional T\u00e9cnico de N\u00edvel M\u00e9dio. As novas turmas da Rede Estadual de Educa\u00e7\u00e3o Profissional (Rede) ter\u00e3o [&hellip;]<\/p>\n","protected":false},"author":1,"featured_media":114832,"comment_status":"open","ping_status":"closed","sticky":false,"template":"","format":"standard","meta":{"amp_status":"","footnotes":""},"categories":[40238,123],"tags":[155266,151273,25577,155279,155275,155262,155276,155278,155277,81807,155261,155272,155273,112512,155267,155280,116249,69477,155281,155283,155282,155265,59640,155263,155264,155274,155270,155268,155269,155271],"class_list":["post-118659","post","type-post","status-publish","format-standard","has-post-thumbnail","hentry","category-educacao-2","category-gerais","tag-administracao","tag-agente-comunitario-de-saude","tag-agricultura","tag-artes-circenses","tag-cooperativismo","tag-designacao-de-professor-da-educacao-basica-para-o-ensino-profissional-tecnico-de-nivel-medio","tag-eletroeletronica","tag-eletromecanica","tag-eletronica","tag-enfermagem","tag-ensino-profissional-tecnico-de-nivel-medio","tag-guia-de-turismo","tag-hospedagem","tag-informatica","tag-informatica-para-a-internet","tag-instrumento-musical","tag-logistica","tag-marketing","tag-massoterapia","tag-minas-gerais-abre-inscricoes-para-designacao-em-educacao-profissional-tecnica-de-nivel-medio","tag-multimeios-didaticos","tag-recursos-humanos","tag-rede","tag-rede-estadual-de-educacao-profissional","tag-rede-minas-gerais","tag-refrigeracao-e-climatizacao","tag-secretaria-escolar","tag-secretariado","tag-servicos-publicos","tag-transacoes-imobiliarias"],"_links":{"self":[{"href":"https:\/\/aconteceunovale.com.br\/portal\/index.php?rest_route=\/wp\/v2\/posts\/118659","targetHints":{"allow":["GET"]}}],"collection":[{"href":"https:\/\/aconteceunovale.com.br\/portal\/index.php?rest_route=\/wp\/v2\/posts"}],"about":[{"href":"https:\/\/aconteceunovale.com.br\/portal\/index.php?rest_route=\/wp\/v2\/types\/post"}],"author":[{"embeddable":true,"href":"https:\/\/aconteceunovale.com.br\/portal\/index.php?rest_route=\/wp\/v2\/users\/1"}],"replies":[{"embeddable":true,"href":"https:\/\/aconteceunovale.com.br\/portal\/index.php?rest_route=%2Fwp%2Fv2%2Fcomments&post=118659"}],"version-history":[{"count":0,"href":"https:\/\/aconteceunovale.com.br\/portal\/index.php?rest_route=\/wp\/v2\/posts\/118659\/revisions"}],"wp:featuredmedia":[{"embeddable":true,"href":"https:\/\/aconteceunovale.com.br\/portal\/index.php?rest_route=\/wp\/v2\/media\/114832"}],"wp:attachment":[{"href":"https:\/\/aconteceunovale.com.br\/portal\/index.php?rest_route=%2Fwp%2Fv2%2Fmedia&parent=118659"}],"wp:term":[{"taxonomy":"category","embeddable":true,"href":"https:\/\/aconteceunovale.com.br\/portal\/index.php?rest_route=%2Fwp%2Fv2%2Fcategories&post=118659"},{"taxonomy":"post_tag","embeddable":true,"href":"https:\/\/aconteceunovale.com.br\/portal\/index.php?rest_route=%2Fwp%2Fv2%2Ftags&post=118659"}],"curies":[{"name":"wp","href":"https:\/\/api.w.org\/{rel}","templated":true}]}}