{"id":118610,"date":"2017-07-04T12:16:02","date_gmt":"2017-07-04T14:16:02","guid":{"rendered":"http:\/\/aconteceunovale.com.br\/portal\/?p=118610"},"modified":"2017-07-04T12:16:02","modified_gmt":"2017-07-04T14:16:02","slug":"tres-dias-apos-anunciar-reducao-petrobras-aumenta-preco-do-diesel-e-da-gasolina-nas-refinarias","status":"publish","type":"post","link":"https:\/\/aconteceunovale.com.br\/portal\/?p=118610","title":{"rendered":"Tr\u00eas dias ap\u00f3s anunciar redu\u00e7\u00e3o, Petrobras aumenta pre\u00e7o do diesel e da gasolina nas refinarias"},"content":{"rendered":"<p>Tr\u00eas dias depois de ter reduzido o pre\u00e7o da gasolina e do diesel nas refinarias, a Petrobras anunciou hoje (3) aumento nos pre\u00e7os dos dois produtos. O diesel subiu 2,7% e a gasolina, 1,8%. Os aumentos valem a partir desta ter\u00e7a-feira (4).<\/p>\n<p>A estatal n\u00e3o informou quanto o reajuste nas refinarias poder\u00e1 impactar no pre\u00e7o final ao consumidor. Isso porque o pre\u00e7o nas bombas depende de outros integrantes da cadeia de combust\u00edveis, como distribuidoras e postos.<\/p>\n<p>Na \u00faltima sexta-feira (30), a empresa havia anunciado redu\u00e7\u00e3o de 4,8% no pre\u00e7o do diesel e de 5,9% no da gasolina nas refinarias. A nova pol\u00edtica de pre\u00e7os da companhia prev\u00ea aumento da frequ\u00eancia de ajustes, que poder\u00e3o ocorrer diariamente. Segundo a estatal, a medida \u201cpermitir\u00e1 maior ader\u00eancia dos pre\u00e7os do mercado dom\u00e9stico ao mercado internacional no curto prazo e possibilitar\u00e1 \u00e0 companhia competir de maneira mais \u00e1gil e eficiente\u201d.<\/p>\n<p><strong>VER PRIMEIRO<\/strong><\/p>\n<p>Receba as not\u00edcias do Aconteceu no Vale em primeira m\u00e3o. Clique em curtir no endere\u00e7o <a href=\"https:\/\/www.facebook.com\/aconteceunovale\" target=\"_blank\"><font color=\"red\">www.facebook.com\/aconteceunovale<\/font><\/a> ou no box abaixo:<\/p>\n<div class=\"fb-like\" data-href=\"https:\/\/www.facebook.com\/aconteceunovale\" data-width=\"120\" data-layout=\"standard\" data-action=\"like\" data-size=\"small\" data-show-faces=\"true\" data-share=\"true\"><\/div>\n<p><\/br><\/p>\n<p><em>(Fonte: Ag\u00eancia Brasil)<\/em><\/p>\n","protected":false},"excerpt":{"rendered":"<p>Tr\u00eas dias depois de ter reduzido o pre\u00e7o da gasolina e do diesel nas refinarias, a Petrobras anunciou hoje (3) aumento nos pre\u00e7os dos dois produtos. O diesel subiu 2,7% e a gasolina, 1,8%. Os aumentos valem a partir desta ter\u00e7a-feira (4). A estatal n\u00e3o informou quanto o reajuste nas refinarias poder\u00e1 impactar no pre\u00e7o [&hellip;]<\/p>\n","protected":false},"author":1,"featured_media":99194,"comment_status":"open","ping_status":"closed","sticky":false,"template":"","format":"standard","meta":{"amp_status":"","footnotes":""},"categories":[6],"tags":[120595,36463,5499,155190,155188,154868,154867,137311,154871,154869,120593,154870,123140,155189],"class_list":["post-118610","post","type-post","status-publish","format-standard","has-post-thumbnail","hentry","category-br","tag-diesel","tag-gasolina","tag-petrobras","tag-petrobras-aumenta-preco-do-diesel-e-da-gasolina-nas-refinarias","tag-petrobras-reajusta-preco-do-diesel-e-da-gasolina-nas-refinarias","tag-petrobras-reduz-preco","tag-petrobras-reduz-preco-da-gasolina-e-do-diesel-nas-refinarias","tag-politica-de-precos","tag-reajuste-de-combustiveis","tag-reducao-de-precos-da-petrobras","tag-reducao-do-preco-da-gasolina","tag-reducao-do-preso-do-diesel","tag-refinarias","tag-tres-dias-apos-anunciar-reducao"],"_links":{"self":[{"href":"https:\/\/aconteceunovale.com.br\/portal\/index.php?rest_route=\/wp\/v2\/posts\/118610","targetHints":{"allow":["GET"]}}],"collection":[{"href":"https:\/\/aconteceunovale.com.br\/portal\/index.php?rest_route=\/wp\/v2\/posts"}],"about":[{"href":"https:\/\/aconteceunovale.com.br\/portal\/index.php?rest_route=\/wp\/v2\/types\/post"}],"author":[{"embeddable":true,"href":"https:\/\/aconteceunovale.com.br\/portal\/index.php?rest_route=\/wp\/v2\/users\/1"}],"replies":[{"embeddable":true,"href":"https:\/\/aconteceunovale.com.br\/portal\/index.php?rest_route=%2Fwp%2Fv2%2Fcomments&post=118610"}],"version-history":[{"count":0,"href":"https:\/\/aconteceunovale.com.br\/portal\/index.php?rest_route=\/wp\/v2\/posts\/118610\/revisions"}],"wp:featuredmedia":[{"embeddable":true,"href":"https:\/\/aconteceunovale.com.br\/portal\/index.php?rest_route=\/wp\/v2\/media\/99194"}],"wp:attachment":[{"href":"https:\/\/aconteceunovale.com.br\/portal\/index.php?rest_route=%2Fwp%2Fv2%2Fmedia&parent=118610"}],"wp:term":[{"taxonomy":"category","embeddable":true,"href":"https:\/\/aconteceunovale.com.br\/portal\/index.php?rest_route=%2Fwp%2Fv2%2Fcategories&post=118610"},{"taxonomy":"post_tag","embeddable":true,"href":"https:\/\/aconteceunovale.com.br\/portal\/index.php?rest_route=%2Fwp%2Fv2%2Ftags&post=118610"}],"curies":[{"name":"wp","href":"https:\/\/api.w.org\/{rel}","templated":true}]}}