{"id":118602,"date":"2017-07-04T11:47:52","date_gmt":"2017-07-04T13:47:52","guid":{"rendered":"http:\/\/aconteceunovale.com.br\/portal\/?p=118602"},"modified":"2017-07-04T11:47:52","modified_gmt":"2017-07-04T13:47:52","slug":"governo-entrega-titulos-de-terras-rurais-a-posseiros-de-setubinha-no-vale-do-mucuri","status":"publish","type":"post","link":"https:\/\/aconteceunovale.com.br\/portal\/?p=118602","title":{"rendered":"Governo entrega t\u00edtulos de terras rurais a posseiros de Setubinha, no Vale do Mucuri"},"content":{"rendered":"<p>Setubinha, no Vale do Mucuri, um dos munic\u00edpios mais carentes do estado, foi palco de uma importante a\u00e7\u00e3o do  Governo de Minas Gerais. Noventa e sete posseiros do munic\u00edpio receberam o t\u00e3o esperado  t\u00edtulo de propriedade rural. A entrega \u00e9 mais um resultado da retomada do programa estadual de regulariza\u00e7\u00e3o fundi\u00e1ria rural, atendendo demanda hist\u00f3rica da regi\u00e3o.<\/p>\n<p>O secret\u00e1rio de Estado de Desenvolvimento Agr\u00e1rio, Professor Neivaldo, lembra que, desde 2015, quando o programa foi reestruturado, j\u00e1 foram emitidos mais de mil t\u00edtulos, com mais de 4,9 mil propriedades medidas e 8.600 recadastramentos realizados, atendendo mais de 30% da demanda reprimida, desde a paralisa\u00e7\u00e3o do processo em 2011.<\/p>\n<p>\u201cEntre 2011 e 2014, em todo o estado foram entregues 50 t\u00edtulos. S\u00f3 nesta cerim\u00f4nia estamos entregamos quase 100 t\u00edtulos., o que demonstra o nosso compromisso com a democratiza\u00e7\u00e3o do acesso \u00e0 terra\u201d, disse o secret\u00e1rio, durante a entrega, realizada nessa segunda-feira (3\/7) na quadra poliesportiva da cidade.<\/p>\n<p><img decoding=\"async\" src=\"http:\/\/aconteceunovale.com.br\/portal\/wp-content\/uploads\/2017\/07\/titulos_setubinha.jpg\" alt=\"\" \/><em>Agricultores tiveram sua propriedade regularizada em Setubinha (Foto: Divulga\u00e7\u00e3o\/Seda)<\/em><br \/>\n<\/br><\/p>\n<p><strong>Projeto 10envolver<\/strong><\/p>\n<p>Setubinha \u00e9 o primeiro munic\u00edpio do &#8220;Projeto 10envolver&#8221; a receber o t\u00edtulo de propriedade rural.  A atividade \u00e9 uma parceria do Governo de Minas Gerais, por meio da Secretaria de Estado de Desenvolvimento Agr\u00e1rio (Seda), com a Coordenadoria de Inclus\u00e3o e Mobiliza\u00e7\u00e3o Sociais (Cimos) do Minist\u00e9rio P\u00fablico do Estado de Minas Gerais, idealizadora do projeto.<\/p>\n<p>O objetivo \u00e9 contribuir para a melhoria da qualidade de vida nos dez munic\u00edpios mineiros com o menor \u00cdndice de Desenvolvimento Humano (IDHM). Uma das a\u00e7\u00f5es propostas \u00e9 a quest\u00e3o do reordenamento agr\u00e1rio.<\/p>\n<p>\u201cNo mun\u00edcipio de Setubinha, 70% da popula\u00e7\u00e3o mora na zona rural\u201d, afirma a secret\u00e1ria municipal de Agricultura e Meio Ambiente, Alcione Maria Lopes.<\/p>\n<p>O coordenador do Grupo de Extens\u00e3o e Pesquisa em Agricultura Familiar da Universidade Federal dos Vales do Jequitinhonha e Mucuri (UFVJM), professor Leonel Pinheiro, destacou o trabalho de parceria para a regulariza\u00e7\u00e3o fundi\u00e1ria rural. \u201cHoje \u00e9 dia de festejar e parabenizar o Governo do Estado e tamb\u00e9m o papel do projeto nesta caminhada\u201d, disse.<\/p>\n<p>O programa \u00e9 realizado em parceria com a Emater-MG, com a Federa\u00e7\u00e3o dos Trabalhadores Rurais de Minas Gerais (Fetaemg), por meio dos sindicatos, com as prefeituras, c\u00e2maras municipais, cart\u00f3rios, Minist\u00e9rio P\u00fablico Estadual, entre outros.<\/p>\n<p><strong>Cidadania no Campo<\/strong><\/p>\n<p>A regulariza\u00e7\u00e3o de terras rurais devolutas (sem registro) \u00e9 um importante fator para a solu\u00e7\u00e3o de conflitos sociais, garantia do direito \u00e0 terra e a melhoria da qualidade de vida de agricultores e agricultoras familiares, promovendo a cidadania no campo.<\/p>\n<p>Al\u00e9m da garantia da posse da terra, o benefici\u00e1rio passa a ter a possibilidade de acesso a v\u00e1rias linhas de cr\u00e9dito e de financiamento para o plantio, como o Programa Nacional da Agricultura Familiar (Pronaf).<\/p>\n<p><strong>VER PRIMEIRO<\/strong><\/p>\n<p>Receba as not\u00edcias do Aconteceu no Vale em primeira m\u00e3o. Clique em curtir no endere\u00e7o <a href=\"https:\/\/www.facebook.com\/aconteceunovale\" target=\"_blank\"><font color=\"red\">www.facebook.com\/aconteceunovale<\/font><\/a> ou no box abaixo:<\/p>\n<div class=\"fb-like\" data-href=\"https:\/\/www.facebook.com\/aconteceunovale\" data-width=\"120\" data-layout=\"standard\" data-action=\"like\" data-size=\"small\" data-show-faces=\"true\" data-share=\"true\"><\/div>\n<p><\/br><\/p>\n<p><em>(Fonte: Ag\u00eancia Minas)<\/em><\/p>\n","protected":false},"excerpt":{"rendered":"<p>Setubinha, no Vale do Mucuri, um dos munic\u00edpios mais carentes do estado, foi palco de uma importante a\u00e7\u00e3o do Governo de Minas Gerais. Noventa e sete posseiros do munic\u00edpio receberam o t\u00e3o esperado t\u00edtulo de propriedade rural. A entrega \u00e9 mais um resultado da retomada do programa estadual de regulariza\u00e7\u00e3o fundi\u00e1ria rural, atendendo demanda hist\u00f3rica [&hellip;]<\/p>\n","protected":false},"author":1,"featured_media":118603,"comment_status":"open","ping_status":"closed","sticky":false,"template":"","format":"standard","meta":{"amp_status":"","footnotes":""},"categories":[122],"tags":[155172,51191,155173,155171,155170,93855,91166,57149,168,250,7129],"class_list":["post-118602","post","type-post","status-publish","format-standard","has-post-thumbnail","hentry","category-mucuri","tag-agricultores-tiveram-sua-propriedade-regularizada-em-setubinha","tag-governo-de-minas-gerais","tag-governo-entrega-titulos-de-terras-rurais-a-posseiros-de-setubinha","tag-leonel-pinheiro","tag-professor-leonel-pinheiro","tag-professor-neivaldo","tag-projeto-10envolver","tag-secretario-de-estado-de-desenvolvimento-agrario","tag-setubinha","tag-ufvjm","tag-universidade-federal-dos-vales-do-jequitinhonha-e-mucuri"],"_links":{"self":[{"href":"https:\/\/aconteceunovale.com.br\/portal\/index.php?rest_route=\/wp\/v2\/posts\/118602","targetHints":{"allow":["GET"]}}],"collection":[{"href":"https:\/\/aconteceunovale.com.br\/portal\/index.php?rest_route=\/wp\/v2\/posts"}],"about":[{"href":"https:\/\/aconteceunovale.com.br\/portal\/index.php?rest_route=\/wp\/v2\/types\/post"}],"author":[{"embeddable":true,"href":"https:\/\/aconteceunovale.com.br\/portal\/index.php?rest_route=\/wp\/v2\/users\/1"}],"replies":[{"embeddable":true,"href":"https:\/\/aconteceunovale.com.br\/portal\/index.php?rest_route=%2Fwp%2Fv2%2Fcomments&post=118602"}],"version-history":[{"count":0,"href":"https:\/\/aconteceunovale.com.br\/portal\/index.php?rest_route=\/wp\/v2\/posts\/118602\/revisions"}],"wp:featuredmedia":[{"embeddable":true,"href":"https:\/\/aconteceunovale.com.br\/portal\/index.php?rest_route=\/wp\/v2\/media\/118603"}],"wp:attachment":[{"href":"https:\/\/aconteceunovale.com.br\/portal\/index.php?rest_route=%2Fwp%2Fv2%2Fmedia&parent=118602"}],"wp:term":[{"taxonomy":"category","embeddable":true,"href":"https:\/\/aconteceunovale.com.br\/portal\/index.php?rest_route=%2Fwp%2Fv2%2Fcategories&post=118602"},{"taxonomy":"post_tag","embeddable":true,"href":"https:\/\/aconteceunovale.com.br\/portal\/index.php?rest_route=%2Fwp%2Fv2%2Ftags&post=118602"}],"curies":[{"name":"wp","href":"https:\/\/api.w.org\/{rel}","templated":true}]}}