{"id":118448,"date":"2017-07-01T18:58:16","date_gmt":"2017-07-01T20:58:16","guid":{"rendered":"http:\/\/aconteceunovale.com.br\/portal\/?p=118448"},"modified":"2017-07-01T18:58:16","modified_gmt":"2017-07-01T20:58:16","slug":"policia-apreende-pes-de-maconha-em-montes-claros","status":"publish","type":"post","link":"https:\/\/aconteceunovale.com.br\/portal\/?p=118448","title":{"rendered":"Pol\u00edcia apreende p\u00e9s de maconha em Montes Claros"},"content":{"rendered":"<p>Um homem, que n\u00e3o teve a idade divulgada, foi preso na noite desta sexta-feira (30\/06\/2017), durante patrulhamento da Pol\u00edcia Militar na Vila S\u00e3o Francisco de Assis, em Montes Claros. O autor, segundo a PM, teria confessado ser propriet\u00e1rio de dois p\u00e9s de maconha e de uma de uma sacola contendo 21 buchas da mesma droga. O material foi visualizado pelos militares no interior de uma resid\u00eancia, levantando suspeitas de tr\u00e1fico de drogas.<\/p>\n<p>J\u00e1 na madrugada deste s\u00e1bado (1\u00ba), dois menores foram apreendidos e um homem preso no Bairro Confer\u00eancia Cristo Rei. Segundo a PM, os autores, que n\u00e3o tiveram a idade informada, estavam em atitude suspeita e foram abordados na Rua Catuni. Com eles a pol\u00edcia encontrou 21 buchas de maconha, 39 pedras de crack e um rev\u00f3lver calibre 32.<\/p>\n<p>Todos os suspeitos detidos foram entregues na delegacia de plant\u00e3o, junto aos materiais apreendidos.<\/p>\n<p><img decoding=\"async\" src=\"http:\/\/aconteceunovale.com.br\/portal\/wp-content\/uploads\/2017\/07\/maconha_moc.jpeg\" alt=\"\" \/><em>P\u00e9s de maconha e por\u00e7\u00f5es apreendidas pela pol\u00edcia (Foto: Pol\u00edcia Militar\/Divulga\u00e7\u00e3o)<\/em><br \/>\n<\/br><\/p>\n<p><strong>VER PRIMEIRO<\/strong><\/p>\n<p>Receba as not\u00edcias do Aconteceu no Vale em primeira m\u00e3o. Clique em curtir no endere\u00e7o <a href=\"https:\/\/www.facebook.com\/aconteceunovale\" target=\"_blank\"><font color=\"red\">www.facebook.com\/aconteceunovale<\/font><\/a> ou no box abaixo:<\/p>\n<div class=\"fb-like\" data-href=\"https:\/\/www.facebook.com\/aconteceunovale\" data-width=\"120\" data-layout=\"standard\" data-action=\"like\" data-size=\"small\" data-show-faces=\"true\" data-share=\"true\"><\/div>\n<p><\/br><\/p>\n<p><em>(Fonte: G1 Grande Minas)<\/em><\/p>\n","protected":false},"excerpt":{"rendered":"<p>Um homem, que n\u00e3o teve a idade divulgada, foi preso na noite desta sexta-feira (30\/06\/2017), durante patrulhamento da Pol\u00edcia Militar na Vila S\u00e3o Francisco de Assis, em Montes Claros. O autor, segundo a PM, teria confessado ser propriet\u00e1rio de dois p\u00e9s de maconha e de uma de uma sacola contendo 21 buchas da mesma droga. [&hellip;]<\/p>\n","protected":false},"author":1,"featured_media":118449,"comment_status":"open","ping_status":"closed","sticky":false,"template":"","format":"standard","meta":{"amp_status":"","footnotes":""},"categories":[1236],"tags":[84150,126946,154952,210,154953,154951,2549,124014],"class_list":["post-118448","post","type-post","status-publish","format-standard","has-post-thumbnail","hentry","category-norte_de_minas","tag-apreensao-de-drogas-em-montes-claros","tag-apreensao-de-maconha-em-montes-claros","tag-apreensao-em-pes-de-maconha-em-montes-claros","tag-montes-claros","tag-pes-de-maconha-apreendidos-em-montes-claros","tag-policia-apreende-pes-de-maconha-em-montes-claros","tag-trafico-de-drogas-em-montes-claros","tag-trafico-em-montes-claros"],"_links":{"self":[{"href":"https:\/\/aconteceunovale.com.br\/portal\/index.php?rest_route=\/wp\/v2\/posts\/118448","targetHints":{"allow":["GET"]}}],"collection":[{"href":"https:\/\/aconteceunovale.com.br\/portal\/index.php?rest_route=\/wp\/v2\/posts"}],"about":[{"href":"https:\/\/aconteceunovale.com.br\/portal\/index.php?rest_route=\/wp\/v2\/types\/post"}],"author":[{"embeddable":true,"href":"https:\/\/aconteceunovale.com.br\/portal\/index.php?rest_route=\/wp\/v2\/users\/1"}],"replies":[{"embeddable":true,"href":"https:\/\/aconteceunovale.com.br\/portal\/index.php?rest_route=%2Fwp%2Fv2%2Fcomments&post=118448"}],"version-history":[{"count":0,"href":"https:\/\/aconteceunovale.com.br\/portal\/index.php?rest_route=\/wp\/v2\/posts\/118448\/revisions"}],"wp:featuredmedia":[{"embeddable":true,"href":"https:\/\/aconteceunovale.com.br\/portal\/index.php?rest_route=\/wp\/v2\/media\/118449"}],"wp:attachment":[{"href":"https:\/\/aconteceunovale.com.br\/portal\/index.php?rest_route=%2Fwp%2Fv2%2Fmedia&parent=118448"}],"wp:term":[{"taxonomy":"category","embeddable":true,"href":"https:\/\/aconteceunovale.com.br\/portal\/index.php?rest_route=%2Fwp%2Fv2%2Fcategories&post=118448"},{"taxonomy":"post_tag","embeddable":true,"href":"https:\/\/aconteceunovale.com.br\/portal\/index.php?rest_route=%2Fwp%2Fv2%2Ftags&post=118448"}],"curies":[{"name":"wp","href":"https:\/\/api.w.org\/{rel}","templated":true}]}}