{"id":118443,"date":"2017-07-01T18:21:58","date_gmt":"2017-07-01T20:21:58","guid":{"rendered":"http:\/\/aconteceunovale.com.br\/portal\/?p=118443"},"modified":"2017-07-01T18:21:58","modified_gmt":"2017-07-01T20:21:58","slug":"conta-de-agua-tera-reajuste-de-869-a-partir-de-agosto","status":"publish","type":"post","link":"https:\/\/aconteceunovale.com.br\/portal\/?p=118443","title":{"rendered":"Conta de \u00e1gua ter\u00e1 reajuste de 8,69% a partir de agosto"},"content":{"rendered":"<p>Os usu\u00e1rios dos servi\u00e7os de abastecimento de \u00e1gua e esgotamento sanit\u00e1rio feitos pela Copasa ter\u00e3o as tarifas reajustadas a partir de 30 de julho. O aumento m\u00e9dio autorizado ser\u00e1 de 8,69% e foi divulgado nesta sexta-feira no Minas Gerais, o di\u00e1rio oficial do estado. A taxa m\u00ednima para clientes residenciais subir\u00e1 dos atuais R$ 26,89 para R$ 29,43.<\/p>\n<p>De acordo com o decreto, autorizado pela Ag\u00eancia Reguladora de Servi\u00e7os de Abastecimento de \u00c1gua de Esgotamento Sanit\u00e1rio de Minas Gerais (Arsae-MG), as novas tarifas visam permitir que o servi\u00e7o seja prestado de forma equilibrada e com qualidade. <\/p>\n<p>\u201cA revis\u00e3o tarif\u00e1ria \u00e9 o instrumento regulat\u00f3rio adequado para se definir o n\u00edvel de receita necess\u00e1rio para proporcionar o equil\u00edbrio econ\u00f4mico-financeiro ao prestador regulado\u201d, afirma a resolu\u00e7\u00e3o. <\/p>\n<p>Ainda de acordo com o texto publicado hoje, as tarifas de esgoto tamb\u00e9m ser\u00e3o afetadas pelo aumento. Outro ponto trazido na resolu\u00e7\u00e3o trata da manuten\u00e7\u00e3o dos crit\u00e9rios aplicados aos usu\u00e1rios das tarifas sociais. <\/p>\n<p>Desta vez o aumento foi menor que o autorizado no ano passado, quando o \u00edndice aplicado foi de 13,9%.<\/p>\n<p><strong>VER PRIMEIRO<\/strong><\/p>\n<p>Receba as not\u00edcias do Aconteceu no Vale em primeira m\u00e3o. Clique em curtir no endere\u00e7o <a href=\"https:\/\/www.facebook.com\/aconteceunovale\" target=\"_blank\"><font color=\"red\">www.facebook.com\/aconteceunovale<\/font><\/a> ou no box abaixo:<\/p>\n<div class=\"fb-like\" data-href=\"https:\/\/www.facebook.com\/aconteceunovale\" data-width=\"120\" data-layout=\"standard\" data-action=\"like\" data-size=\"small\" data-show-faces=\"true\" data-share=\"true\"><\/div>\n<p><\/br><\/p>\n<p><em>(Fonte: Estado de Minas)<\/em><\/p>\n","protected":false},"excerpt":{"rendered":"<p>Os usu\u00e1rios dos servi\u00e7os de abastecimento de \u00e1gua e esgotamento sanit\u00e1rio feitos pela Copasa ter\u00e3o as tarifas reajustadas a partir de 30 de julho. O aumento m\u00e9dio autorizado ser\u00e1 de 8,69% e foi divulgado nesta sexta-feira no Minas Gerais, o di\u00e1rio oficial do estado. A taxa m\u00ednima para clientes residenciais subir\u00e1 dos atuais R$ 26,89 [&hellip;]<\/p>\n","protected":false},"author":1,"featured_media":118444,"comment_status":"open","ping_status":"closed","sticky":false,"template":"","format":"standard","meta":{"amp_status":"","footnotes":""},"categories":[123],"tags":[36844,88608,154948,154947,88607],"class_list":["post-118443","post","type-post","status-publish","format-standard","has-post-thumbnail","hentry","category-gerais","tag-arsae-mg","tag-aumento-conta-de-agua","tag-conta-de-agua","tag-conta-de-agua-tera-reajuste-de-8-69-a-partir-de-agosto","tag-reajuste-conta-de-agua"],"_links":{"self":[{"href":"https:\/\/aconteceunovale.com.br\/portal\/index.php?rest_route=\/wp\/v2\/posts\/118443","targetHints":{"allow":["GET"]}}],"collection":[{"href":"https:\/\/aconteceunovale.com.br\/portal\/index.php?rest_route=\/wp\/v2\/posts"}],"about":[{"href":"https:\/\/aconteceunovale.com.br\/portal\/index.php?rest_route=\/wp\/v2\/types\/post"}],"author":[{"embeddable":true,"href":"https:\/\/aconteceunovale.com.br\/portal\/index.php?rest_route=\/wp\/v2\/users\/1"}],"replies":[{"embeddable":true,"href":"https:\/\/aconteceunovale.com.br\/portal\/index.php?rest_route=%2Fwp%2Fv2%2Fcomments&post=118443"}],"version-history":[{"count":0,"href":"https:\/\/aconteceunovale.com.br\/portal\/index.php?rest_route=\/wp\/v2\/posts\/118443\/revisions"}],"wp:featuredmedia":[{"embeddable":true,"href":"https:\/\/aconteceunovale.com.br\/portal\/index.php?rest_route=\/wp\/v2\/media\/118444"}],"wp:attachment":[{"href":"https:\/\/aconteceunovale.com.br\/portal\/index.php?rest_route=%2Fwp%2Fv2%2Fmedia&parent=118443"}],"wp:term":[{"taxonomy":"category","embeddable":true,"href":"https:\/\/aconteceunovale.com.br\/portal\/index.php?rest_route=%2Fwp%2Fv2%2Fcategories&post=118443"},{"taxonomy":"post_tag","embeddable":true,"href":"https:\/\/aconteceunovale.com.br\/portal\/index.php?rest_route=%2Fwp%2Fv2%2Ftags&post=118443"}],"curies":[{"name":"wp","href":"https:\/\/api.w.org\/{rel}","templated":true}]}}