{"id":118435,"date":"2017-07-01T17:55:31","date_gmt":"2017-07-01T19:55:31","guid":{"rendered":"http:\/\/aconteceunovale.com.br\/portal\/?p=118435"},"modified":"2017-07-01T21:21:29","modified_gmt":"2017-07-01T23:21:29","slug":"homem-e-assassinado-em-hotel-de-governador-valadares","status":"publish","type":"post","link":"https:\/\/aconteceunovale.com.br\/portal\/?p=118435","title":{"rendered":"Homem \u00e9 assassinado em hotel de Governador Valadares"},"content":{"rendered":"<p>Um homem de 29 anos foi encontrado morto dentro de um quarto de hotel no Centro de Governador Valadares, na noite dessa sexta-feira (30\/06\/2017). Segundo a Pol\u00edcia Militar (PM), o homem era um garoto de programa e h\u00e1 ind\u00edcios de que ele foi assassinado. <\/p>\n<p>A v\u00edtima teria alugado dois quartos do hotel e atendia a dois homens em um deles. De acordo com a PM, no meio da noite o rapaz foi para o outro quarto, onde atenderia outras duas pessoas. Os clientes e testemunhas do caso disseram que ele alegou que iria pagar uma d\u00edvida de drogas no valor de R$ 3 mil. <\/p>\n<p>Segundo o boletim de ocorr\u00eancias (BO) da PM, diante da demora do rapaz, os clientes foram \u00e0 procura dele e j\u00e1 o encontraram morto. Ele estava nu e havia sangue nos forros da cama, al\u00e9m de preservativos espalhados pelo quarto. <\/p>\n<p>Imagens do sistema de seguran\u00e7a do hotel dever\u00e3o ajudar a pol\u00edtica nas investiga\u00e7\u00f5es. O celular da v\u00edtima foi encontrado e recolhido como prova. A PM recebeu uma den\u00fancia an\u00f4nima sobre quem estaria cobrando o dinheiro da d\u00edvida. <\/p>\n<p>O corpo do rapaz foi encaminhado para o Posto de Per\u00edcia Integrado (PPI) em Governador Valadares.<\/p>\n<p><img decoding=\"async\" src=\"http:\/\/aconteceunovale.com.br\/portal\/wp-content\/uploads\/2017\/07\/morto_hotel_gv.jpg\" alt=\"\" \/><em>Homem foi encontrado morto em quarto de hotel (Foto: Caso de Pol\u00edcia\/Facebook)<\/em><br \/>\n<\/br><\/p>\n<h3>Matam homem e fogem de bicicleta<\/h3>\n<p>Um homem de 30 anos foi assassinado a tiros na madrugada dessa sexta-feira (30), em Governador Valadares. Segundo a Pol\u00edcia Militar, uma briga entre gangues pode ter motivado o crime.<\/p>\n<p>A v\u00edtima Thiago da Silva Ferraz estava no Bairro S\u00e3o Paulo, quando foi atingida com dois tiros na cabe\u00e7a e perna. A Pol\u00edcia Militar informou que um adolescente de 17 anos teria cometido o crime, com a ajuda de outros dois rapazes. Eles fugiram de bicicleta e ainda n\u00e3o foram encontrados.<\/p>\n<p><strong>VER PRIMEIRO<\/strong><\/p>\n<p>Receba as not\u00edcias do Aconteceu no Vale em primeira m\u00e3o. Clique em curtir no endere\u00e7o <a href=\"https:\/\/www.facebook.com\/aconteceunovale\" target=\"_blank\"><font color=\"red\">www.facebook.com\/aconteceunovale<\/font><\/a> ou no box abaixo:<\/p>\n<div class=\"fb-like\" data-href=\"https:\/\/www.facebook.com\/aconteceunovale\" data-width=\"120\" data-layout=\"standard\" data-action=\"like\" data-size=\"small\" data-show-faces=\"true\" data-share=\"true\"><\/div>\n<p><\/br><\/p>\n<p><em>(Fonte: Estado de Minas e G1 Vales)<\/em><\/p>\n","protected":false},"excerpt":{"rendered":"<p>Um homem de 29 anos foi encontrado morto dentro de um quarto de hotel no Centro de Governador Valadares, na noite dessa sexta-feira (30\/06\/2017). Segundo a Pol\u00edcia Militar (PM), o homem era um garoto de programa e h\u00e1 ind\u00edcios de que ele foi assassinado. A v\u00edtima teria alugado dois quartos do hotel e atendia a [&hellip;]<\/p>\n","protected":false},"author":1,"featured_media":118436,"comment_status":"open","ping_status":"closed","sticky":false,"template":"","format":"standard","meta":{"amp_status":"","footnotes":""},"categories":[121],"tags":[8179,154923,154922,247,154921,8180,154926,32916,154925,43038,154924,154996],"class_list":["post-118435","post","type-post","status-publish","format-standard","has-post-thumbnail","hentry","category-leste","tag-assassinato-em-governador-valadares","tag-bel-vic-hotel-governador-valadares","tag-garoto-de-programa-morto-em-governador-valadares","tag-governador-valadares","tag-homem-e-assassinado-em-hotel-de-governador-valadares","tag-homicidio-em-governador-valadares","tag-homicidio-no-bel-vic-hotel-governador-valadares","tag-morte-em-governador-valadares","tag-morte-no-bel-vic-hotel-governador-valadares","tag-morto-em-governador-valadares","tag-morto-no-bel-vic-hotel-governador-valadares","tag-thiago-da-silva-ferraz"],"_links":{"self":[{"href":"https:\/\/aconteceunovale.com.br\/portal\/index.php?rest_route=\/wp\/v2\/posts\/118435","targetHints":{"allow":["GET"]}}],"collection":[{"href":"https:\/\/aconteceunovale.com.br\/portal\/index.php?rest_route=\/wp\/v2\/posts"}],"about":[{"href":"https:\/\/aconteceunovale.com.br\/portal\/index.php?rest_route=\/wp\/v2\/types\/post"}],"author":[{"embeddable":true,"href":"https:\/\/aconteceunovale.com.br\/portal\/index.php?rest_route=\/wp\/v2\/users\/1"}],"replies":[{"embeddable":true,"href":"https:\/\/aconteceunovale.com.br\/portal\/index.php?rest_route=%2Fwp%2Fv2%2Fcomments&post=118435"}],"version-history":[{"count":0,"href":"https:\/\/aconteceunovale.com.br\/portal\/index.php?rest_route=\/wp\/v2\/posts\/118435\/revisions"}],"wp:featuredmedia":[{"embeddable":true,"href":"https:\/\/aconteceunovale.com.br\/portal\/index.php?rest_route=\/wp\/v2\/media\/118436"}],"wp:attachment":[{"href":"https:\/\/aconteceunovale.com.br\/portal\/index.php?rest_route=%2Fwp%2Fv2%2Fmedia&parent=118435"}],"wp:term":[{"taxonomy":"category","embeddable":true,"href":"https:\/\/aconteceunovale.com.br\/portal\/index.php?rest_route=%2Fwp%2Fv2%2Fcategories&post=118435"},{"taxonomy":"post_tag","embeddable":true,"href":"https:\/\/aconteceunovale.com.br\/portal\/index.php?rest_route=%2Fwp%2Fv2%2Ftags&post=118435"}],"curies":[{"name":"wp","href":"https:\/\/api.w.org\/{rel}","templated":true}]}}