{"id":118294,"date":"2017-06-28T20:06:20","date_gmt":"2017-06-28T22:06:20","guid":{"rendered":"http:\/\/aconteceunovale.com.br\/portal\/?p=118294"},"modified":"2017-06-28T20:06:20","modified_gmt":"2017-06-28T22:06:20","slug":"adolescente-e-detido-suspeito-de-assalto-no-shopping-popular-de-montes-claros","status":"publish","type":"post","link":"https:\/\/aconteceunovale.com.br\/portal\/?p=118294","title":{"rendered":"Adolescente \u00e9 detido suspeito de assalto no shopping popular de Montes Claros"},"content":{"rendered":"<p>Um adolescente foi apreendido na tarde desta quarta-feira (28\/06\/2017) suspeito de participa\u00e7\u00e3o em um assalto a uma loja do shopping popular de Montes Claros. Segundo o lojista, v\u00edtima do roubo, quatro menores chegaram ao local, sendo um deles armado, e levaram produtos diversos; eles teriam se passado por clientes para desviar a aten\u00e7\u00e3o do comerciante.<\/p>\n<p>&#8220;Quatro moleques, um \u00e9 a segunda vez. Este que foi preso hoje j\u00e1 tinha me roubado. Agora voltou com mais tr\u00eas, com rev\u00f3lver na cintura, amea\u00e7ando&#8221;, afirma o propriet\u00e1rio da loja, Paulo Ermelindo Ribeiro; ele n\u00e3o soube precisar se a arma usada no crime era real.<\/p>\n<p>Os lojistas do shopping afirmam que os assaltos s\u00e3o frequentes no local e reclamam da falta de seguran\u00e7a para quem trabalha e transita no pr\u00e9dio. &#8220;Tem sido recorrente. Estamos praticamente sem seguran\u00e7a aqui&#8221;, afirma Luciane Macedo.<\/p>\n<p>O adolescente apreendido foi levado \u00e0 delegacia. O material roubado na loja foi recuperado, mas a arma descrita pela v\u00edtima n\u00e3o foi encontrada.<\/p>\n<p><img decoding=\"async\" src=\"http:\/\/aconteceunovale.com.br\/portal\/wp-content\/uploads\/2017\/06\/shop_popular_moc.jpg\" alt=\"\" \/><em>Lojistas reclamam de falta de seguran\u00e7a no shopping (Foto: F\u00e1bio Mar\u00e7al\/Reprodu\u00e7\u00e3o G1)<\/em><br \/>\n<\/br><\/p>\n<p><strong>VER PRIMEIRO<\/strong><\/p>\n<p>Receba as not\u00edcias do Aconteceu no Vale em primeira m\u00e3o. Clique em curtir no endere\u00e7o <a href=\"https:\/\/www.facebook.com\/aconteceunovale\" target=\"_blank\"><font color=\"red\">www.facebook.com\/aconteceunovale<\/font><\/a> ou no box abaixo:<\/p>\n<div class=\"fb-like\" data-href=\"https:\/\/www.facebook.com\/aconteceunovale\" data-width=\"120\" data-layout=\"standard\" data-action=\"like\" data-size=\"small\" data-show-faces=\"true\" data-share=\"true\"><\/div>\n<p><\/br><\/p>\n<p><em>(Fonte: G1 Grande Minas)<\/em><\/p>\n","protected":false},"excerpt":{"rendered":"<p>Um adolescente foi apreendido na tarde desta quarta-feira (28\/06\/2017) suspeito de participa\u00e7\u00e3o em um assalto a uma loja do shopping popular de Montes Claros. Segundo o lojista, v\u00edtima do roubo, quatro menores chegaram ao local, sendo um deles armado, e levaram produtos diversos; eles teriam se passado por clientes para desviar a aten\u00e7\u00e3o do comerciante. [&hellip;]<\/p>\n","protected":false},"author":1,"featured_media":118295,"comment_status":"open","ping_status":"closed","sticky":false,"template":"","format":"standard","meta":{"amp_status":"","footnotes":""},"categories":[1236],"tags":[154726,154730,73279,154728,210,61641,154729,154727],"class_list":["post-118294","post","type-post","status-publish","format-standard","has-post-thumbnail","hentry","category-norte_de_minas","tag-adolescente-e-detido-suspeito-de-assalto-em-shopping-popular-de-montes-claros","tag-adolescente-e-detido-suspeito-de-assalto-no-shopping-popular-de-montes-claros","tag-assalto-montes-claros","tag-assalto-shopping-popular-de-montes-claros","tag-montes-claros","tag-roubo-montes-claros","tag-roubo-shopping-popular-de-montes-claros","tag-shopping-popular-de-montes-claros"],"_links":{"self":[{"href":"https:\/\/aconteceunovale.com.br\/portal\/index.php?rest_route=\/wp\/v2\/posts\/118294","targetHints":{"allow":["GET"]}}],"collection":[{"href":"https:\/\/aconteceunovale.com.br\/portal\/index.php?rest_route=\/wp\/v2\/posts"}],"about":[{"href":"https:\/\/aconteceunovale.com.br\/portal\/index.php?rest_route=\/wp\/v2\/types\/post"}],"author":[{"embeddable":true,"href":"https:\/\/aconteceunovale.com.br\/portal\/index.php?rest_route=\/wp\/v2\/users\/1"}],"replies":[{"embeddable":true,"href":"https:\/\/aconteceunovale.com.br\/portal\/index.php?rest_route=%2Fwp%2Fv2%2Fcomments&post=118294"}],"version-history":[{"count":0,"href":"https:\/\/aconteceunovale.com.br\/portal\/index.php?rest_route=\/wp\/v2\/posts\/118294\/revisions"}],"wp:featuredmedia":[{"embeddable":true,"href":"https:\/\/aconteceunovale.com.br\/portal\/index.php?rest_route=\/wp\/v2\/media\/118295"}],"wp:attachment":[{"href":"https:\/\/aconteceunovale.com.br\/portal\/index.php?rest_route=%2Fwp%2Fv2%2Fmedia&parent=118294"}],"wp:term":[{"taxonomy":"category","embeddable":true,"href":"https:\/\/aconteceunovale.com.br\/portal\/index.php?rest_route=%2Fwp%2Fv2%2Fcategories&post=118294"},{"taxonomy":"post_tag","embeddable":true,"href":"https:\/\/aconteceunovale.com.br\/portal\/index.php?rest_route=%2Fwp%2Fv2%2Ftags&post=118294"}],"curies":[{"name":"wp","href":"https:\/\/api.w.org\/{rel}","templated":true}]}}