{"id":118190,"date":"2017-06-27T22:35:05","date_gmt":"2017-06-28T00:35:05","guid":{"rendered":"http:\/\/aconteceunovale.com.br\/portal\/?p=118190"},"modified":"2017-06-27T22:35:05","modified_gmt":"2017-06-28T00:35:05","slug":"militar-do-destacamento-de-itinga-morre-em-acidente-na-br-116-no-vale-do-jequitinhonha","status":"publish","type":"post","link":"https:\/\/aconteceunovale.com.br\/portal\/?p=118190","title":{"rendered":"Militar do destacamento de Itinga morre em acidente na BR-116, no Vale do Jequitinhonha"},"content":{"rendered":"<p>Um soldado da Pol\u00edcia Militar, lotado no destacamento de Itinga, no Vale do Jequitinhonha, morreu ap\u00f3s perder o controle direcional do carro que ele dirigia &#8211; um VW\/Golf prata &#8211; e cair em uma ribanceira \u00e0s margens da BR-116 (Rio-Bahia). O acidente ocorreu na tarde desta ter\u00e7a-feira (27\/06\/2017), na altura do quil\u00f4metro 146 da rodovia, entre as cidades de Ponto dos Volantes e Padre Para\u00edso.<\/p>\n<p>A v\u00edtima foi identificada como Paulo Henrique Arag\u00e3o, natural de Te\u00f3filo Otoni, no Vale do Mucuri. Ele era rec\u00e9m-formado policial militar e estava sozinho no ve\u00edculo.<\/p>\n<p>De acordo com as primeiras informa\u00e7\u00f5es, o soldado ficou preso \u00e0s ferragens, chegou a ser socorrido, mas n\u00e3o resistiu aos ferimentos e morreu no local. Ele estava lotado no Destacamento da PM de Itinga, desde maio.<\/p>\n<p>O impacto da queda destruiu o ve\u00edculo. As causas do acidente ser\u00e3o investigadas pela pol\u00edcia. O corpo do policial dever\u00e1 ser sepultado nesta quarta-feira (28) em Te\u00f3filo Otoni, onde residem os familiares dele.<\/p>\n<p><img decoding=\"async\" src=\"http:\/\/aconteceunovale.com.br\/portal\/wp-content\/uploads\/2017\/06\/acidente_militar_1.jpg\" alt=\"\" \/><em>Acidente aconteceu no km 146 da BR-116 (Foto: Reprodu\u00e7\u00e3o\/WhatsApp)<\/em><br \/>\n<\/br><\/p>\n<p><img decoding=\"async\" src=\"http:\/\/aconteceunovale.com.br\/portal\/wp-content\/uploads\/2017\/06\/acidente_militar_2.jpg\" alt=\"\" \/><em>Paulo Henrique Arag\u00e3o trabalhava em Itinga (Foto: Reprodu\u00e7\u00e3o\/WhatsApp)<\/em><br \/>\n<\/br><\/p>\n<p><strong>VER PRIMEIRO<\/strong><\/p>\n<p>Receba as not\u00edcias do Aconteceu no Vale em primeira m\u00e3o. Clique em curtir no endere\u00e7o <a href=\"https:\/\/www.facebook.com\/aconteceunovale\" target=\"_blank\"><font color=\"red\">www.facebook.com\/aconteceunovale<\/font><\/a> ou no box abaixo:<\/p>\n<div class=\"fb-like\" data-href=\"https:\/\/www.facebook.com\/aconteceunovale\" data-width=\"120\" data-layout=\"standard\" data-action=\"like\" data-size=\"small\" data-show-faces=\"true\" data-share=\"true\"><\/div>\n<p><\/br><\/p>\n<p><em>(Com informa\u00e7\u00f5es do Gazeta de Ara\u00e7ua\u00ed e PRF)<\/em><\/p>\n","protected":false},"excerpt":{"rendered":"<p>Um soldado da Pol\u00edcia Militar, lotado no destacamento de Itinga, no Vale do Jequitinhonha, morreu ap\u00f3s perder o controle direcional do carro que ele dirigia &#8211; um VW\/Golf prata &#8211; e cair em uma ribanceira \u00e0s margens da BR-116 (Rio-Bahia). O acidente ocorreu na tarde desta ter\u00e7a-feira (27\/06\/2017), na altura do quil\u00f4metro 146 da rodovia, [&hellip;]<\/p>\n","protected":false},"author":1,"featured_media":118191,"comment_status":"open","ping_status":"closed","sticky":false,"template":"","format":"standard","meta":{"amp_status":"","footnotes":""},"categories":[120,122],"tags":[154544,154534,154538,154541,154531,154537,154540,154546,154532,154539,154542,154545,154543,182,189,154547,154548,154536,154535,154533,572,154530,444,164],"class_list":["post-118190","post","type-post","status-publish","format-standard","has-post-thumbnail","hentry","category-jequi","category-mucuri","tag-acidente-com-militar-de-br-116","tag-acidente-com-militar-de-itinga","tag-acidente-com-militar-de-teofilo-otoni","tag-acidente-com-militar-entre-ponto-dos-volantes-e-padre-paraiso","tag-acidente-com-pm-de-itinga","tag-acidente-com-pm-de-teofilo-otoni","tag-acidente-com-pm-entre-ponto-dos-volantes-e-padre-paraiso","tag-acidente-com-pm-na-br-116","tag-acidente-com-policial-de-itinga","tag-acidente-com-policial-de-teofilo-otoni","tag-acidente-com-policial-entre-ponto-dos-volantes-e-padre-paraiso","tag-acidente-com-policial-na-br-116","tag-acidente-entre-ponto-dos-volantes-e-padre-paraiso","tag-br-116","tag-itinga","tag-militar-do-destacamento-de-itinga-morre-em-acidente-na-br-116","tag-militar-do-destacamento-de-itinga-morre-em-acidente-na-br-116-no-vale-do-jequitinhonha","tag-morte-de-militar-de-itinga","tag-morte-de-pm-de-itinga","tag-morte-de-policial-de-itinga","tag-padre-paraiso","tag-paulo-henrique-aragao","tag-ponto-dos-volantes","tag-teofilo-otoni"],"_links":{"self":[{"href":"https:\/\/aconteceunovale.com.br\/portal\/index.php?rest_route=\/wp\/v2\/posts\/118190","targetHints":{"allow":["GET"]}}],"collection":[{"href":"https:\/\/aconteceunovale.com.br\/portal\/index.php?rest_route=\/wp\/v2\/posts"}],"about":[{"href":"https:\/\/aconteceunovale.com.br\/portal\/index.php?rest_route=\/wp\/v2\/types\/post"}],"author":[{"embeddable":true,"href":"https:\/\/aconteceunovale.com.br\/portal\/index.php?rest_route=\/wp\/v2\/users\/1"}],"replies":[{"embeddable":true,"href":"https:\/\/aconteceunovale.com.br\/portal\/index.php?rest_route=%2Fwp%2Fv2%2Fcomments&post=118190"}],"version-history":[{"count":0,"href":"https:\/\/aconteceunovale.com.br\/portal\/index.php?rest_route=\/wp\/v2\/posts\/118190\/revisions"}],"wp:featuredmedia":[{"embeddable":true,"href":"https:\/\/aconteceunovale.com.br\/portal\/index.php?rest_route=\/wp\/v2\/media\/118191"}],"wp:attachment":[{"href":"https:\/\/aconteceunovale.com.br\/portal\/index.php?rest_route=%2Fwp%2Fv2%2Fmedia&parent=118190"}],"wp:term":[{"taxonomy":"category","embeddable":true,"href":"https:\/\/aconteceunovale.com.br\/portal\/index.php?rest_route=%2Fwp%2Fv2%2Fcategories&post=118190"},{"taxonomy":"post_tag","embeddable":true,"href":"https:\/\/aconteceunovale.com.br\/portal\/index.php?rest_route=%2Fwp%2Fv2%2Ftags&post=118190"}],"curies":[{"name":"wp","href":"https:\/\/api.w.org\/{rel}","templated":true}]}}