{"id":118184,"date":"2017-06-27T21:44:24","date_gmt":"2017-06-27T23:44:24","guid":{"rendered":"http:\/\/aconteceunovale.com.br\/portal\/?p=118184"},"modified":"2017-06-27T21:44:24","modified_gmt":"2017-06-27T23:44:24","slug":"policia-civil-investiga-morte-de-medico-em-montes-claros","status":"publish","type":"post","link":"https:\/\/aconteceunovale.com.br\/portal\/?p=118184","title":{"rendered":"Pol\u00edcia Civil investiga morte de m\u00e9dico em Montes Claros"},"content":{"rendered":"<p>A Pol\u00edcia Civil de Montes Claros investiga as causas da morte de um m\u00e9dico, de 32 anos. O corpo dele foi encontrado nessa segunda-feira (26\/06\/2017), ap\u00f3s o porteiro e moradores perceberem um mau cheiro nas proximidades do apartamento onde ele morava, no Bairro Cidade Santa Maria. De acordo com um amigo da fam\u00edlia, o profissional trabalhava em um PSF e estava de atestado m\u00e9dico. O corpo de Dyeggo P\u00fablio Martins foi levado para Guanambi (BA).<\/p>\n<p>\u201cEle pegou atestado de tr\u00eas dias por conta de dengue; no celular dele h\u00e1 v\u00e1rias mensagens de pessoas perguntando sobre o estado de sa\u00fade dele. Os pais dele s\u00e3o de Guanambi, mas ele j\u00e1 morava aqui h\u00e1 dois anos. N\u00e3o sabemos a causa da morte dele; no laudo consta \u2018causa indefinida\u2019. Acreditamos que pode ser das complica\u00e7\u00f5es da dengue. Ele tamb\u00e9m sofria de ins\u00f4nia\u201d, explica Wantuil Coelho, amigo da fam\u00edlia.<\/p>\n<p>De acordo com a Pol\u00edcia Militar, um chaveiro foi chamado para abrir a porta do apartamento; o corpo do m\u00e9dico estava em estado de decomposi\u00e7\u00e3o. No local, foram recolhidas diversas seringas, agulhas e frascos de medicamentos usados. Os nomes dos rem\u00e9dios n\u00e3o foram divulgados.<\/p>\n<p>A assessoria da Pol\u00edcia Civil informou que o caso est\u00e1 sendo investigado pelo Departamento de Homic\u00eddios de Montes Claros. O laudo pericial com a causa da morte ficar\u00e1 pronto em 30 dias.<\/p>\n<p><strong>VER PRIMEIRO<\/strong><\/p>\n<p>Receba as not\u00edcias do Aconteceu no Vale em primeira m\u00e3o. Clique em curtir no endere\u00e7o <a href=\"https:\/\/www.facebook.com\/aconteceunovale\" target=\"_blank\"><font color=\"red\">www.facebook.com\/aconteceunovale<\/font><\/a> ou no box abaixo:<\/p>\n<div class=\"fb-like\" data-href=\"https:\/\/www.facebook.com\/aconteceunovale\" data-width=\"120\" data-layout=\"standard\" data-action=\"like\" data-size=\"small\" data-show-faces=\"true\" data-share=\"true\"><\/div>\n<p><\/br><\/p>\n<p><em>(Com informa\u00e7\u00f5es do G1 Grande Minas e Hoje em Dia)<\/em><\/p>\n","protected":false},"excerpt":{"rendered":"<p>A Pol\u00edcia Civil de Montes Claros investiga as causas da morte de um m\u00e9dico, de 32 anos. O corpo dele foi encontrado nessa segunda-feira (26\/06\/2017), ap\u00f3s o porteiro e moradores perceberem um mau cheiro nas proximidades do apartamento onde ele morava, no Bairro Cidade Santa Maria. De acordo com um amigo da fam\u00edlia, o profissional [&hellip;]<\/p>\n","protected":false},"author":1,"featured_media":78106,"comment_status":"open","ping_status":"closed","sticky":false,"template":"","format":"standard","meta":{"amp_status":"","footnotes":""},"categories":[1236],"tags":[154521,41720,154523,154525,154524,210,154522,154526],"class_list":["post-118184","post","type-post","status-publish","format-standard","has-post-thumbnail","hentry","category-norte_de_minas","tag-dyeggo-publio-martins","tag-guanambi","tag-medico-dyeggo-publio-martins","tag-medico-encontrado-morto-em-montes-claros","tag-medico-morto-em-montes-claros","tag-montes-claros","tag-morte-do-medico-dyeggo-publio-martins","tag-policia-civil-investiga-morte-de-medico-em-montes-claros"],"_links":{"self":[{"href":"https:\/\/aconteceunovale.com.br\/portal\/index.php?rest_route=\/wp\/v2\/posts\/118184","targetHints":{"allow":["GET"]}}],"collection":[{"href":"https:\/\/aconteceunovale.com.br\/portal\/index.php?rest_route=\/wp\/v2\/posts"}],"about":[{"href":"https:\/\/aconteceunovale.com.br\/portal\/index.php?rest_route=\/wp\/v2\/types\/post"}],"author":[{"embeddable":true,"href":"https:\/\/aconteceunovale.com.br\/portal\/index.php?rest_route=\/wp\/v2\/users\/1"}],"replies":[{"embeddable":true,"href":"https:\/\/aconteceunovale.com.br\/portal\/index.php?rest_route=%2Fwp%2Fv2%2Fcomments&post=118184"}],"version-history":[{"count":0,"href":"https:\/\/aconteceunovale.com.br\/portal\/index.php?rest_route=\/wp\/v2\/posts\/118184\/revisions"}],"wp:featuredmedia":[{"embeddable":true,"href":"https:\/\/aconteceunovale.com.br\/portal\/index.php?rest_route=\/wp\/v2\/media\/78106"}],"wp:attachment":[{"href":"https:\/\/aconteceunovale.com.br\/portal\/index.php?rest_route=%2Fwp%2Fv2%2Fmedia&parent=118184"}],"wp:term":[{"taxonomy":"category","embeddable":true,"href":"https:\/\/aconteceunovale.com.br\/portal\/index.php?rest_route=%2Fwp%2Fv2%2Fcategories&post=118184"},{"taxonomy":"post_tag","embeddable":true,"href":"https:\/\/aconteceunovale.com.br\/portal\/index.php?rest_route=%2Fwp%2Fv2%2Ftags&post=118184"}],"curies":[{"name":"wp","href":"https:\/\/api.w.org\/{rel}","templated":true}]}}