{"id":118117,"date":"2017-06-26T22:09:03","date_gmt":"2017-06-27T00:09:03","guid":{"rendered":"http:\/\/aconteceunovale.com.br\/portal\/?p=118117"},"modified":"2017-06-26T22:09:03","modified_gmt":"2017-06-27T00:09:03","slug":"ministerio-publico-firma-tac-com-municipio-de-governador-valadares-para-garantir-o-fornecimento-de-medicamentos-a-criancas-e-adolescentes","status":"publish","type":"post","link":"https:\/\/aconteceunovale.com.br\/portal\/?p=118117","title":{"rendered":"Minist\u00e9rio P\u00fablico firma TAC com munic\u00edpio de Governador Valadares para garantir o fornecimento de medicamentos a crian\u00e7as e adolescentes"},"content":{"rendered":"<p>O Minist\u00e9rio P\u00fablico de Minas Gerais (MPMG), por meio da 14\u00aa Promotoria de Justi\u00e7a de Governador Valadares, firmou Termo de Ajustamento de Conduta (TAC) com o munic\u00edpio para garantir o fornecimento de medicamentos a crian\u00e7as e adolescentes. A prefeitura dever\u00e1 disponibilizar, gratuitamente, os medicamentos Ritalina, Ritalina LA e Risperidon ou similares prescritos por profissionais m\u00e9dicos.<\/p>\n<p>O munic\u00edpio assumiu a obriga\u00e7\u00e3o de adotar as medidas adequadas e necess\u00e1rias para manter o estoque dos medicamentos capaz de atender \u00e0 demanda dos pacientes que necessitem da utiliza\u00e7\u00e3o dos rem\u00e9dios, devendo sempre existir a reserva m\u00ednima de dez caixas de cada um dos compostos qu\u00edmicos, de modo a evitar a descontinuidade no fornecimento. Os medicamentos dever\u00e3o ser adquiridos at\u00e9 o dia 31 de agosto. Caso o TAC seja descumprido, ser\u00e1 imposta multa di\u00e1ria, no valor de R$ 100 por cada crian\u00e7a ou adolescente n\u00e3o atendido com a medica\u00e7\u00e3o.<\/p>\n<p>Inqu\u00e9rito Civil P\u00fablico, aberto pela Promotoria de Justi\u00e7a, demonstrou a necessidade de fornecimento dos medicamentos pelo munic\u00edpio de Governador Valadares, pois j\u00e1 foram propostas v\u00e1rias a\u00e7\u00f5es na Justi\u00e7a para que a administra\u00e7\u00e3o municipal forne\u00e7a os rem\u00e9dios aos pacientes da rede p\u00fablica de sa\u00fade. <\/p>\n<p>O TAC tem como objetivo a resolu\u00e7\u00e3o coletiva da demanda, proporcionando o fornecimento mais r\u00e1pido para todas as crian\u00e7as e adolescentes atendidas pela rede p\u00fablica municipal de sa\u00fade.<\/p>\n<p>A Ritalina \u00e9 indicada como parte de um programa de tratamento amplo que inclui medidas psicol\u00f3gicas, educacionais e sociais, direcionadas a crian\u00e7as est\u00e1veis com uma s\u00edndrome comportamental caracterizada por distractibilidade moderada a grave, deficit de aten\u00e7\u00e3o, hiperatividade, labilidade emocional e impulsividade. Risperidona \u00e9 indicada para o tratamento de transtornos do comportamento em pacientes com dem\u00eancia nos quais os sintomas, tais como agressividade, transtornos psicomotores ou sintomas psic\u00f3ticos, s\u00e3o proeminentes, al\u00e9m do tratamento de curto prazo para a mania aguda ou epis\u00f3dios mistos associados com transtorno bipolar. <\/p>\n<p><strong>VER PRIMEIRO<\/strong><\/p>\n<p>Receba as not\u00edcias do Aconteceu no Vale em primeira m\u00e3o. Clique em curtir no endere\u00e7o <a href=\"https:\/\/www.facebook.com\/aconteceunovale\" target=\"_blank\"><font color=\"red\">www.facebook.com\/aconteceunovale<\/font><\/a> ou no box abaixo:<\/p>\n<div class=\"fb-like\" data-href=\"https:\/\/www.facebook.com\/aconteceunovale\" data-width=\"120\" data-layout=\"standard\" data-action=\"like\" data-size=\"small\" data-show-faces=\"true\" data-share=\"true\"><\/div>\n<p><\/br><\/p>\n<p><em>(Fonte: MPMG)<\/em><\/p>\n","protected":false},"excerpt":{"rendered":"<p>O Minist\u00e9rio P\u00fablico de Minas Gerais (MPMG), por meio da 14\u00aa Promotoria de Justi\u00e7a de Governador Valadares, firmou Termo de Ajustamento de Conduta (TAC) com o munic\u00edpio para garantir o fornecimento de medicamentos a crian\u00e7as e adolescentes. A prefeitura dever\u00e1 disponibilizar, gratuitamente, os medicamentos Ritalina, Ritalina LA e Risperidon ou similares prescritos por profissionais m\u00e9dicos. [&hellip;]<\/p>\n","protected":false},"author":1,"featured_media":47642,"comment_status":"open","ping_status":"closed","sticky":false,"template":"","format":"standard","meta":{"amp_status":"","footnotes":""},"categories":[121],"tags":[154420,247,19674,154424,19675,154423,154421,154422],"class_list":["post-118117","post","type-post","status-publish","format-standard","has-post-thumbnail","hentry","category-leste","tag-14a-promotoria-de-justica-de-governador-valadares","tag-governador-valadares","tag-ministerio-publico-de-minas-gerais","tag-ministerio-publico-firma-tac-com-municipio-de-governador-valadares-para-garantir-o-fornecimento-de-medicamentos-a-criancas-e-adolescentes","tag-mpmg","tag-risperidon","tag-ritalina","tag-ritalina-la"],"_links":{"self":[{"href":"https:\/\/aconteceunovale.com.br\/portal\/index.php?rest_route=\/wp\/v2\/posts\/118117","targetHints":{"allow":["GET"]}}],"collection":[{"href":"https:\/\/aconteceunovale.com.br\/portal\/index.php?rest_route=\/wp\/v2\/posts"}],"about":[{"href":"https:\/\/aconteceunovale.com.br\/portal\/index.php?rest_route=\/wp\/v2\/types\/post"}],"author":[{"embeddable":true,"href":"https:\/\/aconteceunovale.com.br\/portal\/index.php?rest_route=\/wp\/v2\/users\/1"}],"replies":[{"embeddable":true,"href":"https:\/\/aconteceunovale.com.br\/portal\/index.php?rest_route=%2Fwp%2Fv2%2Fcomments&post=118117"}],"version-history":[{"count":0,"href":"https:\/\/aconteceunovale.com.br\/portal\/index.php?rest_route=\/wp\/v2\/posts\/118117\/revisions"}],"wp:featuredmedia":[{"embeddable":true,"href":"https:\/\/aconteceunovale.com.br\/portal\/index.php?rest_route=\/wp\/v2\/media\/47642"}],"wp:attachment":[{"href":"https:\/\/aconteceunovale.com.br\/portal\/index.php?rest_route=%2Fwp%2Fv2%2Fmedia&parent=118117"}],"wp:term":[{"taxonomy":"category","embeddable":true,"href":"https:\/\/aconteceunovale.com.br\/portal\/index.php?rest_route=%2Fwp%2Fv2%2Fcategories&post=118117"},{"taxonomy":"post_tag","embeddable":true,"href":"https:\/\/aconteceunovale.com.br\/portal\/index.php?rest_route=%2Fwp%2Fv2%2Ftags&post=118117"}],"curies":[{"name":"wp","href":"https:\/\/api.w.org\/{rel}","templated":true}]}}