{"id":118115,"date":"2017-06-26T22:03:53","date_gmt":"2017-06-27T00:03:53","guid":{"rendered":"http:\/\/aconteceunovale.com.br\/portal\/?p=118115"},"modified":"2017-06-26T22:03:53","modified_gmt":"2017-06-27T00:03:53","slug":"municipios-de-itanhomi-e-capitao-andrade-devem-realizar-licitacao-de-taxi-ate-dezembro","status":"publish","type":"post","link":"https:\/\/aconteceunovale.com.br\/portal\/?p=118115","title":{"rendered":"Munic\u00edpios de Itanhomi e Capit\u00e3o Andrade devem realizar licita\u00e7\u00e3o de t\u00e1xi at\u00e9 dezembro"},"content":{"rendered":"<p>O Minist\u00e9rio P\u00fablico de Minas Gerais (MPMG) assinou dois Termos de Ajustamento de Conduta (TAC\u2019s), um com o munic\u00edpio de Itanhomi e outro com o munic\u00edpio de Capit\u00e3o Andrade, ambos localizados na regi\u00e3o do Rio Doce, para que regularizem os servi\u00e7os de t\u00e1xis locais at\u00e9 dezembro deste ano. A C\u00e2mara de Vereadores dos dois munic\u00edpios tamb\u00e9m participaram do acordo.<\/p>\n<p>Conforme a Promotoria de Justi\u00e7a de Defesa do Patrim\u00f4nio P\u00fablico de Itanhomi, comarca da qual os dois munic\u00edpios fazem parte, \u201ca outorga de permiss\u00f5es de servi\u00e7os de utilidade p\u00fablica ao particular exige a realiza\u00e7\u00e3o pr\u00e9via de licita\u00e7\u00e3o\u201d. Entretanto, no TAC, o promotor de Justi\u00e7a Randal Bianchini afirma que ficou comprovado que os dois munic\u00edpios n\u00e3o cumpriam essa exig\u00eancia legal.<\/p>\n<p>Essas decis\u00f5es, segundo Bianchini, ferem artigos da Constitui\u00e7\u00e3o Federal e princ\u00edpios da Administra\u00e7\u00e3o P\u00fablica, que cobram legalidade, impessoalidade e licita\u00e7\u00e3o do Poder P\u00fablico na hora de repassar ao particular a permiss\u00e3o de trasporte p\u00fablico. \u201c\u00c9 imposs\u00edvel admitir a cess\u00e3o de permiss\u00e3o de servi\u00e7o p\u00fablico de t\u00e1xi sem o pr\u00e9vio procedimento licitat\u00f3rio, que assegura igual oportunidade aos que desejam contratar com o Poder P\u00fablico\u201d, disse Randal.<\/p>\n<p>Pelos acordos, os dois munic\u00edpios se comprometeram a concluir, at\u00e9 31 de dezembro, processo licitat\u00f3rio para selecionar os permission\u00e1rios do servi\u00e7o de t\u00e1xi, observando o limite previsto na legisla\u00e7\u00e3o. Depois, o Poder P\u00fablico tem dez dias para convocar os vencedores e, em seguida, revogar as permiss\u00f5es antigas. Tamb\u00e9m ficou combinado que 10% das permiss\u00f5es ser\u00e3o destinadas a pessoas com defici\u00eancia.<\/p>\n<p>Em outra cl\u00e1usula, ficou estabelecido que, com a aposentadoria, morte ou desinteresse do permission\u00e1rio, a vaga de t\u00e1xi volta ao Poder P\u00fablico para ser licitada, n\u00e3o sendo poss\u00edvel sua transfer\u00eancia para outras pessoas, como filhos. Em caso de descumprimento de qualquer uma das cl\u00e1usulas do TAC, os munic\u00edpios de Itanhomi e Capit\u00e3o Andrade ser\u00e3o multados em R$ 5 mil por irregularidade constatada.<\/p>\n<p><strong>VER PRIMEIRO<\/strong><\/p>\n<p>Receba as not\u00edcias do Aconteceu no Vale em primeira m\u00e3o. Clique em curtir no endere\u00e7o <a href=\"https:\/\/www.facebook.com\/aconteceunovale\" target=\"_blank\"><font color=\"red\">www.facebook.com\/aconteceunovale<\/font><\/a> ou no box abaixo:<\/p>\n<div class=\"fb-like\" data-href=\"https:\/\/www.facebook.com\/aconteceunovale\" data-width=\"120\" data-layout=\"standard\" data-action=\"like\" data-size=\"small\" data-show-faces=\"true\" data-share=\"true\"><\/div>\n<p><\/br><\/p>\n<p><em>(Fonte: MPMG)<\/em><\/p>\n","protected":false},"excerpt":{"rendered":"<p>O Minist\u00e9rio P\u00fablico de Minas Gerais (MPMG) assinou dois Termos de Ajustamento de Conduta (TAC\u2019s), um com o munic\u00edpio de Itanhomi e outro com o munic\u00edpio de Capit\u00e3o Andrade, ambos localizados na regi\u00e3o do Rio Doce, para que regularizem os servi\u00e7os de t\u00e1xis locais at\u00e9 dezembro deste ano. A C\u00e2mara de Vereadores dos dois munic\u00edpios [&hellip;]<\/p>\n","protected":false},"author":1,"featured_media":64672,"comment_status":"open","ping_status":"closed","sticky":false,"template":"","format":"standard","meta":{"amp_status":"","footnotes":""},"categories":[121],"tags":[279,297,19674,19675,154415,154418,154417,154419,154416],"class_list":["post-118115","post","type-post","status-publish","format-standard","has-post-thumbnail","hentry","category-leste","tag-capitao-andrade","tag-itanhomi","tag-ministerio-publico-de-minas-gerais","tag-mpmg","tag-municipios-de-itanhomi-e-capitao-andrade-devem-realizar-licitacao-de-taxi-ate-dezembro","tag-regularizacao-do-servico-de-taxi-em-capitao-andrade","tag-regularizacao-do-servico-de-taxi-em-itanhomi","tag-taxi-em-capitao-andrade","tag-taxi-em-itanhomi"],"_links":{"self":[{"href":"https:\/\/aconteceunovale.com.br\/portal\/index.php?rest_route=\/wp\/v2\/posts\/118115","targetHints":{"allow":["GET"]}}],"collection":[{"href":"https:\/\/aconteceunovale.com.br\/portal\/index.php?rest_route=\/wp\/v2\/posts"}],"about":[{"href":"https:\/\/aconteceunovale.com.br\/portal\/index.php?rest_route=\/wp\/v2\/types\/post"}],"author":[{"embeddable":true,"href":"https:\/\/aconteceunovale.com.br\/portal\/index.php?rest_route=\/wp\/v2\/users\/1"}],"replies":[{"embeddable":true,"href":"https:\/\/aconteceunovale.com.br\/portal\/index.php?rest_route=%2Fwp%2Fv2%2Fcomments&post=118115"}],"version-history":[{"count":0,"href":"https:\/\/aconteceunovale.com.br\/portal\/index.php?rest_route=\/wp\/v2\/posts\/118115\/revisions"}],"wp:featuredmedia":[{"embeddable":true,"href":"https:\/\/aconteceunovale.com.br\/portal\/index.php?rest_route=\/wp\/v2\/media\/64672"}],"wp:attachment":[{"href":"https:\/\/aconteceunovale.com.br\/portal\/index.php?rest_route=%2Fwp%2Fv2%2Fmedia&parent=118115"}],"wp:term":[{"taxonomy":"category","embeddable":true,"href":"https:\/\/aconteceunovale.com.br\/portal\/index.php?rest_route=%2Fwp%2Fv2%2Fcategories&post=118115"},{"taxonomy":"post_tag","embeddable":true,"href":"https:\/\/aconteceunovale.com.br\/portal\/index.php?rest_route=%2Fwp%2Fv2%2Ftags&post=118115"}],"curies":[{"name":"wp","href":"https:\/\/api.w.org\/{rel}","templated":true}]}}