{"id":117965,"date":"2017-06-24T17:24:47","date_gmt":"2017-06-24T19:24:47","guid":{"rendered":"http:\/\/aconteceunovale.com.br\/portal\/?p=117965"},"modified":"2017-06-24T17:24:47","modified_gmt":"2017-06-24T19:24:47","slug":"falhas-na-rede-de-telefonia-movel-de-capelinha-serao-debatidas-em-audiencia-publica","status":"publish","type":"post","link":"https:\/\/aconteceunovale.com.br\/portal\/?p=117965","title":{"rendered":"Falhas na rede de telefonia m\u00f3vel de Capelinha ser\u00e3o debatidas em audi\u00eancia p\u00fablica"},"content":{"rendered":"<p>Falhas na telefonia m\u00f3vel em Capelinha (Vale do Jequitinhonha) ser\u00e3o debatidas em audi\u00eancia p\u00fablica no munic\u00edpio pela Comiss\u00e3o de Transporte, Comunica\u00e7\u00e3o e Obras P\u00fablicas da Assembleia Legislativa de Minas Gerais (ALMG). Deputados estar\u00e3o na cidade na sexta-feira (30\/6\/17) para reuni\u00e3o sobre o assunto, \u00e0s 14 horas, na C\u00e2mara Municipal (Rua Jos\u00e9 Pimenta de Figueiredo, 5).<\/p>\n<p>A reuni\u00e3o foi solicitada pelo deputado F\u00e1bio Cherem (PSD), presidente da comiss\u00e3o, a partir de of\u00edcio encaminhado pelo vereador Cleuber Luiz (PSC) e de visita feita \u00e0 regi\u00e3o pelo parlamentar. Conforme o documento, o munic\u00edpio dependeria quase que inteiramente dos servi\u00e7os da operadora TIM, que seria a maior a atender o munic\u00edpio, mas que frequentemente estaria deixando usu\u00e1rios sem sinal. Entre as falhas apontadas como recorrentes, foi citada a interrup\u00e7\u00e3o do sinal por 15 dias seguidos, de 23 de fevereiro a 6 de mar\u00e7o deste ano, deixando incomunic\u00e1vel boa parte do munic\u00edpio.<\/p>\n<p>&#8220;Estive em Capelinha e pude identificar a situa\u00e7\u00e3o delicada pela qual passa a comunidade em rela\u00e7\u00e3o ao sinal de celular na regi\u00e3o. N\u00e3o \u00e9 poss\u00edvel que em pleno ano de 2017 tenhamos gargalos t\u00e3o cr\u00edticos como este, sem a devida aten\u00e7\u00e3o da gest\u00e3o p\u00fablica&#8221;, afirma o deputado. Segundo ressalta, o objetivo da audi\u00eancia \u00e9 ouvir o cidad\u00e3o e as empresas prestadoras de servi\u00e7os, para ent\u00e3o propor medidas de melhoria na rede de comunica\u00e7\u00f5es de Capelinha, de modo espec\u00edfico, e ainda de toda a regi\u00e3o.<\/p>\n<p>Al\u00e9m de representantes da operadora, foram convidados para a audi\u00eancia vereadores, promotores de Justi\u00e7a e entidades como a Associa\u00e7\u00e3o Comercial, Industrial e Agropecu\u00e1ria de Capelinha.<\/p>\n<p><strong>VER PRIMEIRO<\/strong><\/p>\n<p>Receba as not\u00edcias do Aconteceu no Vale em primeira m\u00e3o. Clique em curtir no endere\u00e7o <a href=\"https:\/\/www.facebook.com\/aconteceunovale\" target=\"_blank\"><font color=\"red\">www.facebook.com\/aconteceunovale<\/font><\/a> ou no box abaixo:<\/p>\n<div class=\"fb-like\" data-href=\"https:\/\/www.facebook.com\/aconteceunovale\" data-width=\"120\" data-layout=\"standard\" data-action=\"like\" data-size=\"small\" data-show-faces=\"true\" data-share=\"true\"><\/div>\n<p><\/br><\/p>\n<p><em>(Fonte: ALMG)<\/em><\/p>\n","protected":false},"excerpt":{"rendered":"<p>Falhas na telefonia m\u00f3vel em Capelinha (Vale do Jequitinhonha) ser\u00e3o debatidas em audi\u00eancia p\u00fablica no munic\u00edpio pela Comiss\u00e3o de Transporte, Comunica\u00e7\u00e3o e Obras P\u00fablicas da Assembleia Legislativa de Minas Gerais (ALMG). Deputados estar\u00e3o na cidade na sexta-feira (30\/6\/17) para reuni\u00e3o sobre o assunto, \u00e0s 14 horas, na C\u00e2mara Municipal (Rua Jos\u00e9 Pimenta de Figueiredo, 5). [&hellip;]<\/p>\n","protected":false},"author":1,"featured_media":117966,"comment_status":"open","ping_status":"closed","sticky":false,"template":"","format":"standard","meta":{"amp_status":"","footnotes":""},"categories":[120],"tags":[752,66745,154150,154149,132,48181,129286,154148,154145,154147,154146],"class_list":["post-117965","post","type-post","status-publish","format-standard","has-post-thumbnail","hentry","category-jequi","tag-almg","tag-audiencia-publica","tag-audiencia-publica-da-almg-em-capelinha","tag-audiencia-publica-em-capelinha","tag-capelinha","tag-cleuber-luiz","tag-fabio-cherem","tag-falhas-na-rede-de-telefonia-movel-de-capelinha-serao-debatidas-em-audiencia-publica","tag-falhas-na-telefonia-movel-em-capelinha","tag-problemas-com-telefonia-movel-em-capelinha","tag-telefonia-movel-em-capelinha"],"_links":{"self":[{"href":"https:\/\/aconteceunovale.com.br\/portal\/index.php?rest_route=\/wp\/v2\/posts\/117965","targetHints":{"allow":["GET"]}}],"collection":[{"href":"https:\/\/aconteceunovale.com.br\/portal\/index.php?rest_route=\/wp\/v2\/posts"}],"about":[{"href":"https:\/\/aconteceunovale.com.br\/portal\/index.php?rest_route=\/wp\/v2\/types\/post"}],"author":[{"embeddable":true,"href":"https:\/\/aconteceunovale.com.br\/portal\/index.php?rest_route=\/wp\/v2\/users\/1"}],"replies":[{"embeddable":true,"href":"https:\/\/aconteceunovale.com.br\/portal\/index.php?rest_route=%2Fwp%2Fv2%2Fcomments&post=117965"}],"version-history":[{"count":0,"href":"https:\/\/aconteceunovale.com.br\/portal\/index.php?rest_route=\/wp\/v2\/posts\/117965\/revisions"}],"wp:featuredmedia":[{"embeddable":true,"href":"https:\/\/aconteceunovale.com.br\/portal\/index.php?rest_route=\/wp\/v2\/media\/117966"}],"wp:attachment":[{"href":"https:\/\/aconteceunovale.com.br\/portal\/index.php?rest_route=%2Fwp%2Fv2%2Fmedia&parent=117965"}],"wp:term":[{"taxonomy":"category","embeddable":true,"href":"https:\/\/aconteceunovale.com.br\/portal\/index.php?rest_route=%2Fwp%2Fv2%2Fcategories&post=117965"},{"taxonomy":"post_tag","embeddable":true,"href":"https:\/\/aconteceunovale.com.br\/portal\/index.php?rest_route=%2Fwp%2Fv2%2Ftags&post=117965"}],"curies":[{"name":"wp","href":"https:\/\/api.w.org\/{rel}","templated":true}]}}