{"id":117956,"date":"2017-06-24T17:06:03","date_gmt":"2017-06-24T19:06:03","guid":{"rendered":"http:\/\/aconteceunovale.com.br\/portal\/?p=117956"},"modified":"2017-06-24T17:06:03","modified_gmt":"2017-06-24T19:06:03","slug":"onibus-da-forca-nacional-capota-na-br-040-em-juiz-de-fora","status":"publish","type":"post","link":"https:\/\/aconteceunovale.com.br\/portal\/?p=117956","title":{"rendered":"\u00d4nibus da For\u00e7a Nacional capota na BR-040, em Juiz de Fora"},"content":{"rendered":"<p>Um \u00f4nibus da For\u00e7a Nacional de Seguran\u00e7a P\u00fablica se envolveu em um acidente na manh\u00e3 deste s\u00e1bado (24\/06\/2017) no Km 789 da BR-040, pr\u00f3ximo ao Expominas, em Juiz de Fora (MG). O ve\u00edculo seguia no sentido Rio de Janeiro-Bras\u00edlia quando foi fechado por um carro de passeio. O motorista perdeu o controle da dire\u00e7\u00e3o e capotou.<\/p>\n<p>Segundo informa\u00e7\u00f5es do Corpo de Bombeiros, oito pessoas ficaram feridas, uma delas em estado grave, e foram removidas por equipes do Servi\u00e7o de Atendimento M\u00f3vel de Emerg\u00eancia (Samu) e do Concer, concession\u00e1ria respons\u00e1vel pelo trecho Juiz de Fora-Rio de Janeiro.<\/p>\n<p>De acordo com informa\u00e7\u00f5es da Secretaria de Sa\u00fade, os dois feridos encaminhados para a Unidade de Pronto Atendimento (UPA) Norte foram avaliados e liberados. Outras cinco v\u00edtimas seguem est\u00e3o sendo atendidas no Hospital de Pronto Socorro (HPS) e est\u00e3o est\u00e1veis. O outro paciente sofreu uma fratura exposta no tornozelo e est\u00e1 sendo avaliado para passar por cirurgia.<\/p>\n<p>Ao todo, 15 pessoas estavam no \u00f4nibus, sendo 13 passageiros e dois condutores. A equipe da For\u00e7a Nacional retornava do Rio de Janeiro, onde trabalhava escoltando uma miss\u00e3o de combate ao roubo de cargas.<\/p>\n<p>O \u00f4nibus ficou tombado no canteiro central e a \u00e1rea isolada para que os policiais realizassem buscas de armamento, muni\u00e7\u00e3o e equipamentos. A Pol\u00edcia Rodovi\u00e1ria Federal (PRF) atendeu a ocorr\u00eancia e o tr\u00e1fego j\u00e1 est\u00e1 normalizado.<\/p>\n<p><img decoding=\"async\" src=\"http:\/\/aconteceunovale.com.br\/portal\/wp-content\/uploads\/2017\/06\/acidente_bus_forcanacional_1.jpeg\" alt=\"\" \/><em>\u00d4nibus capotou no km 789 da BR-040 (Foto: Divulga\u00e7\u00e3o\/Corpo de Bombeiros)<\/em><br \/>\n<\/br><\/p>\n<p><img decoding=\"async\" src=\"http:\/\/aconteceunovale.com.br\/portal\/wp-content\/uploads\/2017\/06\/acidente_bus_forcanacional_2.jpeg\" alt=\"\" \/><em>\u00d4nibus capotou no km 789 da BR-040 (Foto: Divulga\u00e7\u00e3o\/Corpo de Bombeiros)<\/em><br \/>\n<\/br><\/p>\n<p><img decoding=\"async\" src=\"http:\/\/aconteceunovale.com.br\/portal\/wp-content\/uploads\/2017\/06\/acidente_bus_forcanacional_3.jpeg\" alt=\"\" \/><em>\u00d4nibus capotou no km 789 da BR-040 (Foto: Divulga\u00e7\u00e3o\/Corpo de Bombeiros)<\/em><br \/>\n<\/br><\/p>\n<p><img decoding=\"async\" src=\"http:\/\/aconteceunovale.com.br\/portal\/wp-content\/uploads\/2017\/06\/acidente_bus_forcanacional_4.jpeg\" alt=\"\" \/><em>\u00d4nibus capotou no km 789 da BR-040 (Foto: Divulga\u00e7\u00e3o\/Corpo de Bombeiros)<\/em><br \/>\n<\/br><\/p>\n<p><img decoding=\"async\" src=\"http:\/\/aconteceunovale.com.br\/portal\/wp-content\/uploads\/2017\/06\/acidente_bus_forcanacional_5.jpeg\" alt=\"\" \/><em>\u00d4nibus capotou no km 789 da BR-040 (Foto: Divulga\u00e7\u00e3o\/Corpo de Bombeiros)<\/em><br \/>\n<\/br><\/p>\n<p><strong>VER PRIMEIRO<\/strong><\/p>\n<p>Receba as not\u00edcias do Aconteceu no Vale em primeira m\u00e3o. Clique em curtir no endere\u00e7o <a href=\"https:\/\/www.facebook.com\/aconteceunovale\" target=\"_blank\"><font color=\"red\">www.facebook.com\/aconteceunovale<\/font><\/a> ou no box abaixo:<\/p>\n<div class=\"fb-like\" data-href=\"https:\/\/www.facebook.com\/aconteceunovale\" data-width=\"120\" data-layout=\"standard\" data-action=\"like\" data-size=\"small\" data-show-faces=\"true\" data-share=\"true\"><\/div>\n<p><\/br><\/p>\n<p><em>(Fonte: G1 Zona da Mata)<\/em><\/p>\n","protected":false},"excerpt":{"rendered":"<p>Um \u00f4nibus da For\u00e7a Nacional de Seguran\u00e7a P\u00fablica se envolveu em um acidente na manh\u00e3 deste s\u00e1bado (24\/06\/2017) no Km 789 da BR-040, pr\u00f3ximo ao Expominas, em Juiz de Fora (MG). O ve\u00edculo seguia no sentido Rio de Janeiro-Bras\u00edlia quando foi fechado por um carro de passeio. O motorista perdeu o controle da dire\u00e7\u00e3o e [&hellip;]<\/p>\n","protected":false},"author":1,"featured_media":117958,"comment_status":"open","ping_status":"closed","sticky":false,"template":"","format":"standard","meta":{"amp_status":"","footnotes":""},"categories":[123],"tags":[154134,154137,154131,154136,154130,14990,73915,154135,154132,154138,1018,154128,206,154133,154127,154129,1104,99860],"class_list":["post-117956","post","type-post","status-publish","format-standard","has-post-thumbnail","hentry","category-gerais","tag-acidente-com-onibus-da-forca-nacional","tag-acidente-com-onibus-da-forca-nacional-em-juiz-de-fora","tag-acidente-com-onibus-na-br-040-em-juiz-de-fora","tag-acidente-de-onibus-da-forca-nacional-em-juiz-de-fora","tag-acidente-na-br-040-em-juiz-de-fora","tag-br-040","tag-br-040-em-juiz-de-fora","tag-capotamento-de-onibus-da-forca-nacional","tag-capotamento-de-onibus-na-br-040-em-juiz-de-fora","tag-concer","tag-destaque","tag-em-juiz-de-fora","tag-juiz-de-fora","tag-onibus-da-forca-nacional","tag-onibus-da-forca-nacional-capota-na-br-040","tag-onibus-da-forca-nacional-capota-na-br-040-em-juiz-de-fora","tag-rio-de-janeiro","tag-rj"],"_links":{"self":[{"href":"https:\/\/aconteceunovale.com.br\/portal\/index.php?rest_route=\/wp\/v2\/posts\/117956","targetHints":{"allow":["GET"]}}],"collection":[{"href":"https:\/\/aconteceunovale.com.br\/portal\/index.php?rest_route=\/wp\/v2\/posts"}],"about":[{"href":"https:\/\/aconteceunovale.com.br\/portal\/index.php?rest_route=\/wp\/v2\/types\/post"}],"author":[{"embeddable":true,"href":"https:\/\/aconteceunovale.com.br\/portal\/index.php?rest_route=\/wp\/v2\/users\/1"}],"replies":[{"embeddable":true,"href":"https:\/\/aconteceunovale.com.br\/portal\/index.php?rest_route=%2Fwp%2Fv2%2Fcomments&post=117956"}],"version-history":[{"count":0,"href":"https:\/\/aconteceunovale.com.br\/portal\/index.php?rest_route=\/wp\/v2\/posts\/117956\/revisions"}],"wp:featuredmedia":[{"embeddable":true,"href":"https:\/\/aconteceunovale.com.br\/portal\/index.php?rest_route=\/wp\/v2\/media\/117958"}],"wp:attachment":[{"href":"https:\/\/aconteceunovale.com.br\/portal\/index.php?rest_route=%2Fwp%2Fv2%2Fmedia&parent=117956"}],"wp:term":[{"taxonomy":"category","embeddable":true,"href":"https:\/\/aconteceunovale.com.br\/portal\/index.php?rest_route=%2Fwp%2Fv2%2Fcategories&post=117956"},{"taxonomy":"post_tag","embeddable":true,"href":"https:\/\/aconteceunovale.com.br\/portal\/index.php?rest_route=%2Fwp%2Fv2%2Ftags&post=117956"}],"curies":[{"name":"wp","href":"https:\/\/api.w.org\/{rel}","templated":true}]}}