{"id":117953,"date":"2017-06-24T16:55:02","date_gmt":"2017-06-24T18:55:02","guid":{"rendered":"http:\/\/aconteceunovale.com.br\/portal\/?p=117953"},"modified":"2017-06-24T16:55:02","modified_gmt":"2017-06-24T18:55:02","slug":"ator-global-e-preso-por-desacato","status":"publish","type":"post","link":"https:\/\/aconteceunovale.com.br\/portal\/?p=117953","title":{"rendered":"Ator global \u00e9 preso por desacato"},"content":{"rendered":"<p>O ator F\u00e1bio Assun\u00e7\u00e3o foi preso na madrugada deste s\u00e1bado (24\/06\/2017 \u2013 dia de S\u00e3o Jo\u00e3o) por desacato a autoridade no munic\u00edpio de Arcoverde, Sert\u00e3o de Pernambuco. Ele estava na cidade para divulgar o document\u00e1rio &#8220;Eu sonho para voc\u00ea ver&#8221;, que fez em parceria com a namorada Pally Siqueira. Segundo informa\u00e7\u00f5es de testemunhas, o global exagerou no \u00e1lcool e estaria arrumando confus\u00e3o num bar da regi\u00e3o. O ator chegou a brigar com populares e ser encaminhado a um hospital local com ferimentos leves.<\/p>\n<p>Com isso, a Pol\u00edcia Militar de Pernambuco (PMPE) foi acionada. A ira do ator, que levou a desacatar a pol\u00edcia, no entanto, se deu ap\u00f3s ele ser colocado no carro policial e ser conduzido \u00e0 delegacia. Visivelmente, embriagado, o ator chegou a quebrar o vidro do carro e a desacatar os policiais conforme mostra v\u00eddeo que circula na internet. Assun\u00e7\u00e3o ainda \u00e9 suspeito de dano ao patrim\u00f4nio p\u00fablico. Na delegacia, o ator prestou depoimento em companhia do advogado.<\/p>\n<p>Conforme a Pol\u00edcia Civil do Estado, F\u00e1bio foi autuado por dano qualificado ao patrim\u00f4nio p\u00fablico, desacato a autoridade e resist\u00eancia \u00e0 pris\u00e3o. Ele foi encaminhado para exames no Instituto de Medicina Legal (IML) e em seguida ser\u00e1 apresentado para audi\u00eancia de cust\u00f3dia, quando o juiz ver\u00e1 a necessidade de manter preso ou n\u00e3o durante o processo policial.<\/p>\n<p><iframe loading=\"lazy\" width=\"640\" height=\"360\" src=\"https:\/\/www.youtube.com\/embed\/pFW3qVdxn_4\" frameborder=\"0\" allowfullscreen><\/iframe><br \/>\n<\/br><\/p>\n<p><strong>VER PRIMEIRO<\/strong><\/p>\n<p>Receba as not\u00edcias do Aconteceu no Vale em primeira m\u00e3o. Clique em curtir no endere\u00e7o <a href=\"https:\/\/www.facebook.com\/aconteceunovale\" target=\"_blank\"><font color=\"red\">www.facebook.com\/aconteceunovale<\/font><\/a> ou no box abaixo:<\/p>\n<div class=\"fb-like\" data-href=\"https:\/\/www.facebook.com\/aconteceunovale\" data-width=\"120\" data-layout=\"standard\" data-action=\"like\" data-size=\"small\" data-show-faces=\"true\" data-share=\"true\"><\/div>\n<p><\/br><\/p>\n<p><em>(Fonte: Ag\u00eancia Estado \/ Via Itatiaia)<\/em><\/p>\n","protected":false},"excerpt":{"rendered":"<p>O ator F\u00e1bio Assun\u00e7\u00e3o foi preso na madrugada deste s\u00e1bado (24\/06\/2017 \u2013 dia de S\u00e3o Jo\u00e3o) por desacato a autoridade no munic\u00edpio de Arcoverde, Sert\u00e3o de Pernambuco. Ele estava na cidade para divulgar o document\u00e1rio &#8220;Eu sonho para voc\u00ea ver&#8221;, que fez em parceria com a namorada Pally Siqueira. Segundo informa\u00e7\u00f5es de testemunhas, o global [&hellip;]<\/p>\n","protected":false},"author":1,"featured_media":117954,"comment_status":"open","ping_status":"closed","sticky":false,"template":"","format":"standard","meta":{"amp_status":"","footnotes":""},"categories":[6],"tags":[106413,154117,154118,154119,154125,154121,154123,154124,154126,154122,154120],"class_list":["post-117953","post","type-post","status-publish","format-standard","has-post-thumbnail","hentry","category-br","tag-arcoverde","tag-ator-global-e-preso-por-desacato","tag-ator-global-fabio-assuncao","tag-ator-global-fabio-assuncao-e-preso","tag-eu-sonho-para-voce-ver","tag-fabio-assuncao","tag-fabio-assuncao-e-preso","tag-fabio-assuncao-e-preso-em-arcoverde","tag-pally-siqueira","tag-prisao-de-fabio-assuncao","tag-prisao-do-ator-global-fabio-assuncao"],"_links":{"self":[{"href":"https:\/\/aconteceunovale.com.br\/portal\/index.php?rest_route=\/wp\/v2\/posts\/117953","targetHints":{"allow":["GET"]}}],"collection":[{"href":"https:\/\/aconteceunovale.com.br\/portal\/index.php?rest_route=\/wp\/v2\/posts"}],"about":[{"href":"https:\/\/aconteceunovale.com.br\/portal\/index.php?rest_route=\/wp\/v2\/types\/post"}],"author":[{"embeddable":true,"href":"https:\/\/aconteceunovale.com.br\/portal\/index.php?rest_route=\/wp\/v2\/users\/1"}],"replies":[{"embeddable":true,"href":"https:\/\/aconteceunovale.com.br\/portal\/index.php?rest_route=%2Fwp%2Fv2%2Fcomments&post=117953"}],"version-history":[{"count":0,"href":"https:\/\/aconteceunovale.com.br\/portal\/index.php?rest_route=\/wp\/v2\/posts\/117953\/revisions"}],"wp:featuredmedia":[{"embeddable":true,"href":"https:\/\/aconteceunovale.com.br\/portal\/index.php?rest_route=\/wp\/v2\/media\/117954"}],"wp:attachment":[{"href":"https:\/\/aconteceunovale.com.br\/portal\/index.php?rest_route=%2Fwp%2Fv2%2Fmedia&parent=117953"}],"wp:term":[{"taxonomy":"category","embeddable":true,"href":"https:\/\/aconteceunovale.com.br\/portal\/index.php?rest_route=%2Fwp%2Fv2%2Fcategories&post=117953"},{"taxonomy":"post_tag","embeddable":true,"href":"https:\/\/aconteceunovale.com.br\/portal\/index.php?rest_route=%2Fwp%2Fv2%2Ftags&post=117953"}],"curies":[{"name":"wp","href":"https:\/\/api.w.org\/{rel}","templated":true}]}}