{"id":117784,"date":"2017-06-21T20:26:59","date_gmt":"2017-06-21T22:26:59","guid":{"rendered":"http:\/\/aconteceunovale.com.br\/portal\/?p=117784"},"modified":"2017-06-21T20:26:59","modified_gmt":"2017-06-21T22:26:59","slug":"acidente-com-onibus-na-br-251-acende-o-alerta-para-manutencao-preventiva-em-veiculos-e-conduta-dos-motoristas","status":"publish","type":"post","link":"https:\/\/aconteceunovale.com.br\/portal\/?p=117784","title":{"rendered":"Acidente com \u00f4nibus na BR-251 acende o alerta para manuten\u00e7\u00e3o preventiva em ve\u00edculos e conduta dos motoristas"},"content":{"rendered":"<p>Dezenove feridos e 11 mortos, dentre eles, um beb\u00ea de dois meses. Este \u00e9 o saldo at\u00e9 agora de um acidente com um \u00f4nibus na BR 251, pr\u00f3ximo a Salinas, na madrugada da \u00faltima segunda-feira (19\/06\/2017). A ocorr\u00eancia foi atendida pelo 7\u00ba Batalh\u00e3o de Bombeiros Militar, com sede em Montes Claros, no Norte de Minas, e acende o alerta para os cuidados com a manuten\u00e7\u00e3o dos ve\u00edculos e as a\u00e7\u00f5es dos motoristas que todos os dias trafegam pelas estradas mineiras.<\/p>\n<p>Os n\u00fameros mostrados em estat\u00edsticas do Corpo de Bombeiros justificam a preocupa\u00e7\u00e3o. De janeiro a maio deste ano, a corpora\u00e7\u00e3o atendeu em todo o Estado a 52 acidentes envolvendo \u00f4nibus como capotamentos e colis\u00f5es. O n\u00famero de mortos e feridos soma 147. Em 2016, os 161 acidentes com este tipo de ve\u00edculo deixou 460 v\u00edtimas.<\/p>\n<p>O aumento da frota de ve\u00edculos, nem sempre em boas condi\u00e7\u00f5es, e a imprud\u00eancia dos motoristas aumentam o risco de acidentes nas estradas. O alerta dos Bombeiros \u00e9 para que motoristas e usu\u00e1rios mantenham os cuidados de seguran\u00e7a no tr\u00e2nsito como verificar as condi\u00e7\u00f5es do ve\u00edculo antes da viagem.<\/p>\n<p><img decoding=\"async\" src=\"http:\/\/aconteceunovale.com.br\/portal\/wp-content\/uploads\/2017\/06\/acidente_br_251_1_prf.jpg\" alt=\"\" \/><em>Acidente aconteceu na BR-251, em Salinas (Foto: Reprodu\u00e7\u00e3o\/WhatsApp)<\/em><br \/>\n<\/br><\/p>\n<p><strong>Acompanhe as dicas:<\/strong><\/p>\n<p>Itens de seguran\u00e7a no carro que devem ser inspecionados:<\/p>\n<p>a) Extintor, tri\u00e2ngulo, cintos de seguran\u00e7a, freios (n\u00edvel de \u00f3leo, pastilhas, lonas, regulagem, n\u00edvel do fluido, poss\u00edveis vazamentos e freio de m\u00e3o<\/p>\n<p>b) Sistema el\u00e9trico (far\u00f3is, lanternas, setas, luz de freio, luz de r\u00e9, luzes de emerg\u00eancia e buzina)<\/p>\n<p>c) Motor (n\u00edvel de \u00f3leo do motor, correias, mangueiras, ru\u00eddos anormais, regulagem, velas e cabos)<\/p>\n<p>d) Limpadores de p\u00e1ra-brisa (borracha em bom estado), retrovisores externos e internos<\/p>\n<p>d) Cinto de Seguran\u00e7a dos bancos da frente e de tr\u00e1s<\/p>\n<p>e) Marcador de combust\u00edvel, veloc\u00edmetro, encosto de cabe\u00e7a<\/p>\n<p>f) Radiador (n\u00edvel da \u00e1gua com o carro desligado)<\/p>\n<p>g) Pneus, estepe, alinhamento da dire\u00e7\u00e3o, balanceamento das rodas, amortecedores<\/p>\n<p>Ao detectar qualquer problema mec\u00e2nico mais s\u00e9rio, recorra a uma oficina mec\u00e2nica especializada e solucione o problema antes de viajar<\/p>\n<p><strong>Cuidados para o motorista:<\/strong><\/p>\n<p>a) Planeje a viagem, inclusive per\u00edodos de descanso. Prefira viajar de dia, em condi\u00e7\u00f5es de boa visibilidade<\/p>\n<p>b) No volante: mantenha sempre a calma e evite conversas e distra\u00e7\u00f5es, n\u00e3o descuide da sinaliza\u00e7\u00e3o, n\u00e3o pare na pista e n\u00e3o trafegue no acostamento.<\/p>\n<p>c) Sono: aos primeiros sinais de cansa\u00e7o pare em lugar seguro para relaxar.<\/p>\n<p>d) \u00c1lcool: mesmo em pequenas quantidades, a ingest\u00e3o diminui a coordena\u00e7\u00e3o motora e os reflexos.<\/p>\n<p>e) Cinto: deve ser utilizado inclusive no banco de tr\u00e1s.<\/p>\n<p>f) Celular: ao dirigir reduz a aten\u00e7\u00e3o do motorista e contribui para aumentar o risco de colis\u00e3o. Em casos de Acidentes de tr\u00e2nsito: Ligue 193 <\/p>\n<p><strong>VER PRIMEIRO<\/strong><\/p>\n<p>Receba as not\u00edcias do Aconteceu no Vale em primeira m\u00e3o. Clique em curtir no endere\u00e7o <a href=\"https:\/\/www.facebook.com\/aconteceunovale\" target=\"_blank\"><font color=\"red\">www.facebook.com\/aconteceunovale<\/font><\/a> ou no box abaixo:<\/p>\n<div class=\"fb-like\" data-href=\"https:\/\/www.facebook.com\/aconteceunovale\" data-width=\"120\" data-layout=\"standard\" data-action=\"like\" data-size=\"small\" data-show-faces=\"true\" data-share=\"true\"><\/div>\n<p><\/br><\/p>\n<p><em>(Fonte: Corpo de Bombeiros de Minas Gerais)<\/em><\/p>\n","protected":false},"excerpt":{"rendered":"<p>Dezenove feridos e 11 mortos, dentre eles, um beb\u00ea de dois meses. Este \u00e9 o saldo at\u00e9 agora de um acidente com um \u00f4nibus na BR 251, pr\u00f3ximo a Salinas, na madrugada da \u00faltima segunda-feira (19\/06\/2017). A ocorr\u00eancia foi atendida pelo 7\u00ba Batalh\u00e3o de Bombeiros Militar, com sede em Montes Claros, no Norte de Minas, [&hellip;]<\/p>\n","protected":false},"author":1,"featured_media":117582,"comment_status":"open","ping_status":"closed","sticky":false,"template":"","format":"standard","meta":{"amp_status":"","footnotes":""},"categories":[1236],"tags":[153567,153569,153446,153445,153443,44419,153827,153444,153448,153447,153454,13619,153566,1396,60072,153721,153724,921,153691,153718,153692,153727,1018,153693,130701,62935,153729,153715,153723,153716,153726,153719,153728,153717,153565,26352,143797,153720,153722,190,2382,40916,153568,153725],"class_list":["post-117784","post","type-post","status-publish","format-standard","has-post-thumbnail","hentry","category-norte_de_minas","tag-acidente-com-onibus-da-mj-turismo","tag-acidente-com-onibus-da-mj-turismo-de-euclides-da-cunha","tag-acidente-com-onibus-de-euclides-da-cunhas","tag-acidente-com-onibus-em-salinas","tag-acidente-com-onibus-mata-pelo-menos-10-pessoas-e-deixa-varias-feridas-na-br-251","tag-acidente-com-onibus-na-br-251","tag-acidente-com-onibus-na-br-251-acende-o-alerta-para-manutencao-preventiva-em-veiculos-e-conduta-dos-motoristas","tag-acidente-com-onibus-na-br-251-em-salinas","tag-acidente-com-onibus-que-seguia-de-sao-paulo-para-euclides-da-cunha","tag-acidente-com-onibus-que-seguia-de-sp-para-euclides-da-cunha","tag-acidente-de-onibus","tag-acidente-em-salinas","tag-acidente-mj-turismo","tag-acidente-na-br-251","tag-acidente-na-br-251-em-salinas","tag-adrielle-silva-de-santana","tag-ana-leticia-alves-da-silva","tag-br-251","tag-corpos-de-vitimas-da-tragedia-com-onibus-na-br-251-sao-identificados","tag-davi-silva","tag-davir-moraes-da-silva","tag-davir-morais-da-silva","tag-destaque","tag-erica-dantas-de-oliveira","tag-euclides-da-cunha","tag-feridos","tag-franciele-macedo-silva","tag-iml-de-montes-claros-libera-corpos-das-vitimas-de-tragedia-com-onibus-na-br-251","tag-jessica-ferreira-da-silva","tag-jose-clayton-silva-macedo","tag-jose-manoel-da-conceicao-souza","tag-marcio-dantas","tag-maria-neusa-silva-macedo","tag-maria-neuza-silva-macedo","tag-mj-turismo","tag-mortos","tag-norte-de-minas-gerais","tag-quinjique","tag-raimundo-lourenco-de-macedo","tag-salinas","tag-sao-paulo","tag-sp","tag-tragedia-com-onibus-da-mj-turismo","tag-wilson-pereira-dos-santos"],"_links":{"self":[{"href":"https:\/\/aconteceunovale.com.br\/portal\/index.php?rest_route=\/wp\/v2\/posts\/117784","targetHints":{"allow":["GET"]}}],"collection":[{"href":"https:\/\/aconteceunovale.com.br\/portal\/index.php?rest_route=\/wp\/v2\/posts"}],"about":[{"href":"https:\/\/aconteceunovale.com.br\/portal\/index.php?rest_route=\/wp\/v2\/types\/post"}],"author":[{"embeddable":true,"href":"https:\/\/aconteceunovale.com.br\/portal\/index.php?rest_route=\/wp\/v2\/users\/1"}],"replies":[{"embeddable":true,"href":"https:\/\/aconteceunovale.com.br\/portal\/index.php?rest_route=%2Fwp%2Fv2%2Fcomments&post=117784"}],"version-history":[{"count":0,"href":"https:\/\/aconteceunovale.com.br\/portal\/index.php?rest_route=\/wp\/v2\/posts\/117784\/revisions"}],"wp:featuredmedia":[{"embeddable":true,"href":"https:\/\/aconteceunovale.com.br\/portal\/index.php?rest_route=\/wp\/v2\/media\/117582"}],"wp:attachment":[{"href":"https:\/\/aconteceunovale.com.br\/portal\/index.php?rest_route=%2Fwp%2Fv2%2Fmedia&parent=117784"}],"wp:term":[{"taxonomy":"category","embeddable":true,"href":"https:\/\/aconteceunovale.com.br\/portal\/index.php?rest_route=%2Fwp%2Fv2%2Fcategories&post=117784"},{"taxonomy":"post_tag","embeddable":true,"href":"https:\/\/aconteceunovale.com.br\/portal\/index.php?rest_route=%2Fwp%2Fv2%2Ftags&post=117784"}],"curies":[{"name":"wp","href":"https:\/\/api.w.org\/{rel}","templated":true}]}}