{"id":117781,"date":"2017-06-21T20:13:32","date_gmt":"2017-06-21T22:13:32","guid":{"rendered":"http:\/\/aconteceunovale.com.br\/portal\/?p=117781"},"modified":"2017-06-21T20:13:32","modified_gmt":"2017-06-21T22:13:32","slug":"recadastramento-de-caminhoes-de-carga-deve-ser-feito-ate-30-de-junho","status":"publish","type":"post","link":"https:\/\/aconteceunovale.com.br\/portal\/?p=117781","title":{"rendered":"Recadastramento de caminh\u00f5es de carga deve ser feito at\u00e9 30 de junho"},"content":{"rendered":"<p>O prazo para recadastramento de caminh\u00f5es de carga inscritos no\u00a0Registro Nacional de Transportadores Rodovi\u00e1rios de Cargas (RNTRC)\u00a0termina no dia 30 deste m\u00eas, informa a\u00a0Ag\u00eancia Nacional de Transportes Terrestres (ANTT).<\/p>\n<p>O recadastramento \u00e9 v\u00e1lido somente para os ve\u00edculos que vincularam o c\u00f3digo do adesivo\u00a0de identifica\u00e7\u00e3o \u00e0 placa, o que levou a ag\u00eancia a estender o prazo at\u00e9 o fim de junho. Sem essa vincula\u00e7\u00e3o, o procedimento est\u00e1 incompleto e deve ser refeito nos\u00a0<span style=\"color: #ff0000;\"><a href=\"http:\/\/rntrc.antt.gov.br\/\" target=\"_blank\"><span style=\"color: #ff0000;\">postos de atendimento do RNTRC<\/span><\/a><\/span>.<\/p>\n<p>Mais de um milh\u00e3o de ve\u00edculos da frota nacional ainda n\u00e3o foram inscritos no RNTRC.\u00a0Atualmente, a frota brasileira \u00e9 de 1.664.516 de caminh\u00f5es, e\u00a0todos os transportadores j\u00e1 registrados que desejam continuar operando no mercado s\u00e3o obrigados a fazer o processo.<\/p>\n<p>A partir de 1\u00ba de julho, quem\u00a0circular sem o adesivo pode ser autuado e receber multas de at\u00e9 R$ 1,5 mil.\u00a0Mais informa\u00e7\u00f5es podem ser obtidas junto \u00e0 ANTT, pelo telefone 166 ou pelo e-mail\u00a0<span style=\"color: #ff0000;\"><a href=\"mailto:ouvidoria@antt.gov.br\"><span style=\"color: #ff0000;\">ouvidoria@antt.gov.br<\/span><\/a><\/span>.<\/p>\n<p>N\u00e3o h\u00e1 valor devido ou a ser pago pelos servi\u00e7os de cadastramento, ajuste de dados, aquisi\u00e7\u00e3o do adesivo, recadastramento da inscri\u00e7\u00e3o e manuten\u00e7\u00e3o no cadastro no RNTRC, embora algumas entidades conveniadas possam cobrar de seus filiados, a t\u00edtulo de ressarcimento pela presta\u00e7\u00e3o de servi\u00e7os e disponibiliza\u00e7\u00e3o de materiais.<\/p>\n<p><strong>Identifica\u00e7\u00e3o eletr\u00f4nica<\/strong><\/p>\n<p>Os dados da identifica\u00e7\u00e3o eletr\u00f4nica dos ve\u00edculos s\u00e3o essenciais para o fortalecimento das pol\u00edticas p\u00fablicas no setor. O recadastramento \u00e9 uma das tr\u00eas etapas do processo de identifica\u00e7\u00e3o eletr\u00f4nica que possibilitar\u00e1 a coleta de informa\u00e7\u00f5es reais sobre a movimenta\u00e7\u00e3o de cargas nas rodovias brasileiras; a origem e o destino das viagens realizadas; e os fretes praticados.<\/p>\n<p>A \u00faltima dessas etapas \u00e9 a TAG, uma chave eletr\u00f4nica associada \u00e0 identifica\u00e7\u00e3o do ve\u00edculo e do transportador, que transmite dados para a ANTT por meio das antenas instaladas nas rodovias que coletam as informa\u00e7\u00f5es. Nesses pontos de registro de passagem, al\u00e9m das antenas, ser\u00e3o instaladas c\u00e2meras de leitura eletr\u00f4nica de caracteres para identifica\u00e7\u00e3o das placas dos ve\u00edculos.<\/p>\n<p><strong>VER PRIMEIRO<\/strong><\/p>\n<p>Receba as not\u00edcias do Aconteceu no Vale em primeira m\u00e3o. Clique em curtir no endere\u00e7o <a href=\"https:\/\/www.facebook.com\/aconteceunovale\" target=\"_blank\"><font color=\"red\">www.facebook.com\/aconteceunovale<\/font><\/a> ou no box abaixo:<\/p>\n<div class=\"fb-like\" data-href=\"https:\/\/www.facebook.com\/aconteceunovale\" data-width=\"120\" data-layout=\"standard\" data-action=\"like\" data-size=\"small\" data-show-faces=\"true\" data-share=\"true\"><\/div>\n<p><\/br><\/p>\n<p><em>(Fonte:\u00a0ANTT)<\/em><\/p>\n","protected":false},"excerpt":{"rendered":"<p>O prazo para recadastramento de caminh\u00f5es de carga inscritos no\u00a0Registro Nacional de Transportadores Rodovi\u00e1rios de Cargas (RNTRC)\u00a0termina no dia 30 deste m\u00eas, informa a\u00a0Ag\u00eancia Nacional de Transportes Terrestres (ANTT). O recadastramento \u00e9 v\u00e1lido somente para os ve\u00edculos que vincularam o c\u00f3digo do adesivo\u00a0de identifica\u00e7\u00e3o \u00e0 placa, o que levou a ag\u00eancia a estender o prazo [&hellip;]<\/p>\n","protected":false},"author":1,"featured_media":117782,"comment_status":"open","ping_status":"closed","sticky":false,"template":"","format":"standard","meta":{"amp_status":"","footnotes":""},"categories":[6],"tags":[25770,153820,25769,153821,153824,153823,153822,153825,153826,98009],"class_list":["post-117781","post","type-post","status-publish","format-standard","has-post-thumbnail","hentry","category-br","tag-agencia-nacional-de-transportes-terrestres","tag-agencia-nacional-de-transportes-terrestres-antt","tag-antt","tag-caminhoes-de-carga","tag-prazo-para-recadastramento-de-caminhoes-de-carga","tag-recadastramento-de-caminhoes-de-carga","tag-recadastramento-de-caminhoes-de-carga-deve-ser-feito-ate-30-de-junho","tag-registro-nacional-de-transportadores-rodoviarios-de-cargas","tag-rntrc","tag-transporte"],"_links":{"self":[{"href":"https:\/\/aconteceunovale.com.br\/portal\/index.php?rest_route=\/wp\/v2\/posts\/117781","targetHints":{"allow":["GET"]}}],"collection":[{"href":"https:\/\/aconteceunovale.com.br\/portal\/index.php?rest_route=\/wp\/v2\/posts"}],"about":[{"href":"https:\/\/aconteceunovale.com.br\/portal\/index.php?rest_route=\/wp\/v2\/types\/post"}],"author":[{"embeddable":true,"href":"https:\/\/aconteceunovale.com.br\/portal\/index.php?rest_route=\/wp\/v2\/users\/1"}],"replies":[{"embeddable":true,"href":"https:\/\/aconteceunovale.com.br\/portal\/index.php?rest_route=%2Fwp%2Fv2%2Fcomments&post=117781"}],"version-history":[{"count":0,"href":"https:\/\/aconteceunovale.com.br\/portal\/index.php?rest_route=\/wp\/v2\/posts\/117781\/revisions"}],"wp:featuredmedia":[{"embeddable":true,"href":"https:\/\/aconteceunovale.com.br\/portal\/index.php?rest_route=\/wp\/v2\/media\/117782"}],"wp:attachment":[{"href":"https:\/\/aconteceunovale.com.br\/portal\/index.php?rest_route=%2Fwp%2Fv2%2Fmedia&parent=117781"}],"wp:term":[{"taxonomy":"category","embeddable":true,"href":"https:\/\/aconteceunovale.com.br\/portal\/index.php?rest_route=%2Fwp%2Fv2%2Fcategories&post=117781"},{"taxonomy":"post_tag","embeddable":true,"href":"https:\/\/aconteceunovale.com.br\/portal\/index.php?rest_route=%2Fwp%2Fv2%2Ftags&post=117781"}],"curies":[{"name":"wp","href":"https:\/\/api.w.org\/{rel}","templated":true}]}}