{"id":117777,"date":"2017-06-21T20:02:21","date_gmt":"2017-06-21T22:02:21","guid":{"rendered":"http:\/\/aconteceunovale.com.br\/portal\/?p=117777"},"modified":"2017-06-21T20:02:21","modified_gmt":"2017-06-21T22:02:21","slug":"riqueza-cultural-do-norte-de-minas-pode-ser-conferida-em-plataforma-virtual-do-museu-regional","status":"publish","type":"post","link":"https:\/\/aconteceunovale.com.br\/portal\/?p=117777","title":{"rendered":"Riqueza cultural do Norte de Minas pode ser conferida em plataforma virtual do Museu Regional"},"content":{"rendered":"<p>As ricas tradi\u00e7\u00f5es culturais da regi\u00e3o norte-mineira podem ser pesquisadas de maneira r\u00e1pida e gratuita no Museu Regional do Norte de Minas (MRNM). O material, que revela informa\u00e7\u00f5es precisas sobre dan\u00e7as, festas religiosas, folclore, patrim\u00f4nio hist\u00f3rico e natural, est\u00e1 dispon\u00edvel no Espa\u00e7o Multim\u00eddia do MRNM, instalado e mantido pela Universidade Estadual de Montes Claros (Unimontes) no casar\u00e3o da antiga Fafil, no Centro Hist\u00f3rico da cidade.<\/p>\n<p>Os interessados podem conferir, na plataforma virtual, as informa\u00e7\u00f5es peculiares de 53 cidades norte-mineiras. Al\u00e9m disso, em breve, ser\u00e3o disponibilizados mais dados, abrangendo os 93 munic\u00edpios da regi\u00e3o, no espa\u00e7o identificado como &#8220;Cantinho \u2013 Mapeamento Cultural do Norte de Minas&#8221;.<\/p>\n<p>Conforme explica a diretora do Museu Regional, professora Marina Ribeiro Queiroz, as informa\u00e7\u00f5es sobre as tradi\u00e7\u00f5es dos munic\u00edpios foram levantadas e digitalizadas dentro do projeto &#8220;Museu Vivo&#8221;, viabilizado com recursos da Funda\u00e7\u00e3o de Amparo \u00e0 Pesquisa do Estado de Minas Gerais (Fapemig). Os estudos foram coordenados pelos professores e historiadores Carla Cristina Barbosa, Raquel Helena de Mendon\u00e7a e Paula, Carlos Caixeta e C\u00e1ssio Alexandre da Silva, da Unimontes.<\/p>\n<p>Dentre os dados apurados est\u00e3o detalhes de dan\u00e7as como a Catira, Lundu, Folia de Reis, Dan\u00e7a de Fitas, Dan\u00e7a de S\u00e3o Gon\u00e7alo, dentre outras. A coordenadora do Museu destaca que, por meio da plataforma virtual, foi disponibilizado material did\u00e1tico-pedag\u00f3gico interativo, que pode ser consultado especialmente pelo p\u00fablico infanto-juvenil, destacando tamb\u00e9m informa\u00e7\u00f5es sobre o patrim\u00f4nio cultural, meio ambiente, desenvolvimento urbano e turismo, al\u00e9m dos costumes e manifesta\u00e7\u00f5es folcl\u00f3ricas.<\/p>\n<p>&#8220;A inten\u00e7\u00e3o \u00e9 permitir que o p\u00fablico visitante tenha contato com a mem\u00f3ria cultural, al\u00e9m de democratizar o acesso ao mapeamento dos bens culturais e valoriza\u00e7\u00e3o das manifesta\u00e7\u00f5es tang\u00edveis e intang\u00edveis&#8221;, ressalta Marina Queiroz, lembrando que podem conferidas tamb\u00e9m no sistema virtual dados sobre as tradi\u00e7\u00f5es de Montes Claros, destacando as centen\u00e1rias Festas de Agosto e seus grupos de catop\u00eas, marujos e caboclinhos.<\/p>\n<p><img decoding=\"async\" src=\"http:\/\/aconteceunovale.com.br\/portal\/wp-content\/uploads\/2017\/06\/mrnm_1.jpg\" alt=\"\" \/><em>Espa\u00e7o Multim\u00eddia do MRNM revela informa\u00e7\u00f5es diversas aos visitantes (Divulga\u00e7\u00e3o\/Unimontes)<\/em><br \/>\n<\/br><\/p>\n<p><strong>Funcionamento do museu aos domingos<\/strong><\/p>\n<p>Os estudantes do ensino fundamental e m\u00e9dio e outros interessados podem fazer pesquisas sobre o mapeamento cultural do Norte de Minas gratuitamente, sem a necessidade de agendamento pr\u00e9vio. Basta apenas comparecer \u00e0 sede do Museu Regional.<\/p>\n<p>Al\u00e9m do hor\u00e1rio normal de atendimento, de ter\u00e7a a sexta-feira (das 8 \u00e0s 17h30), o espa\u00e7o passou a funcionar tamb\u00e9m aos domingos (das 9h \u00e0s 13h). &#8220;O objetivo do funcionamento aos domingos \u00e9 facilitar as pesquisas pelos estudantes&#8221;, explica a professora Marina Queiroz. At\u00e9 ent\u00e3o, o MRNM funcionava somente um domingo a cada m\u00eas.<\/p>\n<p><strong>Servi\u00e7o:<\/strong><\/p>\n<p>Museu Regional do Norte de Minas<br \/>\nHor\u00e1rio de funcionamento: de ter\u00e7a a sexta-feira (das 8 \u00e0s 17h30) \/ aos domingos, das 9h \u00e0s 13h<br \/>\nEndere\u00e7o: Rua Coronel Celestino, 75, Centro Hist\u00f3rico de Montes Claros<br \/>\nEntrada gratuita<\/p>\n<p><img decoding=\"async\" src=\"http:\/\/aconteceunovale.com.br\/portal\/wp-content\/uploads\/2017\/06\/mrnm_2.jpg\" alt=\"\" \/><em>Museu permite o mapeamento, por exemplo, dos grupos de catop\u00eas (Divulga\u00e7\u00e3o\/Unimontes)<\/em><br \/>\n<\/br><\/p>\n<p><strong>VER PRIMEIRO<\/strong><\/p>\n<p>Receba as not\u00edcias do Aconteceu no Vale em primeira m\u00e3o. Clique em curtir no endere\u00e7o <a href=\"https:\/\/www.facebook.com\/aconteceunovale\" target=\"_blank\"><font color=\"red\">www.facebook.com\/aconteceunovale<\/font><\/a> ou no box abaixo:<\/p>\n<div class=\"fb-like\" data-href=\"https:\/\/www.facebook.com\/aconteceunovale\" data-width=\"120\" data-layout=\"standard\" data-action=\"like\" data-size=\"small\" data-show-faces=\"true\" data-share=\"true\"><\/div>\n<p><\/br><\/p>\n<p><em>(Fonte: Ag\u00eancia Minas)<\/em><\/p>\n","protected":false},"excerpt":{"rendered":"<p>As ricas tradi\u00e7\u00f5es culturais da regi\u00e3o norte-mineira podem ser pesquisadas de maneira r\u00e1pida e gratuita no Museu Regional do Norte de Minas (MRNM). O material, que revela informa\u00e7\u00f5es precisas sobre dan\u00e7as, festas religiosas, folclore, patrim\u00f4nio hist\u00f3rico e natural, est\u00e1 dispon\u00edvel no Espa\u00e7o Multim\u00eddia do MRNM, instalado e mantido pela Universidade Estadual de Montes Claros (Unimontes) [&hellip;]<\/p>\n","protected":false},"author":1,"featured_media":117779,"comment_status":"open","ping_status":"closed","sticky":false,"template":"","format":"standard","meta":{"amp_status":"","footnotes":""},"categories":[1236],"tags":[153808,153811,153816,153818,153819,1018,153813,153809,153810,29801,153812,121542,2768,153815,153814,153817,763,18174],"class_list":["post-117777","post","type-post","status-publish","format-standard","has-post-thumbnail","hentry","category-norte_de_minas","tag-as-ricas-tradicoes-culturais-da-regiao-norte-mineira-podem-ser-pesquisadas-de-maneira-rapida-e-gratuita-no-museu-regional-do-norte-de-minas","tag-cantinho-mapeamento-cultural-do-norte-de-minas","tag-carla-cristina-barbosa","tag-carlos-caixeta","tag-cassio-alexandre-da-silva","tag-destaque","tag-diretora-do-museu-regional","tag-espaco-multimidia-do-mrnm","tag-fafil","tag-fapemig","tag-mapeamento-cultural-do-norte-de-minas","tag-mrnm","tag-museu-regional-do-norte-de-minas","tag-museu-vivo","tag-professora-marina-ribeiro-queiroz","tag-raquel-helena-de-mendonca","tag-unimontes","tag-universidade-estadual-de-montes-claros"],"_links":{"self":[{"href":"https:\/\/aconteceunovale.com.br\/portal\/index.php?rest_route=\/wp\/v2\/posts\/117777","targetHints":{"allow":["GET"]}}],"collection":[{"href":"https:\/\/aconteceunovale.com.br\/portal\/index.php?rest_route=\/wp\/v2\/posts"}],"about":[{"href":"https:\/\/aconteceunovale.com.br\/portal\/index.php?rest_route=\/wp\/v2\/types\/post"}],"author":[{"embeddable":true,"href":"https:\/\/aconteceunovale.com.br\/portal\/index.php?rest_route=\/wp\/v2\/users\/1"}],"replies":[{"embeddable":true,"href":"https:\/\/aconteceunovale.com.br\/portal\/index.php?rest_route=%2Fwp%2Fv2%2Fcomments&post=117777"}],"version-history":[{"count":0,"href":"https:\/\/aconteceunovale.com.br\/portal\/index.php?rest_route=\/wp\/v2\/posts\/117777\/revisions"}],"wp:featuredmedia":[{"embeddable":true,"href":"https:\/\/aconteceunovale.com.br\/portal\/index.php?rest_route=\/wp\/v2\/media\/117779"}],"wp:attachment":[{"href":"https:\/\/aconteceunovale.com.br\/portal\/index.php?rest_route=%2Fwp%2Fv2%2Fmedia&parent=117777"}],"wp:term":[{"taxonomy":"category","embeddable":true,"href":"https:\/\/aconteceunovale.com.br\/portal\/index.php?rest_route=%2Fwp%2Fv2%2Fcategories&post=117777"},{"taxonomy":"post_tag","embeddable":true,"href":"https:\/\/aconteceunovale.com.br\/portal\/index.php?rest_route=%2Fwp%2Fv2%2Ftags&post=117777"}],"curies":[{"name":"wp","href":"https:\/\/api.w.org\/{rel}","templated":true}]}}